{"id":2281,"date":"2022-08-19T15:00:28","date_gmt":"2022-08-19T18:00:28","guid":{"rendered":"https:\/\/comunicartesanluis.com\/?p=2281"},"modified":"2022-08-19T15:00:28","modified_gmt":"2022-08-19T18:00:28","slug":"ganen-o-caminan-la-intimidante-amenaza-a-los-jugadores-de-lanus","status":"publish","type":"post","link":"https:\/\/comunicartesanluis.com\/index.php\/2022\/08\/19\/ganen-o-caminan-la-intimidante-amenaza-a-los-jugadores-de-lanus\/","title":{"rendered":"\u201dGanen o Caminan\u201d la intimidante amenaza a los jugadores de Lan\u00fas"},"content":{"rendered":"<p>Los carteles intimidatorios aparecieron esta ma\u00f1ana en las inmediaciones al estadio y el polideportivo del Granate, quien figura en el \u00faltimo lugar en la tabla de posiciones de la Liga Profesional y en la Tabla Anual.<\/p>\n<p>Los mensajes, los cuales se sospecha serian mensajes de la barra brava, denominada La 14, aparecen a pocas horas del partido que se disputara este domingo, desde las 13, ante Arsenal de Sarand\u00ed.<\/p>\n<p>\u201cGanen o caminen\u201d, acompa\u00f1ados de un emoji de un fuego y un auto, haciendo referencia a los sucesos d\u00edas atr\u00e1s con los futbolistas de Aldosivi, quienes sufrieron la quema de sus veh\u00edculos luego de una derrota contra Godoy Cruz en Mendoza.<\/p>\n<p><img decoding=\"async\" class=\"alignnone  wp-image-2283\" src=\"https:\/\/comunicartesanluis.com\/v1\/wp-content\/uploads\/2022\/08\/cartel-2-300x238.jpg\" alt=\"\" width=\"285\" height=\"226\" srcset=\"https:\/\/comunicartesanluis.com\/v1\/wp-content\/uploads\/2022\/08\/cartel-2-200x159.jpg 200w, https:\/\/comunicartesanluis.com\/v1\/wp-content\/uploads\/2022\/08\/cartel-2-300x238.jpg 300w, https:\/\/comunicartesanluis.com\/v1\/wp-content\/uploads\/2022\/08\/cartel-2-400x317.jpg 400w, https:\/\/comunicartesanluis.com\/v1\/wp-content\/uploads\/2022\/08\/cartel-2-600x476.jpg 600w, https:\/\/comunicartesanluis.com\/v1\/wp-content\/uploads\/2022\/08\/cartel-2-768x609.jpg 768w, https:\/\/comunicartesanluis.com\/v1\/wp-content\/uploads\/2022\/08\/cartel-2-800x634.jpg 800w, https:\/\/comunicartesanluis.com\/v1\/wp-content\/uploads\/2022\/08\/cartel-2.jpg 826w\" sizes=\"(max-width: 285px) 100vw, 285px\" \/><\/p>\n<p>Adem\u00e1s de las amenazadas a Lan\u00fas, en las cercan\u00edas al estadio Libertadores de Am\u00e9rica, Ricardo Enrique Bochini, apareci\u00f3 otro amenazante pasacalle con la frase \u201cFal$ioni, anti Rojo. And\u00e1 al frente o tomatel\u00e1s. Esto no es Banfield\u201d, dirigido obviamente hacia Julio C\u00e9sar Falcioni, a poco de dos semanas de su regreso al club de Avellaneda.<\/p>\n<p>Dada los \u00faltimos acontecimientos, y teniendo cuenta el antecedente de Aldosivi -viene de jugar a puertas cerradas-, no se descarta que alg\u00fan organismo de seguridad adopte alg\u00fan tipo de medida respecto del p\u00fablico en el encuentro.<\/p>\n<p><img decoding=\"async\" class=\"alignnone size-medium wp-image-2284\" src=\"https:\/\/comunicartesanluis.com\/v1\/wp-content\/uploads\/2022\/08\/cartel-3-300x168.jpg\" alt=\"\" width=\"300\" height=\"168\" srcset=\"https:\/\/comunicartesanluis.com\/v1\/wp-content\/uploads\/2022\/08\/cartel-3-200x112.jpg 200w, https:\/\/comunicartesanluis.com\/v1\/wp-content\/uploads\/2022\/08\/cartel-3-300x168.jpg 300w, https:\/\/comunicartesanluis.com\/v1\/wp-content\/uploads\/2022\/08\/cartel-3-400x224.jpg 400w, https:\/\/comunicartesanluis.com\/v1\/wp-content\/uploads\/2022\/08\/cartel-3-600x336.jpg 600w, https:\/\/comunicartesanluis.com\/v1\/wp-content\/uploads\/2022\/08\/cartel-3-768x430.jpg 768w, https:\/\/comunicartesanluis.com\/v1\/wp-content\/uploads\/2022\/08\/cartel-3-800x448.jpg 800w, https:\/\/comunicartesanluis.com\/v1\/wp-content\/uploads\/2022\/08\/cartel-3.jpg 821w\" sizes=\"(max-width: 300px) 100vw, 300px\" \/><\/p>\n","protected":false},"excerpt":{"rendered":"<p>Fue la advertencia a los jugadores del Granate mediante pasacalles que aparecieron esta ma\u00f1ana en las inmediaciones al estadio, luego de la \u00faltima derrota en el campeonato local. Seg\u00fan se supo extraoficialmente, no se descarta que el partido ante Arsenal de Sarand\u00ed, podr\u00eda realizarse a puertas cerradas.<\/p>\n","protected":false},"author":3,"featured_media":2282,"comment_status":"open","ping_status":"open","sticky":false,"template":"","format":"standard","meta":{"_jetpack_memberships_contains_paid_content":false,"footnotes":""},"categories":[8,15,17],"tags":[],"class_list":["post-2281","post","type-post","status-publish","format-standard","has-post-thumbnail","hentry","category-actualidad","category-deporte","category-nacional"],"jetpack_featured_media_url":"https:\/\/comunicartesanluis.com\/v1\/wp-content\/uploads\/2022\/08\/cartel-1.jpg","jetpack_sharing_enabled":true,"_links":{"self":[{"href":"https:\/\/comunicartesanluis.com\/index.php\/wp-json\/wp\/v2\/posts\/2281","targetHints":{"allow":["GET"]}}],"collection":[{"href":"https:\/\/comunicartesanluis.com\/index.php\/wp-json\/wp\/v2\/posts"}],"about":[{"href":"https:\/\/comunicartesanluis.com\/index.php\/wp-json\/wp\/v2\/types\/post"}],"author":[{"embeddable":true,"href":"https:\/\/comunicartesanluis.com\/index.php\/wp-json\/wp\/v2\/users\/3"}],"replies":[{"embeddable":true,"href":"https:\/\/comunicartesanluis.com\/index.php\/wp-json\/wp\/v2\/comments?post=2281"}],"version-history":[{"count":2,"href":"https:\/\/comunicartesanluis.com\/index.php\/wp-json\/wp\/v2\/posts\/2281\/revisions"}],"predecessor-version":[{"id":2286,"href":"https:\/\/comunicartesanluis.com\/index.php\/wp-json\/wp\/v2\/posts\/2281\/revisions\/2286"}],"wp:featuredmedia":[{"embeddable":true,"href":"https:\/\/comunicartesanluis.com\/index.php\/wp-json\/wp\/v2\/media\/2282"}],"wp:attachment":[{"href":"https:\/\/comunicartesanluis.com\/index.php\/wp-json\/wp\/v2\/media?parent=2281"}],"wp:term":[{"taxonomy":"category","embeddable":true,"href":"https:\/\/comunicartesanluis.com\/index.php\/wp-json\/wp\/v2\/categories?post=2281"},{"taxonomy":"post_tag","embeddable":true,"href":"https:\/\/comunicartesanluis.com\/index.php\/wp-json\/wp\/v2\/tags?post=2281"}],"curies":[{"name":"wp","href":"https:\/\/api.w.org\/{rel}","templated":true}]}}