{"id":2475,"date":"2022-08-26T15:52:06","date_gmt":"2022-08-26T18:52:06","guid":{"rendered":"https:\/\/comunicartesanluis.com\/?p=2475"},"modified":"2022-08-26T15:52:06","modified_gmt":"2022-08-26T18:52:06","slug":"la-campeona-nacional-en-3-000-mtrs-es-puntana","status":"publish","type":"post","link":"https:\/\/comunicartesanluis.com\/index.php\/2022\/08\/26\/la-campeona-nacional-en-3-000-mtrs-es-puntana\/","title":{"rendered":"La campeona nacional en 3.000 mtrs es puntana"},"content":{"rendered":"<p>La joven corredora, entrenada por Luisa P\u00e1ez y Mario Rosales, grandes referentes del atletismo de la provincia, logr\u00f3 lo imposible. De tener todas las dudas, con tiempos que no llegaban a la m\u00ednima para clasificar a quedar convocada.<\/p>\n<p>Antes del evaluativo en el Pedro Presti, San Luis, la puntana no se sent\u00eda confiada, pero en all\u00ed,\u00a0 dio todo, mejor\u00f3 su marca y logr\u00f3 su Personal Best con 11.03.12 y la confianza para el nacional empez\u00f3 a crecer.<\/p>\n<p><img decoding=\"async\" class=\"aligncenter wp-image-2480 size-large\" src=\"https:\/\/comunicartesanluis.com\/v1\/wp-content\/uploads\/2022\/08\/WhatsApp-Image-2022-08-26-at-3.42.10-PM-766x1024.jpeg\" alt=\"\" width=\"766\" height=\"1024\" srcset=\"https:\/\/comunicartesanluis.com\/v1\/wp-content\/uploads\/2022\/08\/WhatsApp-Image-2022-08-26-at-3.42.10-PM-200x267.jpeg 200w, https:\/\/comunicartesanluis.com\/v1\/wp-content\/uploads\/2022\/08\/WhatsApp-Image-2022-08-26-at-3.42.10-PM-225x300.jpeg 225w, https:\/\/comunicartesanluis.com\/v1\/wp-content\/uploads\/2022\/08\/WhatsApp-Image-2022-08-26-at-3.42.10-PM-400x534.jpeg 400w, https:\/\/comunicartesanluis.com\/v1\/wp-content\/uploads\/2022\/08\/WhatsApp-Image-2022-08-26-at-3.42.10-PM-600x802.jpeg 600w, https:\/\/comunicartesanluis.com\/v1\/wp-content\/uploads\/2022\/08\/WhatsApp-Image-2022-08-26-at-3.42.10-PM-766x1024.jpeg 766w, https:\/\/comunicartesanluis.com\/v1\/wp-content\/uploads\/2022\/08\/WhatsApp-Image-2022-08-26-at-3.42.10-PM-768x1026.jpeg 768w, https:\/\/comunicartesanluis.com\/v1\/wp-content\/uploads\/2022\/08\/WhatsApp-Image-2022-08-26-at-3.42.10-PM-800x1069.jpeg 800w, https:\/\/comunicartesanluis.com\/v1\/wp-content\/uploads\/2022\/08\/WhatsApp-Image-2022-08-26-at-3.42.10-PM.jpeg 958w\" sizes=\"(max-width: 766px) 100vw, 766px\" \/><\/p>\n<p>Paso una semana y Sof\u00eda, viajo al Chaco con la idea de mejorar marcas, no sab\u00eda que el nacional tambi\u00e9n era evaluativo para el sudamericano.<\/p>\n<p>El 7\/8 ser\u00eda la fecha hist\u00f3rica, Costa se consagrar\u00eda campeona en los 3.000 mtrs y un frase escuchada en el podio le quedar\u00eda grabada, \u201cMuy buen tiempo para el suda\u201d y le qued\u00f3 dando vueltas en su cabeza.<\/p>\n<div id=\"attachment_2477\" style=\"width: 968px\" class=\"wp-caption aligncenter\"><img decoding=\"async\" aria-describedby=\"caption-attachment-2477\" class=\"wp-image-2477 size-full\" src=\"https:\/\/comunicartesanluis.com\/v1\/wp-content\/uploads\/2022\/08\/WhatsApp-Image-2022-08-26-at-3.42.11-PM.jpeg\" alt=\"\" width=\"958\" height=\"1280\" srcset=\"https:\/\/comunicartesanluis.com\/v1\/wp-content\/uploads\/2022\/08\/WhatsApp-Image-2022-08-26-at-3.42.11-PM-200x267.jpeg 200w, https:\/\/comunicartesanluis.com\/v1\/wp-content\/uploads\/2022\/08\/WhatsApp-Image-2022-08-26-at-3.42.11-PM-225x300.jpeg 225w, https:\/\/comunicartesanluis.com\/v1\/wp-content\/uploads\/2022\/08\/WhatsApp-Image-2022-08-26-at-3.42.11-PM-400x534.jpeg 400w, https:\/\/comunicartesanluis.com\/v1\/wp-content\/uploads\/2022\/08\/WhatsApp-Image-2022-08-26-at-3.42.11-PM-600x802.jpeg 600w, https:\/\/comunicartesanluis.com\/v1\/wp-content\/uploads\/2022\/08\/WhatsApp-Image-2022-08-26-at-3.42.11-PM-766x1024.jpeg 766w, https:\/\/comunicartesanluis.com\/v1\/wp-content\/uploads\/2022\/08\/WhatsApp-Image-2022-08-26-at-3.42.11-PM-768x1026.jpeg 768w, https:\/\/comunicartesanluis.com\/v1\/wp-content\/uploads\/2022\/08\/WhatsApp-Image-2022-08-26-at-3.42.11-PM-800x1069.jpeg 800w, https:\/\/comunicartesanluis.com\/v1\/wp-content\/uploads\/2022\/08\/WhatsApp-Image-2022-08-26-at-3.42.11-PM.jpeg 958w\" sizes=\"(max-width: 958px) 100vw, 958px\" \/><p id=\"caption-attachment-2477\" class=\"wp-caption-text\">Campeona Nacional en 3.000 mtrs. Premiaci\u00f3n.<\/p><\/div>\n<p>Diez d\u00edas despu\u00e9s la noticia llegar\u00eda a la familia y Sof\u00eda no ca\u00eda, en voz de sus entrenadores y por videollamada, la puntana se enteraba de que estaba convocada para el sudamericano en Brasil.<\/p>\n<p>En preparaci\u00f3n para el mismo, la puntana, viajar\u00e1 al Nac U23 en Posadas (Misiones) donde correr\u00e1 los 5.000 mts para luego ya enfocarse en los sudamericanos.<\/p>\n<p><img decoding=\"async\" class=\"aligncenter wp-image-2476 size-full\" src=\"https:\/\/comunicartesanluis.com\/v1\/wp-content\/uploads\/2022\/08\/WhatsApp-Image-2022-08-26-at-3.42.13-PM.jpeg\" alt=\"\" width=\"960\" height=\"1280\" srcset=\"https:\/\/comunicartesanluis.com\/v1\/wp-content\/uploads\/2022\/08\/WhatsApp-Image-2022-08-26-at-3.42.13-PM-200x267.jpeg 200w, https:\/\/comunicartesanluis.com\/v1\/wp-content\/uploads\/2022\/08\/WhatsApp-Image-2022-08-26-at-3.42.13-PM-225x300.jpeg 225w, https:\/\/comunicartesanluis.com\/v1\/wp-content\/uploads\/2022\/08\/WhatsApp-Image-2022-08-26-at-3.42.13-PM-400x533.jpeg 400w, https:\/\/comunicartesanluis.com\/v1\/wp-content\/uploads\/2022\/08\/WhatsApp-Image-2022-08-26-at-3.42.13-PM-600x800.jpeg 600w, https:\/\/comunicartesanluis.com\/v1\/wp-content\/uploads\/2022\/08\/WhatsApp-Image-2022-08-26-at-3.42.13-PM-768x1024.jpeg 768w, https:\/\/comunicartesanluis.com\/v1\/wp-content\/uploads\/2022\/08\/WhatsApp-Image-2022-08-26-at-3.42.13-PM-800x1067.jpeg 800w, https:\/\/comunicartesanluis.com\/v1\/wp-content\/uploads\/2022\/08\/WhatsApp-Image-2022-08-26-at-3.42.13-PM.jpeg 960w\" sizes=\"(max-width: 960px) 100vw, 960px\" \/><\/p>\n<p><strong><em>\u00a1Felicitaciones a ella!<\/em><\/strong><\/p>\n","protected":false},"excerpt":{"rendered":"<p>Sof\u00eda Costa participar\u00e1 del sudamericano del 9 al 11 de septiembre en Brasil, m\u00e1s espec\u00edficamente en San Pablo. La joven puntana de apenas 17 a\u00f1os, recientemente campeona,\u00a0 ir\u00e1 por un sue\u00f1o al representar a la Argentina.<\/p>\n","protected":false},"author":3,"featured_media":2479,"comment_status":"open","ping_status":"open","sticky":false,"template":"","format":"standard","meta":{"_jetpack_memberships_contains_paid_content":false,"footnotes":""},"categories":[15,17],"tags":[],"class_list":["post-2475","post","type-post","status-publish","format-standard","has-post-thumbnail","hentry","category-deporte","category-nacional"],"jetpack_featured_media_url":"https:\/\/comunicartesanluis.com\/v1\/wp-content\/uploads\/2022\/08\/WhatsApp-Image-2022-08-26-at-3.42.08-PM.jpeg","jetpack_sharing_enabled":true,"_links":{"self":[{"href":"https:\/\/comunicartesanluis.com\/index.php\/wp-json\/wp\/v2\/posts\/2475","targetHints":{"allow":["GET"]}}],"collection":[{"href":"https:\/\/comunicartesanluis.com\/index.php\/wp-json\/wp\/v2\/posts"}],"about":[{"href":"https:\/\/comunicartesanluis.com\/index.php\/wp-json\/wp\/v2\/types\/post"}],"author":[{"embeddable":true,"href":"https:\/\/comunicartesanluis.com\/index.php\/wp-json\/wp\/v2\/users\/3"}],"replies":[{"embeddable":true,"href":"https:\/\/comunicartesanluis.com\/index.php\/wp-json\/wp\/v2\/comments?post=2475"}],"version-history":[{"count":2,"href":"https:\/\/comunicartesanluis.com\/index.php\/wp-json\/wp\/v2\/posts\/2475\/revisions"}],"predecessor-version":[{"id":2483,"href":"https:\/\/comunicartesanluis.com\/index.php\/wp-json\/wp\/v2\/posts\/2475\/revisions\/2483"}],"wp:featuredmedia":[{"embeddable":true,"href":"https:\/\/comunicartesanluis.com\/index.php\/wp-json\/wp\/v2\/media\/2479"}],"wp:attachment":[{"href":"https:\/\/comunicartesanluis.com\/index.php\/wp-json\/wp\/v2\/media?parent=2475"}],"wp:term":[{"taxonomy":"category","embeddable":true,"href":"https:\/\/comunicartesanluis.com\/index.php\/wp-json\/wp\/v2\/categories?post=2475"},{"taxonomy":"post_tag","embeddable":true,"href":"https:\/\/comunicartesanluis.com\/index.php\/wp-json\/wp\/v2\/tags?post=2475"}],"curies":[{"name":"wp","href":"https:\/\/api.w.org\/{rel}","templated":true}]}}