{"id":2646,"date":"2022-09-01T14:50:02","date_gmt":"2022-09-01T17:50:02","guid":{"rendered":"https:\/\/comunicartesanluis.com\/?p=2646"},"modified":"2022-09-01T14:50:02","modified_gmt":"2022-09-01T17:50:02","slug":"velez-no-pudo-en-su-aniversario-contra-el-fla","status":"publish","type":"post","link":"https:\/\/comunicartesanluis.com\/index.php\/2022\/09\/01\/velez-no-pudo-en-su-aniversario-contra-el-fla\/","title":{"rendered":"V\u00e9lez no pudo en su aniversario contra el Fla"},"content":{"rendered":"<p>En lo que rodeaba una noche m\u00edstica, ya que se cumpl\u00edan 28 a\u00f1os de la libertadores hist\u00f3rica (Como te contamos ayer) Velez nunca se pudo encontrar en la cancha y fue superado en los 90 minutos por el Fla. Con \u00a0tres gritos de Pedro y un golazo de Everton Ribeiro, el dream team de Brasil sac\u00f3 chapa de campe\u00f3n m\u00e1s que nunca.<\/p>\n<p><img decoding=\"async\" class=\"aligncenter wp-image-2647 size-full\" src=\"https:\/\/comunicartesanluis.com\/v1\/wp-content\/uploads\/2022\/09\/WhatsApp-Image-2022-09-01-at-10.13.10-AM.jpeg\" alt=\"\" width=\"1280\" height=\"720\" srcset=\"https:\/\/comunicartesanluis.com\/v1\/wp-content\/uploads\/2022\/09\/WhatsApp-Image-2022-09-01-at-10.13.10-AM-200x113.jpeg 200w, https:\/\/comunicartesanluis.com\/v1\/wp-content\/uploads\/2022\/09\/WhatsApp-Image-2022-09-01-at-10.13.10-AM-300x169.jpeg 300w, https:\/\/comunicartesanluis.com\/v1\/wp-content\/uploads\/2022\/09\/WhatsApp-Image-2022-09-01-at-10.13.10-AM-400x225.jpeg 400w, https:\/\/comunicartesanluis.com\/v1\/wp-content\/uploads\/2022\/09\/WhatsApp-Image-2022-09-01-at-10.13.10-AM-600x338.jpeg 600w, https:\/\/comunicartesanluis.com\/v1\/wp-content\/uploads\/2022\/09\/WhatsApp-Image-2022-09-01-at-10.13.10-AM-768x432.jpeg 768w, https:\/\/comunicartesanluis.com\/v1\/wp-content\/uploads\/2022\/09\/WhatsApp-Image-2022-09-01-at-10.13.10-AM-800x450.jpeg 800w, https:\/\/comunicartesanluis.com\/v1\/wp-content\/uploads\/2022\/09\/WhatsApp-Image-2022-09-01-at-10.13.10-AM-1024x576.jpeg 1024w, https:\/\/comunicartesanluis.com\/v1\/wp-content\/uploads\/2022\/09\/WhatsApp-Image-2022-09-01-at-10.13.10-AM-1200x675.jpeg 1200w, https:\/\/comunicartesanluis.com\/v1\/wp-content\/uploads\/2022\/09\/WhatsApp-Image-2022-09-01-at-10.13.10-AM.jpeg 1280w\" sizes=\"(max-width: 1280px) 100vw, 1280px\" \/><\/p>\n<p>&nbsp;<\/p>\n<p>V\u00e9lez estaba preparando la fiesta y se fueron con las manos vacias. Despu\u00e9s de 11 largos a\u00f1os, el Fort\u00edn volv\u00eda a una instancia de semifinal con la ilusi\u00f3n de otra haza\u00f1a, pero choco con una realidad m\u00e1s que dura, ayer no hubo ni turu flores, ni trotta ni Chilavert, ayer el equipo de Villa Luro se encontr\u00f3 falto de experiencia. El equipo joven de tantas ilusiones, no pudo con el experimentado Flamengo.<\/p>\n<p>Con distintas realidades econ\u00f3micas, ya se pod\u00eda decir que el Fla lo ganaban antes de jugar. En el banco brasilero ten\u00edamos nombres como Everton y Arturo Vidal, del lado del fort\u00edn solo God\u00edn lesionado y no concentrado.<\/p>\n<p><img decoding=\"async\" class=\"aligncenter wp-image-2649 size-full\" src=\"https:\/\/comunicartesanluis.com\/v1\/wp-content\/uploads\/2022\/09\/WhatsApp-Image-2022-09-01-at-10.12.38-AM.jpeg\" alt=\"\" width=\"900\" height=\"506\" srcset=\"https:\/\/comunicartesanluis.com\/v1\/wp-content\/uploads\/2022\/09\/WhatsApp-Image-2022-09-01-at-10.12.38-AM-200x112.jpeg 200w, https:\/\/comunicartesanluis.com\/v1\/wp-content\/uploads\/2022\/09\/WhatsApp-Image-2022-09-01-at-10.12.38-AM-300x169.jpeg 300w, https:\/\/comunicartesanluis.com\/v1\/wp-content\/uploads\/2022\/09\/WhatsApp-Image-2022-09-01-at-10.12.38-AM-400x225.jpeg 400w, https:\/\/comunicartesanluis.com\/v1\/wp-content\/uploads\/2022\/09\/WhatsApp-Image-2022-09-01-at-10.12.38-AM-600x337.jpeg 600w, https:\/\/comunicartesanluis.com\/v1\/wp-content\/uploads\/2022\/09\/WhatsApp-Image-2022-09-01-at-10.12.38-AM-768x432.jpeg 768w, https:\/\/comunicartesanluis.com\/v1\/wp-content\/uploads\/2022\/09\/WhatsApp-Image-2022-09-01-at-10.12.38-AM-800x450.jpeg 800w, https:\/\/comunicartesanluis.com\/v1\/wp-content\/uploads\/2022\/09\/WhatsApp-Image-2022-09-01-at-10.12.38-AM.jpeg 900w\" sizes=\"(max-width: 900px) 100vw, 900px\" \/><\/p>\n<p>Se vio un Flamengo muy activo, preciso y con excelencia futbolera, contra un V\u00e9lez retrasado por la precisi\u00f3n del rival. Pero para destacar del Fort\u00edn, fue el apoyo de su hinchada, que en todo momento fue apoyo de los j\u00f3venes futbolistas.<\/p>\n<p><strong><em>Ahora a buscar el milagro en Rio.<\/em><\/strong><\/p>\n","protected":false},"excerpt":{"rendered":"<p>Ayer en el Amalfitani y ante una multitud el equipo de Linier no pudo contra el duro Flamengo cayendo 0-4 y\u00a0 ahora viaja\u00a0 a Brasil por el milagro.<\/p>\n","protected":false},"author":3,"featured_media":2648,"comment_status":"open","ping_status":"open","sticky":false,"template":"","format":"standard","meta":{"_jetpack_memberships_contains_paid_content":false,"footnotes":""},"categories":[15,17],"tags":[],"class_list":["post-2646","post","type-post","status-publish","format-standard","has-post-thumbnail","hentry","category-deporte","category-nacional"],"jetpack_featured_media_url":"https:\/\/comunicartesanluis.com\/v1\/wp-content\/uploads\/2022\/09\/WhatsApp-Image-2022-09-01-at-10.12.53-AM.jpeg","jetpack_sharing_enabled":true,"_links":{"self":[{"href":"https:\/\/comunicartesanluis.com\/index.php\/wp-json\/wp\/v2\/posts\/2646","targetHints":{"allow":["GET"]}}],"collection":[{"href":"https:\/\/comunicartesanluis.com\/index.php\/wp-json\/wp\/v2\/posts"}],"about":[{"href":"https:\/\/comunicartesanluis.com\/index.php\/wp-json\/wp\/v2\/types\/post"}],"author":[{"embeddable":true,"href":"https:\/\/comunicartesanluis.com\/index.php\/wp-json\/wp\/v2\/users\/3"}],"replies":[{"embeddable":true,"href":"https:\/\/comunicartesanluis.com\/index.php\/wp-json\/wp\/v2\/comments?post=2646"}],"version-history":[{"count":1,"href":"https:\/\/comunicartesanluis.com\/index.php\/wp-json\/wp\/v2\/posts\/2646\/revisions"}],"predecessor-version":[{"id":2650,"href":"https:\/\/comunicartesanluis.com\/index.php\/wp-json\/wp\/v2\/posts\/2646\/revisions\/2650"}],"wp:featuredmedia":[{"embeddable":true,"href":"https:\/\/comunicartesanluis.com\/index.php\/wp-json\/wp\/v2\/media\/2648"}],"wp:attachment":[{"href":"https:\/\/comunicartesanluis.com\/index.php\/wp-json\/wp\/v2\/media?parent=2646"}],"wp:term":[{"taxonomy":"category","embeddable":true,"href":"https:\/\/comunicartesanluis.com\/index.php\/wp-json\/wp\/v2\/categories?post=2646"},{"taxonomy":"post_tag","embeddable":true,"href":"https:\/\/comunicartesanluis.com\/index.php\/wp-json\/wp\/v2\/tags?post=2646"}],"curies":[{"name":"wp","href":"https:\/\/api.w.org\/{rel}","templated":true}]}}