{"id":3193,"date":"2022-09-22T14:14:27","date_gmt":"2022-09-22T17:14:27","guid":{"rendered":"https:\/\/comunicartesanluis.com\/?p=3193"},"modified":"2022-09-22T14:14:27","modified_gmt":"2022-09-22T17:14:27","slug":"un-merlino-en-los-42-km-de-buenos-aires","status":"publish","type":"post","link":"https:\/\/comunicartesanluis.com\/index.php\/2022\/09\/22\/un-merlino-en-los-42-km-de-buenos-aires\/","title":{"rendered":"Un merlino en los 42 km de Buenos Aires"},"content":{"rendered":"<p>Un poco de historia<\/p>\n<p>La realizaci\u00f3n de pruebas de\u00a0<strong>\u201cgran fondo\u201d o \u201cmarat\u00f3n\u201d<\/strong>\u00a0en Bs As, tienen una gran tradici\u00f3n ya que la primera competici\u00f3n sobre un recorrido aproximado a los 40 km. tuvo lugar en 1903, entre la zona c\u00e9ntrica y el barrio de Flores. En 1910, con motivo de los festejos del Centenario de la Revoluci\u00f3n de Mayo, se realiz\u00f3 un marat\u00f3n sobre la distancia ol\u00edmpica (42.195 metros, instituida poco antes) y fue ganada por la gran estrella de aquellos tiempos y protagonista de los Juegos Ol\u00edmpicos de Londres, el italiano Dorando Pietri.<\/p>\n<p><img decoding=\"async\" class=\"wp-image-3194  aligncenter\" src=\"https:\/\/comunicartesanluis.com\/v1\/wp-content\/uploads\/2022\/09\/WhatsApp-Image-2022-09-20-at-13.27.44-1.jpeg\" alt=\"\" width=\"940\" height=\"705\" srcset=\"https:\/\/comunicartesanluis.com\/v1\/wp-content\/uploads\/2022\/09\/WhatsApp-Image-2022-09-20-at-13.27.44-1-200x150.jpeg 200w, https:\/\/comunicartesanluis.com\/v1\/wp-content\/uploads\/2022\/09\/WhatsApp-Image-2022-09-20-at-13.27.44-1-300x225.jpeg 300w, https:\/\/comunicartesanluis.com\/v1\/wp-content\/uploads\/2022\/09\/WhatsApp-Image-2022-09-20-at-13.27.44-1-400x300.jpeg 400w, https:\/\/comunicartesanluis.com\/v1\/wp-content\/uploads\/2022\/09\/WhatsApp-Image-2022-09-20-at-13.27.44-1-600x450.jpeg 600w, https:\/\/comunicartesanluis.com\/v1\/wp-content\/uploads\/2022\/09\/WhatsApp-Image-2022-09-20-at-13.27.44-1-768x576.jpeg 768w, https:\/\/comunicartesanluis.com\/v1\/wp-content\/uploads\/2022\/09\/WhatsApp-Image-2022-09-20-at-13.27.44-1-800x600.jpeg 800w, https:\/\/comunicartesanluis.com\/v1\/wp-content\/uploads\/2022\/09\/WhatsApp-Image-2022-09-20-at-13.27.44-1-1024x768.jpeg 1024w, https:\/\/comunicartesanluis.com\/v1\/wp-content\/uploads\/2022\/09\/WhatsApp-Image-2022-09-20-at-13.27.44-1-1200x900.jpeg 1200w, https:\/\/comunicartesanluis.com\/v1\/wp-content\/uploads\/2022\/09\/WhatsApp-Image-2022-09-20-at-13.27.44-1.jpeg 1280w\" sizes=\"(max-width: 940px) 100vw, 940px\" \/><\/p>\n<p>Pero volvamos a la entrevista y quien mejor que\u00a0 Mart\u00edn para contarnos su experiencia:<\/p>\n<p><strong><em>\u201cPrincipalmente cumpl\u00ed una meta, un objetivo. Eso es una gran satisfacci\u00f3n\u201d\u00a0 <\/em><\/strong><\/p>\n<p><strong><em>\u201cDesde chico hice deporte junto a mis hermanos ya que mi pap\u00e1\u00a0 siempre hizo actividad f\u00edsica siendo \u00e9l nuestro referente al igual que mi madre en otros aspectos\u201d <\/em><\/strong><\/p>\n<p><strong><em>\u201cComo cardi\u00f3logo uno sabe que la actividad f\u00edsica es fundamental para la salud f\u00edsica, mental\u201d<\/em><\/strong><\/p>\n<p>Mart\u00edn nos cuenta como fue su progresi\u00f3n en el deporte, desde carreras m\u00e1s cortas hasta llegar a los 42 km su gran objetivo.<\/p>\n<p><strong><em>\u201cHace seis, siete a\u00f1os corr\u00ed mis primeros 21 km en Carlos Paz, en Tilisarao, San Luis y Mendoza\u201d<\/em><\/strong><\/p>\n<p>Pero faltaba el gran paso de los 42 km y Mart\u00edn sabe lo que conlleva poder correr la carrera y lograr un buen resultado<strong><em>. \u201cParece muy dif\u00edcil lograrlo, pero si uno se lo propone puede llegar\u201d<\/em><\/strong> Nos cuenta como se tuvo que preparar en los \u00faltimos tres meses y medio con un entrenamiento con un plan espec\u00edfico para poder llegar a los 42 km en buen ritmo, ya que nunca\u00a0 hab\u00eda corrido m\u00e1s de 30 km.<\/p>\n<p><strong><em>\u201cEl \u00faltimo mes de entrenamiento me desgarr\u00e9, fueron dos semanas parado y eso complic\u00f3 un poco la clasificaci\u00f3n\u201d<\/em><\/strong><\/p>\n<p>A pesar de todo pude llegar en buen ritmo y entero, nos cuenta entre risas.<\/p>\n<p><img decoding=\"async\" class=\"aligncenter wp-image-3196 \" src=\"https:\/\/comunicartesanluis.com\/v1\/wp-content\/uploads\/2022\/09\/WhatsApp-Image-2022-09-20-at-13.27.44.jpeg\" alt=\"\" width=\"865\" height=\"487\" srcset=\"https:\/\/comunicartesanluis.com\/v1\/wp-content\/uploads\/2022\/09\/WhatsApp-Image-2022-09-20-at-13.27.44-200x113.jpeg 200w, https:\/\/comunicartesanluis.com\/v1\/wp-content\/uploads\/2022\/09\/WhatsApp-Image-2022-09-20-at-13.27.44-300x169.jpeg 300w, https:\/\/comunicartesanluis.com\/v1\/wp-content\/uploads\/2022\/09\/WhatsApp-Image-2022-09-20-at-13.27.44-400x225.jpeg 400w, https:\/\/comunicartesanluis.com\/v1\/wp-content\/uploads\/2022\/09\/WhatsApp-Image-2022-09-20-at-13.27.44-600x338.jpeg 600w, https:\/\/comunicartesanluis.com\/v1\/wp-content\/uploads\/2022\/09\/WhatsApp-Image-2022-09-20-at-13.27.44-768x432.jpeg 768w, https:\/\/comunicartesanluis.com\/v1\/wp-content\/uploads\/2022\/09\/WhatsApp-Image-2022-09-20-at-13.27.44-800x450.jpeg 800w, https:\/\/comunicartesanluis.com\/v1\/wp-content\/uploads\/2022\/09\/WhatsApp-Image-2022-09-20-at-13.27.44-1024x576.jpeg 1024w, https:\/\/comunicartesanluis.com\/v1\/wp-content\/uploads\/2022\/09\/WhatsApp-Image-2022-09-20-at-13.27.44-1200x675.jpeg 1200w, https:\/\/comunicartesanluis.com\/v1\/wp-content\/uploads\/2022\/09\/WhatsApp-Image-2022-09-20-at-13.27.44-1536x864.jpeg 1536w, https:\/\/comunicartesanluis.com\/v1\/wp-content\/uploads\/2022\/09\/WhatsApp-Image-2022-09-20-at-13.27.44.jpeg 1600w\" sizes=\"(max-width: 865px) 100vw, 865px\" \/><\/p>\n<p><strong><em>\u201cYo era el \u00fanico que faltaba correr los 42 de mi familia, ya que me acompa\u00f1aron mi padre y mi hermano menor los cuales ya hab\u00edan participado\u201d<\/em><\/strong><\/p>\n<p>Los 42 km son la perla del Marat\u00f3n Argentino, con corredores de todos lados y con una organizaci\u00f3n a niveles internacionales.<\/p>\n<p><strong><em>\u201cHay que destacar que los corredores en su mayor\u00eda corren por metas personales, solo 10 o 50 en cada categor\u00eda compiten por el podio\u201d <\/em><\/strong><\/p>\n<p><strong><em>\u201cUn par de amigos me dieron mucho aliento y mi fisioterapeuta que logr\u00f3 que me\u00a0 recupere de mi\u00a0 lesi\u00f3n, Laura Aguilera\u201d<\/em><\/strong><\/p>\n<p>Mart\u00edn ya piensa en sus pr\u00f3ximos 42 km y en mejorar su tiempo personal. Es muy agradecido a su familia y amigos por el constante apoyo.<\/p>\n<p><em>Como modo de vida no parara hasta el pr\u00f3ximo marat\u00f3n. <\/em><\/p>\n","protected":false},"excerpt":{"rendered":"<p>El corredor merlino Martin Pereyra, cardi\u00f3logo de profesi\u00f3n, corri\u00f3 el 42km de Bs As, donde pudo lograr superar sus expectativas y representar a Merlo.<\/p>\n","protected":false},"author":3,"featured_media":3195,"comment_status":"open","ping_status":"open","sticky":false,"template":"","format":"standard","meta":{"_jetpack_memberships_contains_paid_content":false,"footnotes":""},"categories":[15,16,17,332],"tags":[],"class_list":["post-3193","post","type-post","status-publish","format-standard","has-post-thumbnail","hentry","category-deporte","category-local","category-nacional","category-no-mostrar-en-portada"],"jetpack_featured_media_url":"https:\/\/comunicartesanluis.com\/v1\/wp-content\/uploads\/2022\/09\/WhatsApp-Image-2022-09-20-at-13.27.45.jpeg","jetpack_sharing_enabled":true,"_links":{"self":[{"href":"https:\/\/comunicartesanluis.com\/index.php\/wp-json\/wp\/v2\/posts\/3193","targetHints":{"allow":["GET"]}}],"collection":[{"href":"https:\/\/comunicartesanluis.com\/index.php\/wp-json\/wp\/v2\/posts"}],"about":[{"href":"https:\/\/comunicartesanluis.com\/index.php\/wp-json\/wp\/v2\/types\/post"}],"author":[{"embeddable":true,"href":"https:\/\/comunicartesanluis.com\/index.php\/wp-json\/wp\/v2\/users\/3"}],"replies":[{"embeddable":true,"href":"https:\/\/comunicartesanluis.com\/index.php\/wp-json\/wp\/v2\/comments?post=3193"}],"version-history":[{"count":1,"href":"https:\/\/comunicartesanluis.com\/index.php\/wp-json\/wp\/v2\/posts\/3193\/revisions"}],"predecessor-version":[{"id":3197,"href":"https:\/\/comunicartesanluis.com\/index.php\/wp-json\/wp\/v2\/posts\/3193\/revisions\/3197"}],"wp:featuredmedia":[{"embeddable":true,"href":"https:\/\/comunicartesanluis.com\/index.php\/wp-json\/wp\/v2\/media\/3195"}],"wp:attachment":[{"href":"https:\/\/comunicartesanluis.com\/index.php\/wp-json\/wp\/v2\/media?parent=3193"}],"wp:term":[{"taxonomy":"category","embeddable":true,"href":"https:\/\/comunicartesanluis.com\/index.php\/wp-json\/wp\/v2\/categories?post=3193"},{"taxonomy":"post_tag","embeddable":true,"href":"https:\/\/comunicartesanluis.com\/index.php\/wp-json\/wp\/v2\/tags?post=3193"}],"curies":[{"name":"wp","href":"https:\/\/api.w.org\/{rel}","templated":true}]}}