{"id":3253,"date":"2022-09-26T10:04:01","date_gmt":"2022-09-26T13:04:01","guid":{"rendered":"https:\/\/comunicartesanluis.com\/?p=3253"},"modified":"2022-09-29T11:41:50","modified_gmt":"2022-09-29T14:41:50","slug":"belgrano-se-consagro-campeon-de-la-primera-nacional-y-retorno-a-primera","status":"publish","type":"post","link":"https:\/\/comunicartesanluis.com\/index.php\/2022\/09\/26\/belgrano-se-consagro-campeon-de-la-primera-nacional-y-retorno-a-primera\/","title":{"rendered":"Belgrano se consagr\u00f3 campe\u00f3n de la Primera Nacional y retorn\u00f3 a Primera."},"content":{"rendered":"<p>Con dos goles de penal de\u00a0Pablo Vegetti\u00a0y otro de\u00a0Joaqu\u00edn Susvielles,\u00a0Belgrano de C\u00f3rdoba\u00a0le gan\u00f3 3-2 a\u00a0Brown de Adrogu\u00e9, que se hab\u00eda puesto en ventaja dos veces tras los tantos de\u00a0Franco Ben\u00edtez\u00a0y\u00a0Juan Mendoza, por la fecha 35 de la\u00a0Primera Nacional. El Pirata logr\u00f3 dar la vuelta ol\u00edmpica en el Estadio San Nicol\u00e1s de los Arroyos, ya que luego de vencer al Tricolor, se consagr\u00f3 campe\u00f3n y obtuvo el tan ansiado ascenso a la\u00a0Liga Profesional.<\/p>\n<div id=\"attachment_3254\" style=\"width: 986px\" class=\"wp-caption aligncenter\"><img decoding=\"async\" aria-describedby=\"caption-attachment-3254\" class=\"wp-image-3254\" src=\"https:\/\/comunicartesanluis.com\/v1\/wp-content\/uploads\/2022\/09\/WhatsApp-Image-2022-09-26-at-10.01.37.jpeg\" alt=\"\" width=\"976\" height=\"645\" srcset=\"https:\/\/comunicartesanluis.com\/v1\/wp-content\/uploads\/2022\/09\/WhatsApp-Image-2022-09-26-at-10.01.37-200x132.jpeg 200w, https:\/\/comunicartesanluis.com\/v1\/wp-content\/uploads\/2022\/09\/WhatsApp-Image-2022-09-26-at-10.01.37-300x198.jpeg 300w, https:\/\/comunicartesanluis.com\/v1\/wp-content\/uploads\/2022\/09\/WhatsApp-Image-2022-09-26-at-10.01.37-400x264.jpeg 400w, https:\/\/comunicartesanluis.com\/v1\/wp-content\/uploads\/2022\/09\/WhatsApp-Image-2022-09-26-at-10.01.37-600x397.jpeg 600w, https:\/\/comunicartesanluis.com\/v1\/wp-content\/uploads\/2022\/09\/WhatsApp-Image-2022-09-26-at-10.01.37-768x508.jpeg 768w, https:\/\/comunicartesanluis.com\/v1\/wp-content\/uploads\/2022\/09\/WhatsApp-Image-2022-09-26-at-10.01.37-800x529.jpeg 800w, https:\/\/comunicartesanluis.com\/v1\/wp-content\/uploads\/2022\/09\/WhatsApp-Image-2022-09-26-at-10.01.37-1024x677.jpeg 1024w, https:\/\/comunicartesanluis.com\/v1\/wp-content\/uploads\/2022\/09\/WhatsApp-Image-2022-09-26-at-10.01.37.jpeg 1200w\" sizes=\"(max-width: 976px) 100vw, 976px\" \/><p id=\"caption-attachment-3254\" class=\"wp-caption-text\">foto: La Voz<\/p><\/div>\n<p>El conjunto cordob\u00e9s fue el que siempre tuvo el dominio de la pelota. Sin embargo, a pesar de las primeras aproximaciones, los dirigidos por\u00a0Pablo Vic\u00f3\u00a0abrieron el marcador. Luego de una desatenci\u00f3n en el fondo del equipo conducido por\u00a0Guillermo Farr\u00e9,\u00a0Ben\u00edtez\u00a0defini\u00f3 de gran manera por encima de\u00a0Nahuel Losada.<\/p>\n<p>Apenas unos minutos m\u00e1s tarde, la B lleg\u00f3 al empate. Despu\u00e9s de una falta de\u00a0Luciano Balbi\u00a0sobre el goleador del puntero del certamen, que volv\u00eda del fuera de juego,\u00a0Vegetti\u00a0volvi\u00f3 a poner la paridad en el encuentro. Luego del tanto,\u00a0Belgrano\u00a0volvi\u00f3 a tener el orden que tuvo al comienzo del partido: la tenencia de la pelota, aunque sin generarle peligro al arco defendido por\u00a0Horacio Ram\u00edrez.<\/p>\n<p>En el complemento\u00a0Brown (A)\u00a0volvi\u00f3 a ponerse en ventaja despu\u00e9s de un gran contraataque, pero tal como sucedi\u00f3 en el primer tiempo, el Pirata volvi\u00f3 a igualar el duelo instantes m\u00e1s tarde, nuevamente a trav\u00e9s de su goleador, desde los doce pasos.<\/p>\n<p><img decoding=\"async\" class=\"aligncenter wp-image-3255 size-full\" src=\"https:\/\/comunicartesanluis.com\/v1\/wp-content\/uploads\/2022\/09\/WhatsApp-Image-2022-09-26-at-10.01.12.jpeg\" alt=\"\" width=\"900\" height=\"506\" srcset=\"https:\/\/comunicartesanluis.com\/v1\/wp-content\/uploads\/2022\/09\/WhatsApp-Image-2022-09-26-at-10.01.12-200x112.jpeg 200w, https:\/\/comunicartesanluis.com\/v1\/wp-content\/uploads\/2022\/09\/WhatsApp-Image-2022-09-26-at-10.01.12-300x169.jpeg 300w, https:\/\/comunicartesanluis.com\/v1\/wp-content\/uploads\/2022\/09\/WhatsApp-Image-2022-09-26-at-10.01.12-400x225.jpeg 400w, https:\/\/comunicartesanluis.com\/v1\/wp-content\/uploads\/2022\/09\/WhatsApp-Image-2022-09-26-at-10.01.12-600x337.jpeg 600w, https:\/\/comunicartesanluis.com\/v1\/wp-content\/uploads\/2022\/09\/WhatsApp-Image-2022-09-26-at-10.01.12-768x432.jpeg 768w, https:\/\/comunicartesanluis.com\/v1\/wp-content\/uploads\/2022\/09\/WhatsApp-Image-2022-09-26-at-10.01.12-800x450.jpeg 800w, https:\/\/comunicartesanluis.com\/v1\/wp-content\/uploads\/2022\/09\/WhatsApp-Image-2022-09-26-at-10.01.12.jpeg 900w\" sizes=\"(max-width: 900px) 100vw, 900px\" \/><\/p>\n<p>A poco para finalizar el encuentro,\u00a0Joaqu\u00edn Susvielles\u00a0adelant\u00f3 a los cordobeses por primera vez en el partido. 20 minutos despu\u00e9s de haber ingresado desde el banco de suplentes, el delantero de 31 a\u00f1os sac\u00f3 un derechazo inatajable desde afuera del \u00e1rea para regresar al cuadro celeste a la Primera Divisi\u00f3n del f\u00fatbol argentino.<\/p>\n<p>&nbsp;<\/p>\n<p>&nbsp;<\/p>\n<p>&nbsp;<\/p>\n<p>Fuente: TyC Sport<\/p>\n","protected":false},"excerpt":{"rendered":"<p>El Pirata venci\u00f3 3-2 a Brown de Adrogu\u00e9 en San Nicol\u00e1s para dejar la Segunda Divisi\u00f3n del f\u00fatbol argentino y retornar a la m\u00e1xima categor\u00eda.<\/p>\n","protected":false},"author":3,"featured_media":3256,"comment_status":"open","ping_status":"open","sticky":false,"template":"","format":"standard","meta":{"_jetpack_memberships_contains_paid_content":false,"footnotes":""},"categories":[15,17,332],"tags":[],"class_list":["post-3253","post","type-post","status-publish","format-standard","has-post-thumbnail","hentry","category-deporte","category-nacional","category-no-mostrar-en-portada"],"jetpack_featured_media_url":"https:\/\/comunicartesanluis.com\/v1\/wp-content\/uploads\/2022\/09\/WhatsApp-Image-2022-09-26-at-10.00.05.jpeg","jetpack_sharing_enabled":true,"_links":{"self":[{"href":"https:\/\/comunicartesanluis.com\/index.php\/wp-json\/wp\/v2\/posts\/3253","targetHints":{"allow":["GET"]}}],"collection":[{"href":"https:\/\/comunicartesanluis.com\/index.php\/wp-json\/wp\/v2\/posts"}],"about":[{"href":"https:\/\/comunicartesanluis.com\/index.php\/wp-json\/wp\/v2\/types\/post"}],"author":[{"embeddable":true,"href":"https:\/\/comunicartesanluis.com\/index.php\/wp-json\/wp\/v2\/users\/3"}],"replies":[{"embeddable":true,"href":"https:\/\/comunicartesanluis.com\/index.php\/wp-json\/wp\/v2\/comments?post=3253"}],"version-history":[{"count":1,"href":"https:\/\/comunicartesanluis.com\/index.php\/wp-json\/wp\/v2\/posts\/3253\/revisions"}],"predecessor-version":[{"id":3257,"href":"https:\/\/comunicartesanluis.com\/index.php\/wp-json\/wp\/v2\/posts\/3253\/revisions\/3257"}],"wp:featuredmedia":[{"embeddable":true,"href":"https:\/\/comunicartesanluis.com\/index.php\/wp-json\/wp\/v2\/media\/3256"}],"wp:attachment":[{"href":"https:\/\/comunicartesanluis.com\/index.php\/wp-json\/wp\/v2\/media?parent=3253"}],"wp:term":[{"taxonomy":"category","embeddable":true,"href":"https:\/\/comunicartesanluis.com\/index.php\/wp-json\/wp\/v2\/categories?post=3253"},{"taxonomy":"post_tag","embeddable":true,"href":"https:\/\/comunicartesanluis.com\/index.php\/wp-json\/wp\/v2\/tags?post=3253"}],"curies":[{"name":"wp","href":"https:\/\/api.w.org\/{rel}","templated":true}]}}