{"id":3396,"date":"2022-09-30T20:41:23","date_gmt":"2022-09-30T23:41:23","guid":{"rendered":"https:\/\/comunicartesanluis.com\/?p=3396"},"modified":"2022-09-30T20:41:23","modified_gmt":"2022-09-30T23:41:23","slug":"trail-solidario-por-vero-filippa-y-gaston-cambareri","status":"publish","type":"post","link":"https:\/\/comunicartesanluis.com\/index.php\/2022\/09\/30\/trail-solidario-por-vero-filippa-y-gaston-cambareri\/","title":{"rendered":"Trail solidario por Vero Filippa y Gast\u00f3n Cambareri"},"content":{"rendered":"<p>A partir de las 17 hrs en el camping municipal de Merlo, los atletas podr\u00e1n acreditarse y recibir el kit para esta traves\u00eda al mirador del sol. Tendr\u00e1n la oportunidad de compartir el recorrido con las estrellas de la tarde, Ver\u00f3nica Filippa y Gast\u00f3n Cambareri.<\/p>\n<p><img decoding=\"async\" class=\"aligncenter wp-image-3399 size-full\" src=\"https:\/\/comunicartesanluis.com\/v1\/wp-content\/uploads\/2022\/09\/WhatsApp-Image-2022-09-30-at-13.13.11-1.jpeg\" alt=\"\" width=\"1080\" height=\"1070\" srcset=\"https:\/\/comunicartesanluis.com\/v1\/wp-content\/uploads\/2022\/09\/WhatsApp-Image-2022-09-30-at-13.13.11-1-66x66.jpeg 66w, https:\/\/comunicartesanluis.com\/v1\/wp-content\/uploads\/2022\/09\/WhatsApp-Image-2022-09-30-at-13.13.11-1-150x150.jpeg 150w, https:\/\/comunicartesanluis.com\/v1\/wp-content\/uploads\/2022\/09\/WhatsApp-Image-2022-09-30-at-13.13.11-1-200x198.jpeg 200w, https:\/\/comunicartesanluis.com\/v1\/wp-content\/uploads\/2022\/09\/WhatsApp-Image-2022-09-30-at-13.13.11-1-300x297.jpeg 300w, https:\/\/comunicartesanluis.com\/v1\/wp-content\/uploads\/2022\/09\/WhatsApp-Image-2022-09-30-at-13.13.11-1-400x396.jpeg 400w, https:\/\/comunicartesanluis.com\/v1\/wp-content\/uploads\/2022\/09\/WhatsApp-Image-2022-09-30-at-13.13.11-1-600x594.jpeg 600w, https:\/\/comunicartesanluis.com\/v1\/wp-content\/uploads\/2022\/09\/WhatsApp-Image-2022-09-30-at-13.13.11-1-768x761.jpeg 768w, https:\/\/comunicartesanluis.com\/v1\/wp-content\/uploads\/2022\/09\/WhatsApp-Image-2022-09-30-at-13.13.11-1-800x793.jpeg 800w, https:\/\/comunicartesanluis.com\/v1\/wp-content\/uploads\/2022\/09\/WhatsApp-Image-2022-09-30-at-13.13.11-1-1024x1015.jpeg 1024w, https:\/\/comunicartesanluis.com\/v1\/wp-content\/uploads\/2022\/09\/WhatsApp-Image-2022-09-30-at-13.13.11-1.jpeg 1080w\" sizes=\"(max-width: 1080px) 100vw, 1080px\" \/><\/p>\n<p>Organizado por La Municipalidad de Merlo, la Secretaria de Deportes y Merlo Trail, la jornada promete una aventura \u00fanica, con vistas de nuestro querido valle.<\/p>\n<p>Hablamos con David Vaez de Merlo Trail y nos contaba:<\/p>\n<p>\u201cLa idea surgi\u00f3 desde Merlo Trail Run cuando nos enteramos que Vero y Gast\u00f3n, corredores de nuestra provincia, fueron seleccionados para representarnos en el mundial y no contar\u00edan con el apoyo de la CAA (Confederaci\u00f3n de Atletismo Argentina)\u201d<\/p>\n<p>\u201cTodos al mundial, tiene el objetivo de apoyar a los corredores nombrados para que puedan viajar a Tailanda, ya que los costos son alt\u00edsimos. Desde las 18 hrs haremos la largada al mirador del sol y al final de la carrera cada uno de los corredores recibir\u00e1 su medalla\u201d<\/p>\n<p>La castense Filippa, radicada hace varios a\u00f1os en San Luis, ya tuvo experiencia en vestir la albiceleste porque compiti\u00f3 en el Mundial 2019 en Villa La Angostura; y desde hace varios a\u00f1os es protagonista en los campeonatos nacionales y recibe convocatorias para integrar el seleccionado nacional.<\/p>\n<p><img decoding=\"async\" class=\"aligncenter wp-image-3400 size-full\" src=\"https:\/\/comunicartesanluis.com\/v1\/wp-content\/uploads\/2022\/09\/WhatsApp-Image-2022-09-30-at-13.13.11.jpeg\" alt=\"\" width=\"1080\" height=\"1067\" srcset=\"https:\/\/comunicartesanluis.com\/v1\/wp-content\/uploads\/2022\/09\/WhatsApp-Image-2022-09-30-at-13.13.11-66x66.jpeg 66w, https:\/\/comunicartesanluis.com\/v1\/wp-content\/uploads\/2022\/09\/WhatsApp-Image-2022-09-30-at-13.13.11-200x198.jpeg 200w, https:\/\/comunicartesanluis.com\/v1\/wp-content\/uploads\/2022\/09\/WhatsApp-Image-2022-09-30-at-13.13.11-300x296.jpeg 300w, https:\/\/comunicartesanluis.com\/v1\/wp-content\/uploads\/2022\/09\/WhatsApp-Image-2022-09-30-at-13.13.11-400x395.jpeg 400w, https:\/\/comunicartesanluis.com\/v1\/wp-content\/uploads\/2022\/09\/WhatsApp-Image-2022-09-30-at-13.13.11-600x593.jpeg 600w, https:\/\/comunicartesanluis.com\/v1\/wp-content\/uploads\/2022\/09\/WhatsApp-Image-2022-09-30-at-13.13.11-768x759.jpeg 768w, https:\/\/comunicartesanluis.com\/v1\/wp-content\/uploads\/2022\/09\/WhatsApp-Image-2022-09-30-at-13.13.11-800x790.jpeg 800w, https:\/\/comunicartesanluis.com\/v1\/wp-content\/uploads\/2022\/09\/WhatsApp-Image-2022-09-30-at-13.13.11-1024x1012.jpeg 1024w, https:\/\/comunicartesanluis.com\/v1\/wp-content\/uploads\/2022\/09\/WhatsApp-Image-2022-09-30-at-13.13.11.jpeg 1080w\" sizes=\"(max-width: 1080px) 100vw, 1080px\" \/><\/p>\n<p>La atleta, en el Campeonato Argentino que se realiz\u00f3 \u2013el mes pasado- en Capilla del Monte, clasific\u00f3 octava en la general y gan\u00f3 en su categor\u00eda de 40 a 49 a\u00f1os. Esto le permiti\u00f3 competir inicialmente en el Sudamericano y ahora en el Mundial de Tailandia.<\/p>\n<p>Cambareri por su parte no se queda atr\u00e1s, es reciente subcampe\u00f3n sudamericano en tierra sanjuanina.<\/p>\n<p>La convocatoria<\/p>\n<p>El pasado 30 de agosto, la Confederaci\u00f3n Argentina de Atletismo, a trav\u00e9s de su Bolet\u00edn N\u00ba 51\/22 dio a conocer la lista de convocados a la Selecci\u00f3n para participar en el Campeonato Mundial de Trail y Monta\u00f1a en Chiangmai, Tailandia, del 3 al 6 de noviembre. Eran 48 atletas en cinco modalidades: U20, KM Vertical, Classic, Long Distance y Ultra Distance. Entre ellos, dos corredores de San Luis: Ver\u00f3nica Filippa y Gast\u00f3n Cambareri, gracias a su labor en los nacionales y en el Sudamericano de San Juan, a principios de agosto.<\/p>\n<p>&nbsp;<\/p>\n<p>Merlo te hace la invitaci\u00f3n, esta oportunidad \u00fanica para recorrer nuestras sierras con paisajes \u00fanicos y corriendo a la par de los atletas m\u00e1s importantes del pa\u00eds, no te lo pierdas!!!.<\/p>\n<p>&nbsp;<\/p>\n<p>&nbsp;<\/p>\n<p>&nbsp;<\/p>\n","protected":false},"excerpt":{"rendered":"<p>\u201cTodos al mundial\u201d este s\u00e1bado primero de octubre se llevara a cabo el trail solidario en apoyo de los atletas Argentinos que viajan al mundial de Tailandia.<\/p>\n","protected":false},"author":3,"featured_media":3398,"comment_status":"open","ping_status":"open","sticky":false,"template":"","format":"standard","meta":{"_jetpack_memberships_contains_paid_content":false,"footnotes":""},"categories":[15,17],"tags":[],"class_list":["post-3396","post","type-post","status-publish","format-standard","has-post-thumbnail","hentry","category-deporte","category-nacional"],"jetpack_featured_media_url":"https:\/\/comunicartesanluis.com\/v1\/wp-content\/uploads\/2022\/09\/WhatsApp-Image-2022-09-30-at-13.13.10.jpeg","jetpack_sharing_enabled":true,"_links":{"self":[{"href":"https:\/\/comunicartesanluis.com\/index.php\/wp-json\/wp\/v2\/posts\/3396","targetHints":{"allow":["GET"]}}],"collection":[{"href":"https:\/\/comunicartesanluis.com\/index.php\/wp-json\/wp\/v2\/posts"}],"about":[{"href":"https:\/\/comunicartesanluis.com\/index.php\/wp-json\/wp\/v2\/types\/post"}],"author":[{"embeddable":true,"href":"https:\/\/comunicartesanluis.com\/index.php\/wp-json\/wp\/v2\/users\/3"}],"replies":[{"embeddable":true,"href":"https:\/\/comunicartesanluis.com\/index.php\/wp-json\/wp\/v2\/comments?post=3396"}],"version-history":[{"count":1,"href":"https:\/\/comunicartesanluis.com\/index.php\/wp-json\/wp\/v2\/posts\/3396\/revisions"}],"predecessor-version":[{"id":3401,"href":"https:\/\/comunicartesanluis.com\/index.php\/wp-json\/wp\/v2\/posts\/3396\/revisions\/3401"}],"wp:featuredmedia":[{"embeddable":true,"href":"https:\/\/comunicartesanluis.com\/index.php\/wp-json\/wp\/v2\/media\/3398"}],"wp:attachment":[{"href":"https:\/\/comunicartesanluis.com\/index.php\/wp-json\/wp\/v2\/media?parent=3396"}],"wp:term":[{"taxonomy":"category","embeddable":true,"href":"https:\/\/comunicartesanluis.com\/index.php\/wp-json\/wp\/v2\/categories?post=3396"},{"taxonomy":"post_tag","embeddable":true,"href":"https:\/\/comunicartesanluis.com\/index.php\/wp-json\/wp\/v2\/tags?post=3396"}],"curies":[{"name":"wp","href":"https:\/\/api.w.org\/{rel}","templated":true}]}}