{"id":3415,"date":"2022-10-02T10:47:01","date_gmt":"2022-10-02T13:47:01","guid":{"rendered":"https:\/\/comunicartesanluis.com\/?p=3415"},"modified":"2022-10-02T10:49:32","modified_gmt":"2022-10-02T13:49:32","slug":"de-genaro-y-polanco-de-buena-cosecha","status":"publish","type":"post","link":"https:\/\/comunicartesanluis.com\/index.php\/2022\/10\/02\/de-genaro-y-polanco-de-buena-cosecha\/","title":{"rendered":"De Genaro y Polanco de buena cosecha."},"content":{"rendered":"<p>As\u00ed es, los representantes puntanos son noticia siempre, como de costumbre, esta vez en Cascabel, Brasil por el Campeonato Sudamericano u23.<\/p>\n<p>Valentina y Bruno siempre tienen actuaciones sobresalientes, pero un sudamericano est\u00e1 en otro nivel, otra exigencia.<\/p>\n<p>Fue as\u00ed que la primera presentaci\u00f3n fue la del cardenal De Genaro en 400 Mtrs c\/v logrando conseguir la presea m\u00e1s deseada, la dorada. Con un tiempo de 55.55 se qued\u00f3 con el t\u00edtulo de campe\u00f3n Sudamericano y su mejor tiempo al momento.<\/p>\n<div id=\"attachment_3420\" style=\"width: 726px\" class=\"wp-caption aligncenter\"><img decoding=\"async\" aria-describedby=\"caption-attachment-3420\" class=\"wp-image-3420 size-full\" src=\"https:\/\/comunicartesanluis.com\/v1\/wp-content\/uploads\/2022\/10\/WhatsApp-Image-2022-10-02-at-10.39.33.jpeg\" alt=\"\" width=\"716\" height=\"723\" srcset=\"https:\/\/comunicartesanluis.com\/v1\/wp-content\/uploads\/2022\/10\/WhatsApp-Image-2022-10-02-at-10.39.33-66x66.jpeg 66w, https:\/\/comunicartesanluis.com\/v1\/wp-content\/uploads\/2022\/10\/WhatsApp-Image-2022-10-02-at-10.39.33-150x150.jpeg 150w, https:\/\/comunicartesanluis.com\/v1\/wp-content\/uploads\/2022\/10\/WhatsApp-Image-2022-10-02-at-10.39.33-200x202.jpeg 200w, https:\/\/comunicartesanluis.com\/v1\/wp-content\/uploads\/2022\/10\/WhatsApp-Image-2022-10-02-at-10.39.33-297x300.jpeg 297w, https:\/\/comunicartesanluis.com\/v1\/wp-content\/uploads\/2022\/10\/WhatsApp-Image-2022-10-02-at-10.39.33-400x404.jpeg 400w, https:\/\/comunicartesanluis.com\/v1\/wp-content\/uploads\/2022\/10\/WhatsApp-Image-2022-10-02-at-10.39.33-600x606.jpeg 600w, https:\/\/comunicartesanluis.com\/v1\/wp-content\/uploads\/2022\/10\/WhatsApp-Image-2022-10-02-at-10.39.33.jpeg 716w\" sizes=\"(max-width: 716px) 100vw, 716px\" \/><p id=\"caption-attachment-3420\" class=\"wp-caption-text\"><em><strong>Bruno De Genaro y su entrenador Pedro Nadal.<\/strong><\/em><\/p><\/div>\n<p>&nbsp;<\/p>\n<p>Con poco descaso se ven\u00edan los relevos mixtos, la posta 4&#215;400, junto a Agust\u00edn Pinti, Camila Roffo y Agustina Salazar logrando un segundo puesto, con un tiempo 3.31.97 y medalla plateada, detr\u00e1s de Venezuela.<\/p>\n<p>&nbsp;<\/p>\n<p>En la segunda jornada Polanco ten\u00eda los 100m c\/v y logr\u00f3 un segundo puesto hist\u00f3rico con un tiempo de 13\u201d75, lo que la coloco entre los 10 mejores tiempos nacionales. \u201cMe voy a casa con un segundo puesto, nueva PB y un r\u00e9cord argentino en relevo 4&#215;100\u201d Resalto en las redes Valentina.<\/p>\n<div id=\"attachment_3416\" style=\"width: 880px\" class=\"wp-caption aligncenter\"><img decoding=\"async\" aria-describedby=\"caption-attachment-3416\" class=\"wp-image-3416\" src=\"https:\/\/comunicartesanluis.com\/v1\/wp-content\/uploads\/2022\/10\/309606993_629707702087581_8755667450181778188_n.jpg\" alt=\"\" width=\"870\" height=\"1088\" srcset=\"https:\/\/comunicartesanluis.com\/v1\/wp-content\/uploads\/2022\/10\/309606993_629707702087581_8755667450181778188_n-200x250.jpg 200w, https:\/\/comunicartesanluis.com\/v1\/wp-content\/uploads\/2022\/10\/309606993_629707702087581_8755667450181778188_n-240x300.jpg 240w, https:\/\/comunicartesanluis.com\/v1\/wp-content\/uploads\/2022\/10\/309606993_629707702087581_8755667450181778188_n-400x500.jpg 400w, https:\/\/comunicartesanluis.com\/v1\/wp-content\/uploads\/2022\/10\/309606993_629707702087581_8755667450181778188_n-600x750.jpg 600w, https:\/\/comunicartesanluis.com\/v1\/wp-content\/uploads\/2022\/10\/309606993_629707702087581_8755667450181778188_n-768x960.jpg 768w, https:\/\/comunicartesanluis.com\/v1\/wp-content\/uploads\/2022\/10\/309606993_629707702087581_8755667450181778188_n-800x1000.jpg 800w, https:\/\/comunicartesanluis.com\/v1\/wp-content\/uploads\/2022\/10\/309606993_629707702087581_8755667450181778188_n-819x1024.jpg 819w, https:\/\/comunicartesanluis.com\/v1\/wp-content\/uploads\/2022\/10\/309606993_629707702087581_8755667450181778188_n.jpg 1080w\" sizes=\"(max-width: 870px) 100vw, 870px\" \/><p id=\"caption-attachment-3416\" class=\"wp-caption-text\"><em><strong>Foto sujeta a derecho de autor<\/strong><\/em><\/p><\/div>\n<p>&nbsp;<\/p>\n<p>De Genaro seguir\u00eda volando, en esta ocasi\u00f3n en 4&#215;400, junto a Pedro Emmert, Mat\u00edas Falchetti y Eli\u00e1n Larrregina, consiguiendo quedarse con el oro en la posta 4&#215;400. Marcaron 3 minutos, 4 segundos y 39 cent\u00e9simas, consiguiendo r\u00e9cord nacional y el r\u00e9cord del torneo, tremendo!!!.<\/p>\n<p>Polanco tendr\u00eda la \u00faltima chance de medalla en la posta 4&#215;100 donde quedar\u00eda en 5to puesto, pero con r\u00e9cord nacional 46.39.<\/p>\n<div id=\"attachment_3418\" style=\"width: 1090px\" class=\"wp-caption aligncenter\"><img decoding=\"async\" aria-describedby=\"caption-attachment-3418\" class=\"wp-image-3418 size-full\" src=\"https:\/\/comunicartesanluis.com\/v1\/wp-content\/uploads\/2022\/10\/309834266_622530546193345_813627333748778947_n.jpg\" alt=\"\" width=\"1080\" height=\"810\" srcset=\"https:\/\/comunicartesanluis.com\/v1\/wp-content\/uploads\/2022\/10\/309834266_622530546193345_813627333748778947_n-200x150.jpg 200w, https:\/\/comunicartesanluis.com\/v1\/wp-content\/uploads\/2022\/10\/309834266_622530546193345_813627333748778947_n-300x225.jpg 300w, https:\/\/comunicartesanluis.com\/v1\/wp-content\/uploads\/2022\/10\/309834266_622530546193345_813627333748778947_n-400x300.jpg 400w, https:\/\/comunicartesanluis.com\/v1\/wp-content\/uploads\/2022\/10\/309834266_622530546193345_813627333748778947_n-600x450.jpg 600w, https:\/\/comunicartesanluis.com\/v1\/wp-content\/uploads\/2022\/10\/309834266_622530546193345_813627333748778947_n-768x576.jpg 768w, https:\/\/comunicartesanluis.com\/v1\/wp-content\/uploads\/2022\/10\/309834266_622530546193345_813627333748778947_n-800x600.jpg 800w, https:\/\/comunicartesanluis.com\/v1\/wp-content\/uploads\/2022\/10\/309834266_622530546193345_813627333748778947_n-1024x768.jpg 1024w, https:\/\/comunicartesanluis.com\/v1\/wp-content\/uploads\/2022\/10\/309834266_622530546193345_813627333748778947_n.jpg 1080w\" sizes=\"(max-width: 1080px) 100vw, 1080px\" \/><p id=\"caption-attachment-3418\" class=\"wp-caption-text\"><strong><em>Foto sujeta a derecho de autor<\/em><\/strong><\/p><\/div>\n<p>&nbsp;<\/p>\n<p>En exclusiva con Comunicarte Polanco resaltaba su felicidad:<\/p>\n<p>&nbsp;<\/p>\n<p>\u201cTermino el a\u00f1o con buenas sensaciones, pero me quedo con ganas de mucho m\u00e1s. Esta medalla la busqu\u00e9 por a\u00f1os y ahora que la consegu\u00ed estoy s\u00faper orgullosa de no haber abandonado nunca. As\u00ed que nada, todos mis logros son gracias a m\u00ed equipazo que me acompa\u00f1a siempre\u201d resalto la atleta puntana.<\/p>\n<p>&nbsp;<\/p>\n<p>Hablando del 5topuesto y record nacional nos dec\u00eda:<\/p>\n<p>&nbsp;<\/p>\n<p>\u201cEl r\u00e9cord la verdad vino de regalo y me pone muy contenta m\u00e1s que todo por las otras chicas que era su primer sudamericano y se fueron con esta alegr\u00eda hermosa\u201d<\/p>\n<div id=\"attachment_3419\" style=\"width: 1090px\" class=\"wp-caption aligncenter\"><img decoding=\"async\" aria-describedby=\"caption-attachment-3419\" class=\"wp-image-3419 size-full\" src=\"https:\/\/comunicartesanluis.com\/v1\/wp-content\/uploads\/2022\/10\/WhatsApp-Image-2022-10-02-at-10.39.36.jpeg\" alt=\"\" width=\"1080\" height=\"811\" srcset=\"https:\/\/comunicartesanluis.com\/v1\/wp-content\/uploads\/2022\/10\/WhatsApp-Image-2022-10-02-at-10.39.36-200x150.jpeg 200w, https:\/\/comunicartesanluis.com\/v1\/wp-content\/uploads\/2022\/10\/WhatsApp-Image-2022-10-02-at-10.39.36-300x225.jpeg 300w, https:\/\/comunicartesanluis.com\/v1\/wp-content\/uploads\/2022\/10\/WhatsApp-Image-2022-10-02-at-10.39.36-400x300.jpeg 400w, https:\/\/comunicartesanluis.com\/v1\/wp-content\/uploads\/2022\/10\/WhatsApp-Image-2022-10-02-at-10.39.36-600x451.jpeg 600w, https:\/\/comunicartesanluis.com\/v1\/wp-content\/uploads\/2022\/10\/WhatsApp-Image-2022-10-02-at-10.39.36-768x577.jpeg 768w, https:\/\/comunicartesanluis.com\/v1\/wp-content\/uploads\/2022\/10\/WhatsApp-Image-2022-10-02-at-10.39.36-800x601.jpeg 800w, https:\/\/comunicartesanluis.com\/v1\/wp-content\/uploads\/2022\/10\/WhatsApp-Image-2022-10-02-at-10.39.36-1024x769.jpeg 1024w, https:\/\/comunicartesanluis.com\/v1\/wp-content\/uploads\/2022\/10\/WhatsApp-Image-2022-10-02-at-10.39.36.jpeg 1080w\" sizes=\"(max-width: 1080px) 100vw, 1080px\" \/><p id=\"caption-attachment-3419\" class=\"wp-caption-text\"><em><strong>Foto sujeta a derecho de autor<\/strong><\/em><\/p><\/div>\n<p>Siempre humildes y comprometidos como profesionales, los atletas sanluise\u00f1os demuestran su gran nivel a donde van, dejando a nuestra provincia en lo m\u00e1s alto del atletismo nacional y sudamericano.<\/p>\n<p>&nbsp;<\/p>\n<p>\u00a1Felicitaciones a ELLOS!!!<\/p>\n","protected":false},"excerpt":{"rendered":"<p>Como nos tienen acostumbrados los atletas sanluise\u00f1os lograron ambos medallas en sus pruebas y en los relevos mixtos y femeninos, medallas y r\u00e9cords.<\/p>\n","protected":false},"author":3,"featured_media":3417,"comment_status":"open","ping_status":"open","sticky":false,"template":"","format":"standard","meta":{"_jetpack_memberships_contains_paid_content":false,"footnotes":""},"categories":[15,17],"tags":[],"class_list":["post-3415","post","type-post","status-publish","format-standard","has-post-thumbnail","hentry","category-deporte","category-nacional"],"jetpack_featured_media_url":"https:\/\/comunicartesanluis.com\/v1\/wp-content\/uploads\/2022\/10\/309962126_2244073149094432_260202291466120911_n-e1664718561125.jpg","jetpack_sharing_enabled":true,"_links":{"self":[{"href":"https:\/\/comunicartesanluis.com\/index.php\/wp-json\/wp\/v2\/posts\/3415","targetHints":{"allow":["GET"]}}],"collection":[{"href":"https:\/\/comunicartesanluis.com\/index.php\/wp-json\/wp\/v2\/posts"}],"about":[{"href":"https:\/\/comunicartesanluis.com\/index.php\/wp-json\/wp\/v2\/types\/post"}],"author":[{"embeddable":true,"href":"https:\/\/comunicartesanluis.com\/index.php\/wp-json\/wp\/v2\/users\/3"}],"replies":[{"embeddable":true,"href":"https:\/\/comunicartesanluis.com\/index.php\/wp-json\/wp\/v2\/comments?post=3415"}],"version-history":[{"count":1,"href":"https:\/\/comunicartesanluis.com\/index.php\/wp-json\/wp\/v2\/posts\/3415\/revisions"}],"predecessor-version":[{"id":3421,"href":"https:\/\/comunicartesanluis.com\/index.php\/wp-json\/wp\/v2\/posts\/3415\/revisions\/3421"}],"wp:featuredmedia":[{"embeddable":true,"href":"https:\/\/comunicartesanluis.com\/index.php\/wp-json\/wp\/v2\/media\/3417"}],"wp:attachment":[{"href":"https:\/\/comunicartesanluis.com\/index.php\/wp-json\/wp\/v2\/media?parent=3415"}],"wp:term":[{"taxonomy":"category","embeddable":true,"href":"https:\/\/comunicartesanluis.com\/index.php\/wp-json\/wp\/v2\/categories?post=3415"},{"taxonomy":"post_tag","embeddable":true,"href":"https:\/\/comunicartesanluis.com\/index.php\/wp-json\/wp\/v2\/tags?post=3415"}],"curies":[{"name":"wp","href":"https:\/\/api.w.org\/{rel}","templated":true}]}}