{"id":4384,"date":"2022-11-03T14:18:25","date_gmt":"2022-11-03T17:18:25","guid":{"rendered":"https:\/\/comunicartesanluis.com\/?p=4384"},"modified":"2022-11-03T14:18:25","modified_gmt":"2022-11-03T17:18:25","slug":"valentin-busso-gonzalez-con-futuro-celeste-y-blanco","status":"publish","type":"post","link":"https:\/\/comunicartesanluis.com\/index.php\/2022\/11\/03\/valentin-busso-gonzalez-con-futuro-celeste-y-blanco\/","title":{"rendered":"Valentin Busso Gonzalez con futuro celeste y blanco"},"content":{"rendered":"<p>Valent\u00edn tuvo una destacada actuaci\u00f3n en los Juegos Evita de Mar del Plata donde corri\u00f3 los tres d\u00edas de competencia logrando una actuaci\u00f3n envidiable y que llamo la atenci\u00f3n de los seleccionadores. Pero volvamos a la feliz, en un torneo con mucho nivel y chicos de todo el pa\u00eds, el puntano consigui\u00f3 medallas en 500 mts, Scratch y Puntuable.<\/p>\n<p><img decoding=\"async\" class=\"aligncenter wp-image-4387 size-large\" src=\"https:\/\/comunicartesanluis.com\/v1\/wp-content\/uploads\/2022\/11\/286262099_1039781923339085_5290582370966012532_n-1024x683.jpg\" alt=\"\" width=\"1024\" height=\"683\" srcset=\"https:\/\/comunicartesanluis.com\/v1\/wp-content\/uploads\/2022\/11\/286262099_1039781923339085_5290582370966012532_n-200x133.jpg 200w, https:\/\/comunicartesanluis.com\/v1\/wp-content\/uploads\/2022\/11\/286262099_1039781923339085_5290582370966012532_n-300x200.jpg 300w, https:\/\/comunicartesanluis.com\/v1\/wp-content\/uploads\/2022\/11\/286262099_1039781923339085_5290582370966012532_n-400x267.jpg 400w, https:\/\/comunicartesanluis.com\/v1\/wp-content\/uploads\/2022\/11\/286262099_1039781923339085_5290582370966012532_n-600x400.jpg 600w, https:\/\/comunicartesanluis.com\/v1\/wp-content\/uploads\/2022\/11\/286262099_1039781923339085_5290582370966012532_n-768x512.jpg 768w, https:\/\/comunicartesanluis.com\/v1\/wp-content\/uploads\/2022\/11\/286262099_1039781923339085_5290582370966012532_n-800x533.jpg 800w, https:\/\/comunicartesanluis.com\/v1\/wp-content\/uploads\/2022\/11\/286262099_1039781923339085_5290582370966012532_n-1024x683.jpg 1024w, https:\/\/comunicartesanluis.com\/v1\/wp-content\/uploads\/2022\/11\/286262099_1039781923339085_5290582370966012532_n.jpg 1080w\" sizes=\"(max-width: 1024px) 100vw, 1024px\" \/><br \/>\nEstos logros hicieron que tenga la posibilidad de probar para la Selecci\u00f3n Argentina.<br \/>\n\u00abFue el Sub 14 m\u00e1s completo en los tres d\u00edas, logrando medallas; adem\u00e1s desde la Selecci\u00f3n Argentina destacaron su participaci\u00f3n y est\u00e1 en la mira de la celeste y blanca \u00ab, comentaron.<\/p>\n<p><img decoding=\"async\" class=\"wp-image-4389 size-full aligncenter\" src=\"https:\/\/comunicartesanluis.com\/v1\/wp-content\/uploads\/2022\/11\/WhatsApp-Image-2022-11-03-at-12.02.08-e1667495881451.jpeg\" alt=\"\" width=\"303\" height=\"571\" srcset=\"https:\/\/comunicartesanluis.com\/v1\/wp-content\/uploads\/2022\/11\/WhatsApp-Image-2022-11-03-at-12.02.08-e1667495881451-159x300.jpeg 159w, https:\/\/comunicartesanluis.com\/v1\/wp-content\/uploads\/2022\/11\/WhatsApp-Image-2022-11-03-at-12.02.08-e1667495881451-200x377.jpeg 200w, https:\/\/comunicartesanluis.com\/v1\/wp-content\/uploads\/2022\/11\/WhatsApp-Image-2022-11-03-at-12.02.08-e1667495881451.jpeg 303w\" sizes=\"(max-width: 303px) 100vw, 303px\" \/><\/p>\n<p>Fuente: Tiempo de descuento<\/p>\n","protected":false},"excerpt":{"rendered":"<p>El ciclista de Justo Darac\u00a0prob\u00f3 para la Selecci\u00f3n Argentina de ciclismo luego de su gran presente en los Evita de Mar del Plata.<\/p>\n","protected":false},"author":3,"featured_media":4386,"comment_status":"open","ping_status":"open","sticky":false,"template":"","format":"standard","meta":{"_jetpack_memberships_contains_paid_content":false,"footnotes":""},"categories":[15,16,17],"tags":[],"class_list":["post-4384","post","type-post","status-publish","format-standard","has-post-thumbnail","hentry","category-deporte","category-local","category-nacional"],"jetpack_featured_media_url":"https:\/\/comunicartesanluis.com\/v1\/wp-content\/uploads\/2022\/11\/286286137_556858185836757_2962759330695448851_n.jpg","jetpack_sharing_enabled":true,"_links":{"self":[{"href":"https:\/\/comunicartesanluis.com\/index.php\/wp-json\/wp\/v2\/posts\/4384","targetHints":{"allow":["GET"]}}],"collection":[{"href":"https:\/\/comunicartesanluis.com\/index.php\/wp-json\/wp\/v2\/posts"}],"about":[{"href":"https:\/\/comunicartesanluis.com\/index.php\/wp-json\/wp\/v2\/types\/post"}],"author":[{"embeddable":true,"href":"https:\/\/comunicartesanluis.com\/index.php\/wp-json\/wp\/v2\/users\/3"}],"replies":[{"embeddable":true,"href":"https:\/\/comunicartesanluis.com\/index.php\/wp-json\/wp\/v2\/comments?post=4384"}],"version-history":[{"count":1,"href":"https:\/\/comunicartesanluis.com\/index.php\/wp-json\/wp\/v2\/posts\/4384\/revisions"}],"predecessor-version":[{"id":4390,"href":"https:\/\/comunicartesanluis.com\/index.php\/wp-json\/wp\/v2\/posts\/4384\/revisions\/4390"}],"wp:featuredmedia":[{"embeddable":true,"href":"https:\/\/comunicartesanluis.com\/index.php\/wp-json\/wp\/v2\/media\/4386"}],"wp:attachment":[{"href":"https:\/\/comunicartesanluis.com\/index.php\/wp-json\/wp\/v2\/media?parent=4384"}],"wp:term":[{"taxonomy":"category","embeddable":true,"href":"https:\/\/comunicartesanluis.com\/index.php\/wp-json\/wp\/v2\/categories?post=4384"},{"taxonomy":"post_tag","embeddable":true,"href":"https:\/\/comunicartesanluis.com\/index.php\/wp-json\/wp\/v2\/tags?post=4384"}],"curies":[{"name":"wp","href":"https:\/\/api.w.org\/{rel}","templated":true}]}}