{"id":4589,"date":"2022-11-10T15:12:37","date_gmt":"2022-11-10T18:12:37","guid":{"rendered":"https:\/\/comunicartesanluis.com\/?p=4589"},"modified":"2022-11-10T15:12:37","modified_gmt":"2022-11-10T18:12:37","slug":"la-escuela-de-danza-telma-calivares-a-la-final-del-nacional-en-rosario","status":"publish","type":"post","link":"https:\/\/comunicartesanluis.com\/index.php\/2022\/11\/10\/la-escuela-de-danza-telma-calivares-a-la-final-del-nacional-en-rosario\/","title":{"rendered":"La Escuela de Danza Telma Calivares a la final del nacional en Rosario."},"content":{"rendered":"<p>Gracias a la gesti\u00f3n del Intendente Juan \u00c1lvarez Pinto y el secretario de Turismo Santiago Trobo, la escuela logro pagar menos de la mitad el colectivo que va a trasportar a la provincia de Santa Fe.<\/p>\n<p>Pero quien mejor que Telma para contarnos lo que se viene y su trayectoria en nacionales:<\/p>\n<p><strong><em>\u201cTe cuento&#8230;Nuestra escuela dicta la disciplina de Jazz-contempor\u00e1neo. Tenemos una matr\u00edcula de 165 alumnas\/os desde los 2 a\u00f1os hasta m\u00e1s de 55 a\u00f1os\u201d.<\/em><\/strong><\/p>\n<p><img decoding=\"async\" class=\"aligncenter wp-image-4595 \" src=\"https:\/\/comunicartesanluis.com\/v1\/wp-content\/uploads\/2022\/11\/WhatsApp-Image-2022-11-10-at-13.18.18-e1668103791836.jpeg\" alt=\"\" width=\"1012\" height=\"599\" srcset=\"https:\/\/comunicartesanluis.com\/v1\/wp-content\/uploads\/2022\/11\/WhatsApp-Image-2022-11-10-at-13.18.18-e1668103791836-200x118.jpeg 200w, https:\/\/comunicartesanluis.com\/v1\/wp-content\/uploads\/2022\/11\/WhatsApp-Image-2022-11-10-at-13.18.18-e1668103791836-300x178.jpeg 300w, https:\/\/comunicartesanluis.com\/v1\/wp-content\/uploads\/2022\/11\/WhatsApp-Image-2022-11-10-at-13.18.18-e1668103791836-400x237.jpeg 400w, https:\/\/comunicartesanluis.com\/v1\/wp-content\/uploads\/2022\/11\/WhatsApp-Image-2022-11-10-at-13.18.18-e1668103791836-600x355.jpeg 600w, https:\/\/comunicartesanluis.com\/v1\/wp-content\/uploads\/2022\/11\/WhatsApp-Image-2022-11-10-at-13.18.18-e1668103791836-768x455.jpeg 768w, https:\/\/comunicartesanluis.com\/v1\/wp-content\/uploads\/2022\/11\/WhatsApp-Image-2022-11-10-at-13.18.18-e1668103791836-800x474.jpeg 800w, https:\/\/comunicartesanluis.com\/v1\/wp-content\/uploads\/2022\/11\/WhatsApp-Image-2022-11-10-at-13.18.18-e1668103791836-1024x606.jpeg 1024w, https:\/\/comunicartesanluis.com\/v1\/wp-content\/uploads\/2022\/11\/WhatsApp-Image-2022-11-10-at-13.18.18-e1668103791836-1200x711.jpeg 1200w, https:\/\/comunicartesanluis.com\/v1\/wp-content\/uploads\/2022\/11\/WhatsApp-Image-2022-11-10-at-13.18.18-e1668103791836.jpeg 1280w\" sizes=\"(max-width: 1012px) 100vw, 1012px\" \/><\/p>\n<p>Luego de que en el mes de Agosto participaron de la selectiva Nacional, la cual se realiz\u00f3 en Merlo, pudieron elegir 18 coreograf\u00edas y las 18 clasificaron. De esas coreos, llegaron 12 a la final, ya que el resto eran alumnas muy peque\u00f1as.<\/p>\n<p>El evento ser\u00e1 en la ciudad de Rosario, los d\u00edas 11, 12 y 13 de noviembre. La delegaci\u00f3n la componen 120 personas. 99 alumnos y 5 profes: Prof Leila Morales, Prof Naiara Bibbo; prof Brenda Barrio Nuevo, asistente Sara Badra y la prof Directora Telma Calivares\u201d. La Villa de Merlo no solo tendr\u00e1 representaci\u00f3n de un profesionalismo \u00fanico, sino que tambi\u00e9n es la delegaci\u00f3n m\u00e1s grande del Nacional, lo que demuestra el gran presente de la Danza en nuestra localidad.<\/p>\n<p><img decoding=\"async\" class=\"aligncenter wp-image-4592 size-large\" src=\"https:\/\/comunicartesanluis.com\/v1\/wp-content\/uploads\/2022\/11\/WhatsApp-Image-2022-11-10-at-13.18.19-1-1024x682.jpeg\" alt=\"\" width=\"1024\" height=\"682\" srcset=\"https:\/\/comunicartesanluis.com\/v1\/wp-content\/uploads\/2022\/11\/WhatsApp-Image-2022-11-10-at-13.18.19-1-200x133.jpeg 200w, https:\/\/comunicartesanluis.com\/v1\/wp-content\/uploads\/2022\/11\/WhatsApp-Image-2022-11-10-at-13.18.19-1-300x200.jpeg 300w, https:\/\/comunicartesanluis.com\/v1\/wp-content\/uploads\/2022\/11\/WhatsApp-Image-2022-11-10-at-13.18.19-1-400x267.jpeg 400w, https:\/\/comunicartesanluis.com\/v1\/wp-content\/uploads\/2022\/11\/WhatsApp-Image-2022-11-10-at-13.18.19-1-600x400.jpeg 600w, https:\/\/comunicartesanluis.com\/v1\/wp-content\/uploads\/2022\/11\/WhatsApp-Image-2022-11-10-at-13.18.19-1-768x512.jpeg 768w, https:\/\/comunicartesanluis.com\/v1\/wp-content\/uploads\/2022\/11\/WhatsApp-Image-2022-11-10-at-13.18.19-1-800x533.jpeg 800w, https:\/\/comunicartesanluis.com\/v1\/wp-content\/uploads\/2022\/11\/WhatsApp-Image-2022-11-10-at-13.18.19-1-1024x682.jpeg 1024w, https:\/\/comunicartesanluis.com\/v1\/wp-content\/uploads\/2022\/11\/WhatsApp-Image-2022-11-10-at-13.18.19-1-1200x800.jpeg 1200w, https:\/\/comunicartesanluis.com\/v1\/wp-content\/uploads\/2022\/11\/WhatsApp-Image-2022-11-10-at-13.18.19-1.jpeg 1280w\" sizes=\"(max-width: 1024px) 100vw, 1024px\" \/><\/p>\n<p><strong><em>\u201cNos preparamos muy bien, no solo para esto, sino para toda la carrera que brinda este maravilloso arte, que necesita de preparaci\u00f3n, dedicaci\u00f3n, estudio y mucho perfeccionamiento de los profes, m\u00e1s el apoyo de los padres sin ninguna duda\u201d. Ratifico Telma.<\/em><\/strong><\/p>\n<p>No es la primera vez que viajan a un nacional, las chicas y chicos de la escuela nos han representado muy bien a cada lugar que fueron, logrando muchos podios a lo largo de 19 a\u00f1os de participaci\u00f3n en estos mismos eventos.<\/p>\n<p><strong><em>\u201cLa verdad que mucha es la experiencia en los podios nacionales y siempre hacen podios o clasificamos para la final de finales, ya sea en Brasil o M\u00e9xico, pero bueno es un poco m\u00e1s complicado llegar hasta ah\u00ed\u201d<\/em><\/strong><\/p>\n<p><img decoding=\"async\" class=\"aligncenter wp-image-4590 size-large\" src=\"https:\/\/comunicartesanluis.com\/v1\/wp-content\/uploads\/2022\/11\/WhatsApp-Image-2022-11-10-at-13.18.21-1024x682.jpeg\" alt=\"\" width=\"1024\" height=\"682\" srcset=\"https:\/\/comunicartesanluis.com\/v1\/wp-content\/uploads\/2022\/11\/WhatsApp-Image-2022-11-10-at-13.18.21-200x133.jpeg 200w, https:\/\/comunicartesanluis.com\/v1\/wp-content\/uploads\/2022\/11\/WhatsApp-Image-2022-11-10-at-13.18.21-300x200.jpeg 300w, https:\/\/comunicartesanluis.com\/v1\/wp-content\/uploads\/2022\/11\/WhatsApp-Image-2022-11-10-at-13.18.21-400x267.jpeg 400w, https:\/\/comunicartesanluis.com\/v1\/wp-content\/uploads\/2022\/11\/WhatsApp-Image-2022-11-10-at-13.18.21-600x400.jpeg 600w, https:\/\/comunicartesanluis.com\/v1\/wp-content\/uploads\/2022\/11\/WhatsApp-Image-2022-11-10-at-13.18.21-768x512.jpeg 768w, https:\/\/comunicartesanluis.com\/v1\/wp-content\/uploads\/2022\/11\/WhatsApp-Image-2022-11-10-at-13.18.21-800x533.jpeg 800w, https:\/\/comunicartesanluis.com\/v1\/wp-content\/uploads\/2022\/11\/WhatsApp-Image-2022-11-10-at-13.18.21-1024x682.jpeg 1024w, https:\/\/comunicartesanluis.com\/v1\/wp-content\/uploads\/2022\/11\/WhatsApp-Image-2022-11-10-at-13.18.21-1200x800.jpeg 1200w, https:\/\/comunicartesanluis.com\/v1\/wp-content\/uploads\/2022\/11\/WhatsApp-Image-2022-11-10-at-13.18.21.jpeg 1280w\" sizes=\"(max-width: 1024px) 100vw, 1024px\" \/><\/p>\n<p><strong><em>\u00a0<\/em><\/strong><\/p>\n<p>La Escuela no para de dar alegr\u00edas a la Villa de Merlo y esperemos que este fin de semana vuelvan a dejar a Merlo en lo m\u00e1s alto de la Danza Nacional.<\/p>\n<p><img decoding=\"async\" class=\"aligncenter wp-image-4591 size-large\" src=\"https:\/\/comunicartesanluis.com\/v1\/wp-content\/uploads\/2022\/11\/WhatsApp-Image-2022-11-10-at-13.18.19-2-e1668103891841-824x1024.jpeg\" alt=\"\" width=\"824\" height=\"1024\" srcset=\"https:\/\/comunicartesanluis.com\/v1\/wp-content\/uploads\/2022\/11\/WhatsApp-Image-2022-11-10-at-13.18.19-2-e1668103891841-200x248.jpeg 200w, https:\/\/comunicartesanluis.com\/v1\/wp-content\/uploads\/2022\/11\/WhatsApp-Image-2022-11-10-at-13.18.19-2-e1668103891841-242x300.jpeg 242w, https:\/\/comunicartesanluis.com\/v1\/wp-content\/uploads\/2022\/11\/WhatsApp-Image-2022-11-10-at-13.18.19-2-e1668103891841-400x497.jpeg 400w, https:\/\/comunicartesanluis.com\/v1\/wp-content\/uploads\/2022\/11\/WhatsApp-Image-2022-11-10-at-13.18.19-2-e1668103891841-600x745.jpeg 600w, https:\/\/comunicartesanluis.com\/v1\/wp-content\/uploads\/2022\/11\/WhatsApp-Image-2022-11-10-at-13.18.19-2-e1668103891841-768x954.jpeg 768w, https:\/\/comunicartesanluis.com\/v1\/wp-content\/uploads\/2022\/11\/WhatsApp-Image-2022-11-10-at-13.18.19-2-e1668103891841-800x994.jpeg 800w, https:\/\/comunicartesanluis.com\/v1\/wp-content\/uploads\/2022\/11\/WhatsApp-Image-2022-11-10-at-13.18.19-2-e1668103891841-824x1024.jpeg 824w, https:\/\/comunicartesanluis.com\/v1\/wp-content\/uploads\/2022\/11\/WhatsApp-Image-2022-11-10-at-13.18.19-2-e1668103891841.jpeg 867w\" sizes=\"(max-width: 824px) 100vw, 824px\" \/><\/p>\n","protected":false},"excerpt":{"rendered":"<p>La delegaci\u00f3n de 120 personas, de los cuales 104 son alumnas\/os viajan a la final Nacional de Danza en Rosario, en la madrugada de ma\u00f1ana.<\/p>\n","protected":false},"author":3,"featured_media":4594,"comment_status":"open","ping_status":"open","sticky":false,"template":"","format":"standard","meta":{"_jetpack_memberships_contains_paid_content":false,"footnotes":""},"categories":[15,16,17],"tags":[],"class_list":["post-4589","post","type-post","status-publish","format-standard","has-post-thumbnail","hentry","category-deporte","category-local","category-nacional"],"jetpack_featured_media_url":"https:\/\/comunicartesanluis.com\/v1\/wp-content\/uploads\/2022\/11\/WhatsApp-Image-2022-11-10-at-13.18.18-1.jpeg","jetpack_sharing_enabled":true,"_links":{"self":[{"href":"https:\/\/comunicartesanluis.com\/index.php\/wp-json\/wp\/v2\/posts\/4589","targetHints":{"allow":["GET"]}}],"collection":[{"href":"https:\/\/comunicartesanluis.com\/index.php\/wp-json\/wp\/v2\/posts"}],"about":[{"href":"https:\/\/comunicartesanluis.com\/index.php\/wp-json\/wp\/v2\/types\/post"}],"author":[{"embeddable":true,"href":"https:\/\/comunicartesanluis.com\/index.php\/wp-json\/wp\/v2\/users\/3"}],"replies":[{"embeddable":true,"href":"https:\/\/comunicartesanluis.com\/index.php\/wp-json\/wp\/v2\/comments?post=4589"}],"version-history":[{"count":2,"href":"https:\/\/comunicartesanluis.com\/index.php\/wp-json\/wp\/v2\/posts\/4589\/revisions"}],"predecessor-version":[{"id":4597,"href":"https:\/\/comunicartesanluis.com\/index.php\/wp-json\/wp\/v2\/posts\/4589\/revisions\/4597"}],"wp:featuredmedia":[{"embeddable":true,"href":"https:\/\/comunicartesanluis.com\/index.php\/wp-json\/wp\/v2\/media\/4594"}],"wp:attachment":[{"href":"https:\/\/comunicartesanluis.com\/index.php\/wp-json\/wp\/v2\/media?parent=4589"}],"wp:term":[{"taxonomy":"category","embeddable":true,"href":"https:\/\/comunicartesanluis.com\/index.php\/wp-json\/wp\/v2\/categories?post=4589"},{"taxonomy":"post_tag","embeddable":true,"href":"https:\/\/comunicartesanluis.com\/index.php\/wp-json\/wp\/v2\/tags?post=4589"}],"curies":[{"name":"wp","href":"https:\/\/api.w.org\/{rel}","templated":true}]}}