{"id":6070,"date":"2023-01-16T15:16:57","date_gmt":"2023-01-16T18:16:57","guid":{"rendered":"https:\/\/comunicartesanluis.com\/?p=6070"},"modified":"2023-01-16T15:16:57","modified_gmt":"2023-01-16T18:16:57","slug":"un-dia-como-hoy-nacia-una-semi-dios-paula-pareto","status":"publish","type":"post","link":"https:\/\/comunicartesanluis.com\/index.php\/2023\/01\/16\/un-dia-como-hoy-nacia-una-semi-dios-paula-pareto\/","title":{"rendered":"Un d\u00eda como hoy nac\u00eda una semi dios, Paula Pareto!!!"},"content":{"rendered":"<p>La peque es m\u00e9dica y\u00a0yudoca\u00a0argentina. Fue\u00a0campeona mundial en 2015\u00a0y ganadora de una medalla de bronce en los\u00a0Juegos Ol\u00edmpicos de Pek\u00edn 2008\u00a0y de una medalla de oro en los\u00a0Juegos Ol\u00edmpicos de R\u00edo de Janeiro 2016.<\/p>\n<p>Pareto comenz\u00f3 a practicar\u00a0judo\u00a0a los nueve a\u00f1os junto a su hermano menor Marco (tiene adem\u00e1s una hermana mayor: Estefan\u00eda), y hasta los\u00a0Juegos Ol\u00edmpicos de Londres 2012\u00a0represent\u00f3 al\u00a0Club Estudiantes de La Plata. Fue becada por la\u00a0Secretar\u00eda de Deportes de la Naci\u00f3n\u00a0de su pa\u00eds.<\/p>\n<p><img decoding=\"async\" class=\"aligncenter wp-image-6072 size-full\" src=\"https:\/\/comunicartesanluis.com\/v1\/wp-content\/uploads\/2023\/01\/WhatsApp-Image-2023-01-16-at-15.08.19.jpeg\" alt=\"\" width=\"960\" height=\"540\" srcset=\"https:\/\/comunicartesanluis.com\/v1\/wp-content\/uploads\/2023\/01\/WhatsApp-Image-2023-01-16-at-15.08.19-200x113.jpeg 200w, https:\/\/comunicartesanluis.com\/v1\/wp-content\/uploads\/2023\/01\/WhatsApp-Image-2023-01-16-at-15.08.19-300x169.jpeg 300w, https:\/\/comunicartesanluis.com\/v1\/wp-content\/uploads\/2023\/01\/WhatsApp-Image-2023-01-16-at-15.08.19-400x225.jpeg 400w, https:\/\/comunicartesanluis.com\/v1\/wp-content\/uploads\/2023\/01\/WhatsApp-Image-2023-01-16-at-15.08.19-600x338.jpeg 600w, https:\/\/comunicartesanluis.com\/v1\/wp-content\/uploads\/2023\/01\/WhatsApp-Image-2023-01-16-at-15.08.19-768x432.jpeg 768w, https:\/\/comunicartesanluis.com\/v1\/wp-content\/uploads\/2023\/01\/WhatsApp-Image-2023-01-16-at-15.08.19-800x450.jpeg 800w, https:\/\/comunicartesanluis.com\/v1\/wp-content\/uploads\/2023\/01\/WhatsApp-Image-2023-01-16-at-15.08.19.jpeg 960w\" sizes=\"(max-width: 960px) 100vw, 960px\" \/><\/p>\n<p>El 19 de noviembre de 2014, Paula gan\u00f3 la medalla de plata en la categor\u00eda de hasta 48 kg en el Gran Premio de Judo de\u00a0Qingdao, China.<\/p>\n<p>En agosto de 2015, se consagr\u00f3 campeona en el Campeonato Mundial de\u00a0Astan\u00e1, Kazajist\u00e1n, al vencer a la\u00a0japonesa\u00a0Haruna Asani\u00a0en la categor\u00eda hasta 48\u00a0kg. Y, el 22 de diciembre de ese mismo a\u00f1o, fue galardonada con el\u00a0Premio Olimpia de oro\u00a0a la mejor deportista del a\u00f1o.<\/p>\n<p>El 21 de agosto de 2016, luego de consagrarse campeona ol\u00edmpica al derrotar a la\u00a0surcoreana\u00a0Jeong Bo-Kyeong, fue elegida abanderada de la delegaci\u00f3n argentina en la ceremonia de clausura de los\u00a0Juegos Ol\u00edmpicos de R\u00edo de Janeiro.<\/p>\n<p>En 2021, se sum\u00f3 a la delegaci\u00f3n ol\u00edmpica\u00a0Argentina, y disput\u00f3 sus cuartos Juegos Ol\u00edmpicos, anunciando su retiro luego de quedar eliminada en la ronda de clasificaci\u00f3n.<\/p>\n<p>A lo largo de su carrera, particip\u00f3 en cuatro\u00a0Juegos Ol\u00edmpicos de Verano\u00a0entre\u00a02008\u00a0y\u00a02016, obteniendo una\u00a0medalla de bronce\u00a0en\u00a0Pek\u00edn 2008, diploma ol\u00edmpico en\u00a0Londres 2012\u00a0(donde finaliz\u00f3 quinta) y la\u00a0medalla de oro\u00a0en\u00a0R\u00edo de Janeiro 2016.\u200b En los\u00a0Juegos Panamericanos, consigui\u00f3 tres medallas entre\u00a02007\u00a0y\u00a02015.\u200b<\/p>\n<p>Gan\u00f3 tres medallas en el\u00a0Campeonato Mundial de Judo\u00a0entre\u00a02014\u00a0y\u00a02018, y trece medallas en el\u00a0Campeonato Panamericano de Judo, entre\u00a02005\u00a0y\u00a02020.<\/p>\n<div id=\"attachment_6071\" style=\"width: 1230px\" class=\"wp-caption aligncenter\"><img decoding=\"async\" aria-describedby=\"caption-attachment-6071\" class=\"wp-image-6071 size-full\" src=\"https:\/\/comunicartesanluis.com\/v1\/wp-content\/uploads\/2023\/01\/WhatsApp-Image-2023-01-16-at-15.09.15.jpeg\" alt=\"\" width=\"1220\" height=\"686\" srcset=\"https:\/\/comunicartesanluis.com\/v1\/wp-content\/uploads\/2023\/01\/WhatsApp-Image-2023-01-16-at-15.09.15-200x112.jpeg 200w, https:\/\/comunicartesanluis.com\/v1\/wp-content\/uploads\/2023\/01\/WhatsApp-Image-2023-01-16-at-15.09.15-300x169.jpeg 300w, https:\/\/comunicartesanluis.com\/v1\/wp-content\/uploads\/2023\/01\/WhatsApp-Image-2023-01-16-at-15.09.15-400x225.jpeg 400w, https:\/\/comunicartesanluis.com\/v1\/wp-content\/uploads\/2023\/01\/WhatsApp-Image-2023-01-16-at-15.09.15-600x337.jpeg 600w, https:\/\/comunicartesanluis.com\/v1\/wp-content\/uploads\/2023\/01\/WhatsApp-Image-2023-01-16-at-15.09.15-768x432.jpeg 768w, https:\/\/comunicartesanluis.com\/v1\/wp-content\/uploads\/2023\/01\/WhatsApp-Image-2023-01-16-at-15.09.15-800x450.jpeg 800w, https:\/\/comunicartesanluis.com\/v1\/wp-content\/uploads\/2023\/01\/WhatsApp-Image-2023-01-16-at-15.09.15-1024x576.jpeg 1024w, https:\/\/comunicartesanluis.com\/v1\/wp-content\/uploads\/2023\/01\/WhatsApp-Image-2023-01-16-at-15.09.15-1200x675.jpeg 1200w, https:\/\/comunicartesanluis.com\/v1\/wp-content\/uploads\/2023\/01\/WhatsApp-Image-2023-01-16-at-15.09.15.jpeg 1220w\" sizes=\"(max-width: 1220px) 100vw, 1220px\" \/><p id=\"caption-attachment-6071\" class=\"wp-caption-text\"><strong><em>Paula no solo pelea en el tatami, en plena pandemia tambi\u00e9n dejo todo en su otro campo de batalla.<\/em><\/strong><\/p><\/div>\n<p><strong>FELIZ CUMPLE PEQUE\u00d1A SEMI DIOS<\/strong><\/p>\n","protected":false},"excerpt":{"rendered":"<p>Un d\u00eda como hoy pero de 1986, la peque m\u00e1s conocida por revolear gente en el tatami, pasa sus d\u00edas entre bistur\u00ed y entrenamientos rigurosos. \u00a0<\/p>\n","protected":false},"author":3,"featured_media":6073,"comment_status":"open","ping_status":"open","sticky":false,"template":"","format":"standard","meta":{"_jetpack_memberships_contains_paid_content":false,"footnotes":""},"categories":[15,17],"tags":[],"class_list":["post-6070","post","type-post","status-publish","format-standard","has-post-thumbnail","hentry","category-deporte","category-nacional"],"jetpack_featured_media_url":"https:\/\/comunicartesanluis.com\/v1\/wp-content\/uploads\/2023\/01\/WhatsApp-Image-2023-01-16-at-15.07.50.jpeg","jetpack_sharing_enabled":true,"_links":{"self":[{"href":"https:\/\/comunicartesanluis.com\/index.php\/wp-json\/wp\/v2\/posts\/6070","targetHints":{"allow":["GET"]}}],"collection":[{"href":"https:\/\/comunicartesanluis.com\/index.php\/wp-json\/wp\/v2\/posts"}],"about":[{"href":"https:\/\/comunicartesanluis.com\/index.php\/wp-json\/wp\/v2\/types\/post"}],"author":[{"embeddable":true,"href":"https:\/\/comunicartesanluis.com\/index.php\/wp-json\/wp\/v2\/users\/3"}],"replies":[{"embeddable":true,"href":"https:\/\/comunicartesanluis.com\/index.php\/wp-json\/wp\/v2\/comments?post=6070"}],"version-history":[{"count":1,"href":"https:\/\/comunicartesanluis.com\/index.php\/wp-json\/wp\/v2\/posts\/6070\/revisions"}],"predecessor-version":[{"id":6074,"href":"https:\/\/comunicartesanluis.com\/index.php\/wp-json\/wp\/v2\/posts\/6070\/revisions\/6074"}],"wp:featuredmedia":[{"embeddable":true,"href":"https:\/\/comunicartesanluis.com\/index.php\/wp-json\/wp\/v2\/media\/6073"}],"wp:attachment":[{"href":"https:\/\/comunicartesanluis.com\/index.php\/wp-json\/wp\/v2\/media?parent=6070"}],"wp:term":[{"taxonomy":"category","embeddable":true,"href":"https:\/\/comunicartesanluis.com\/index.php\/wp-json\/wp\/v2\/categories?post=6070"},{"taxonomy":"post_tag","embeddable":true,"href":"https:\/\/comunicartesanluis.com\/index.php\/wp-json\/wp\/v2\/tags?post=6070"}],"curies":[{"name":"wp","href":"https:\/\/api.w.org\/{rel}","templated":true}]}}