{"id":6151,"date":"2023-01-19T10:22:11","date_gmt":"2023-01-19T13:22:11","guid":{"rendered":"https:\/\/comunicartesanluis.com\/?p=6151"},"modified":"2023-01-19T10:22:11","modified_gmt":"2023-01-19T13:22:11","slug":"chiqui-tapia-se-que-ni-bien-venga-scaloni-a-buenos-aires-firmara-su-contrato","status":"publish","type":"post","link":"https:\/\/comunicartesanluis.com\/index.php\/2023\/01\/19\/chiqui-tapia-se-que-ni-bien-venga-scaloni-a-buenos-aires-firmara-su-contrato\/","title":{"rendered":"Chiqui Tapia: \u00abS\u00e9 que ni bien venga Scaloni a Buenos Aires, firmar\u00e1 su contrato\u00bb"},"content":{"rendered":"<p><strong>Yo estoy viajando a Buenos Aires en estos d\u00edas. Espero sentarme con el presidente para despu\u00e9s ver si llegamos al acuerdo que queremos\u00bb.<\/strong>\u00a0Fueron las palabras de\u00a0<a href=\"https:\/\/www.ole.com.ar\/tema\/lionel-scaloni.html\"><strong style=\"font-style: inherit; font-weight: inherit;\">Lionel Scaloni<\/strong><\/a>\u00a0en una nota con Radio Cope, cuando le consultaron sobre su continuidad al frente de la\u00a0<a href=\"https:\/\/www.ole.com.ar\/tema\/seleccion-argentina.html\"><strong style=\"font-style: inherit; font-weight: inherit;\">Selecci\u00f3n<\/strong><\/a>. Una declaraci\u00f3n de esperanza en medio de tanta incertidumbre.<\/p>\n<p>&nbsp;<\/p>\n<p>D\u00edas despu\u00e9s, justo en el aniversario del t\u00edtulo en\u00a0<a href=\"https:\/\/www.ole.com.ar\/tema\/mundial-qatar-2022.html\"><strong style=\"font-style: inherit; font-weight: inherit;\">Qatar 2022<\/strong><\/a>,\u00a0<a href=\"https:\/\/www.ole.com.ar\/tema\/claudio-tapia.html\"><strong style=\"font-style: inherit; font-weight: inherit;\">Claudio Tapia<\/strong><\/a>, presidente de AFA, quiso despejar todas las dudas,<strong style=\"font-weight: inherit;\">\u00a0volvi\u00f3 a recordar el acuerdo de palabra al que llegaron con el DT en Estados Unidos antes de viajar a Qatar y hasta ilusion\u00f3 con una r\u00e1pida resoluci\u00f3n.<\/strong><\/p>\n<p><strong>\u00a0<\/strong><\/p>\n<p><strong>\u00abCuando el Gringo venga, que est\u00e1 de vacaciones y est\u00e1 disfrutando de su familia, nos sentaremos y terminaremos lo que hay que terminar.<\/strong>\u00a0<strong style=\"font-weight: inherit;\">Los dos somos hombres de palabra y los dos nos dimos la palabra.<\/strong>\u00a0A veces hay temas menores, que hay que terminarlos, y eso es lo \u00fanico que falta\u00bb, asegur\u00f3 Chiqui en di\u00e1logo con radio La Red.<\/p>\n<p>Y para cortar definitivamente con las especulaciones, ratific\u00f3:\u00a0<strong style=\"font-weight: inherit;\">\u00abYo s\u00e9 que ni bien venga firmar\u00e1 su contrato y continuar\u00e1 el cuerpo t\u00e9cnico que nos dio tantas alegr\u00edas,\u00a0<\/strong>porque es lo que todos queremos y es a lo que nos comprometimos, tanto el Gringo como yo. Adem\u00e1s, destac\u00f3 que los los jugadores de la Selecci\u00f3n\u00a0<strong style=\"font-weight: inherit;\">\u00abvaloran much\u00edsimo la continuidad de su t\u00e9cnico y eso es lo que todas las partes quieren, l<\/strong>o mismo que los dirigentes del Comit\u00e9 Ejecutivo. Por eso insisto en que\u00a0<strong style=\"font-weight: inherit;\">ni bien \u00e9l venga, nos sentaremos y firmaremos el contrato\u201d.<\/strong><\/p>\n<p><strong>\u00a0<\/strong><\/p>\n<p>Para cerrar, explic\u00f3: \u00ab<strong>Despu\u00e9s de la salida de Jorge Sampaoli necesit\u00e1bamos iniciar un proyecto con un recambio en la Selecci\u00f3n.\u00a0<\/strong>Y eso se vio en que empezamos el Mundial con ocho jugadores titulares que nunca lo hab\u00edan jugado y terminamos con un chico de 21 a\u00f1os como Enzo Fern\u00e1ndez siendo la revelaci\u00f3n.\u00a0<strong>Por eso sabemos que hay un seleccionado para ocho o diez a\u00f1os m\u00e1s, que valorizan lo m\u00e1s importante que es el proyecto\u00bb.<\/strong><\/p>\n<p><strong>Scaloni: viaje a la Argentina y el futuro en veremos<\/strong><\/p>\n<p>Una entrevista de color, distendida, en la cual el entrenador de la Selecci\u00f3n contaba sensaciones, describ\u00eda momentos inolvidables, relataba que no volvi\u00f3 a ver la final, expresaba\u00a0<strong>qu\u00e9 le pasa cuando ve la atajada de Dibu Mart\u00ednez y hasta tomaba partido sobre Messi o Maradona,<\/strong>\u00a0cambia su tono de manera radical cuando de pronto entra a tallar<strong>\u00a0el tema de la continuidad de la Scaloneta.<\/strong>\u00a0Porque como anticip\u00f3\u00a0<strong>Ol\u00e9\u00a0<\/strong>el 23 de diciembre,\u00a0<strong>aun con los festejos en la garganta, el tema sigue estando arriba de la mesa. Es la otra final.<\/strong><\/p>\n<p><strong>\u00a0<\/strong><\/p>\n<p><strong>\u201cAnunciaremos lo que tenga que ser\u201d,<\/strong>\u00a0anticip\u00f3 Lionel Scaloni en cadena Cope. Su renovaci\u00f3n, claro est\u00e1, no est\u00e1 asegurada y menos, resuelta. Las negociaciones persisten,<strong style=\"font-style: inherit; font-weight: inherit;\">\u00a0pero a\u00fan no est\u00e1 puesto el mo\u00f1o y eso pone nerviosos hasta a los propios jugadores que dieron la vuelta en Qatar.<\/strong><\/p>\n<p style=\"font-style: inherit;\">Mientras algunos debaten\u00a0<strong style=\"font-style: inherit; font-weight: inherit;\">sobre los rivales de los amistosos de marzo (que ser\u00e1n en Buenos Aires entre el 21 y el 28), falta definir si el actual entrenador ser\u00e1 quien se siente en el banco<\/strong>\u00a0y quien d\u00e9 la lista de convocados para esa doble fecha que, en principio, se proyect\u00f3 como un momento de festejos.<\/p>\n<p>&nbsp;<\/p>\n<p>El DT, que se encuentra en Mallorca desde las primeras horas de este incipiente 2023, se mostr\u00f3 en un partido del equipo de la Isla y ven\u00eda dando algunas entrevistas a medios espa\u00f1oles, sorprendi\u00f3 al hablar m\u00e1s de una hora en una nota en la que se mostr\u00f3 sonriente, tranquilo y toc\u00f3 todos los temas. Aunque solo en dos minutos de la conversaci\u00f3n se puso serio y algo tenso: cuando le tocaron el tema de si seguir\u00e1 en la Selecci\u00f3n.<strong style=\"font-weight: inherit;\">\u00a0-\u00bfCu\u00e1nto tiempo falta para que anuncien tu continuidad?- fue la consulta espec\u00edfica.<\/strong><\/p>\n<p><strong>\u00a0<\/strong><\/p>\n<p>&#8211;<strong style=\"font-style: inherit; font-weight: inherit;\">Yo estoy viajando a Buenos Aires en estos d\u00edas. Espero sentarme con el presidente y&#8230; Espero reunirme con \u00e9l para despu\u00e9s ver si llegamos al acuerdo que queremos.\u00a0<\/strong>Esa es la idea y no s\u00e9 el d\u00eda que voy a viajar porque estoy bien con la familia ac\u00e1. Y disfrutando de estos d\u00edas.<\/p>\n<h2 style=\"font-style: inherit; font-weight: inherit;\"><strong>Dudas&#8230;<\/strong><\/h2>\n<p style=\"font-style: inherit;\">Scaloni, ah\u00ed, modific\u00f3 el gesto y ya no estuvo tan relajado. El entrevistador se dio cuenta y trat\u00f3 de cambiar de tema, pero desde Buenos Aires,<strong style=\"font-style: inherit; font-weight: inherit;\">\u00a0el periodista Fabi\u00e1n Godoy, col\u00f3 una pregunta m\u00e1s, que abri\u00f3 un poco m\u00e1s m\u00e1s el interrogante.<\/strong><\/p>\n<p>&nbsp;<\/p>\n<p>En ese ida y vuelta,\u00a0<strong style=\"font-style: inherit; font-weight: inherit;\">se le record\u00f3 a Scaloni que en su momento el presidente de la AFA, Claudio Tapia, hab\u00eda anunciado la renovaci\u00f3n (fue el 28 de septiembre de 2022, en Estados Unidos<\/strong>, una vez terminada la \u00faltima gira previa al Mundial) m\u00e1s all\u00e1 de que no estaba todo acordado&#8230; \u201cNo s\u00e9 qu\u00e9 decirte en cuanto a eso. Yo\u00a0<strong style=\"font-style: inherit; font-weight: inherit;\">tengo que hablar con el presidente y tengo la mejor relaci\u00f3n con \u00e9l.<\/strong>\u00a0\u00a1La mejor! Le agradezco de verdad la oportunidad que me dio de haber estado al frente de la Selecci\u00f3n y ahora, cuando vaya para all\u00e1,<strong style=\"font-style: inherit; font-weight: inherit;\">\u00a0ya anunciaremos lo que tenga que ser\u201d,\u00a0<\/strong>cerr\u00f3 el DT el tema de su futuro.<\/p>\n<p style=\"font-style: inherit;\">Tapia sabe que la negociaci\u00f3n no est\u00e1 sencilla. Cuando\u00a0<strong style=\"font-style: inherit; font-weight: inherit;\">Ol\u00e9\u00a0<\/strong>mostr\u00f3 que no hab\u00eda sinton\u00eda fina, que quedaban muchos puntos por resolver, el presidente mostr\u00f3 su cintura pol\u00edtica y antes de fin de a\u00f1o sali\u00f3 a decir que<strong style=\"font-style: inherit; font-weight: inherit;\">\u00a0\u201cScaloni es el t\u00e9cnico de la Selecci\u00f3n. Los dos somos hombres de palabra\u201d.<\/strong><\/p>\n<p style=\"font-style: inherit;\">Lo concreto es que todos los contratos del cuerpo t\u00e9cnico est\u00e1n vencidos. En estos momentos -m\u00e1s all\u00e1 de que parece un dato de color- la Selecci\u00f3n no tiene entrenador. Desde hace rato que los representantes del DT (y de todo el cuerpo t\u00e9cnico) vienen teniendo negociaciones con gente de la AFA y con el propio Tapia, pero no se avanz\u00f3 mucho.\u00a0<strong style=\"font-style: inherit; font-weight: inherit;\">Las diferencias econ\u00f3micas son importantes y tambi\u00e9n se deben resolver cuestiones del proyecto que no son menores. \u201cEstamos muy lejos\u201d, le dijeron a este diario los que forman parte de las reuniones.<\/strong><\/p>\n<p style=\"font-style: inherit;\">\u00bfY entonces?\u00a0<strong style=\"font-style: inherit; font-weight: inherit;\">Scaloni ya avis\u00f3 que pronto estar\u00e1 en Buenos Aires para tener un cara a cara con Tapia.<\/strong>\u00a0A\u00fan no tiene pasajes y cuando este mi\u00e9rcoles se cumpla un mes del momento m\u00e1s feliz del f\u00fatbol argentino, la otra final se empezar\u00e1 a jugar.<\/p>\n<p>&nbsp;<\/p>\n<p><img decoding=\"async\" class=\"aligncenter\" src=\"https:\/\/www.ole.com.ar\/images\/2023\/01\/19\/5fXAhH147_400x400__1.jpg\" alt=\"Chiqui Tapia: &quot;S\u00e9 que ni bien venga Scaloni a Buenos Aires, firmar\u00e1 su contrato&quot; \" width=\"400\" height=\"400\" \/><\/p>\n<p>&nbsp;<\/p>\n<p>&nbsp;<\/p>\n<p>&nbsp;<\/p>\n<p>&nbsp;<\/p>\n<p>&nbsp;<\/p>\n<p>Fuente: Diario ol\u00e8<\/p>\n","protected":false},"excerpt":{"rendered":"<p>El presidente de AFA se refiri\u00f3 a la renovaci\u00f3n del DT de la Selecci\u00f3n y asegur\u00f3: \u00abLos dos somos hombres de palabra y los dos nos dimos la palabra\u00bb.<\/p>\n","protected":false},"author":3,"featured_media":6152,"comment_status":"open","ping_status":"open","sticky":false,"template":"","format":"standard","meta":{"_jetpack_memberships_contains_paid_content":false,"footnotes":""},"categories":[15,17],"tags":[],"class_list":["post-6151","post","type-post","status-publish","format-standard","has-post-thumbnail","hentry","category-deporte","category-nacional"],"jetpack_featured_media_url":"https:\/\/comunicartesanluis.com\/v1\/wp-content\/uploads\/2023\/01\/WhatsApp-Image-2023-01-19-at-10.20.50.jpeg","jetpack_sharing_enabled":true,"_links":{"self":[{"href":"https:\/\/comunicartesanluis.com\/index.php\/wp-json\/wp\/v2\/posts\/6151","targetHints":{"allow":["GET"]}}],"collection":[{"href":"https:\/\/comunicartesanluis.com\/index.php\/wp-json\/wp\/v2\/posts"}],"about":[{"href":"https:\/\/comunicartesanluis.com\/index.php\/wp-json\/wp\/v2\/types\/post"}],"author":[{"embeddable":true,"href":"https:\/\/comunicartesanluis.com\/index.php\/wp-json\/wp\/v2\/users\/3"}],"replies":[{"embeddable":true,"href":"https:\/\/comunicartesanluis.com\/index.php\/wp-json\/wp\/v2\/comments?post=6151"}],"version-history":[{"count":1,"href":"https:\/\/comunicartesanluis.com\/index.php\/wp-json\/wp\/v2\/posts\/6151\/revisions"}],"predecessor-version":[{"id":6153,"href":"https:\/\/comunicartesanluis.com\/index.php\/wp-json\/wp\/v2\/posts\/6151\/revisions\/6153"}],"wp:featuredmedia":[{"embeddable":true,"href":"https:\/\/comunicartesanluis.com\/index.php\/wp-json\/wp\/v2\/media\/6152"}],"wp:attachment":[{"href":"https:\/\/comunicartesanluis.com\/index.php\/wp-json\/wp\/v2\/media?parent=6151"}],"wp:term":[{"taxonomy":"category","embeddable":true,"href":"https:\/\/comunicartesanluis.com\/index.php\/wp-json\/wp\/v2\/categories?post=6151"},{"taxonomy":"post_tag","embeddable":true,"href":"https:\/\/comunicartesanluis.com\/index.php\/wp-json\/wp\/v2\/tags?post=6151"}],"curies":[{"name":"wp","href":"https:\/\/api.w.org\/{rel}","templated":true}]}}