{"id":6188,"date":"2023-01-23T12:49:21","date_gmt":"2023-01-23T15:49:21","guid":{"rendered":"https:\/\/comunicartesanluis.com\/?p=6188"},"modified":"2023-01-23T12:49:21","modified_gmt":"2023-01-23T15:49:21","slug":"la-leoncita-de-carpinteria-sigue-rugiendo","status":"publish","type":"post","link":"https:\/\/comunicartesanluis.com\/index.php\/2023\/01\/23\/la-leoncita-de-carpinteria-sigue-rugiendo\/","title":{"rendered":"La Leoncita de Carpinteria sigue rugiendo"},"content":{"rendered":"<p>En una charla exclusiva con <strong><em>ComunicaARTE<\/em><\/strong> la jugadora de Banco Naci\u00f3n nos cuenta como recibi\u00f3 la noticia, por segunda vez en su corta carrera.<\/p>\n<p>Como contar la historia ya contada, el a\u00f1o pasado nos enter\u00e1bamos que Capinteria y Merlo, ten\u00edan a su Leoncita, as\u00ed como lees, su representante en el seleccionado nacional de Hockey.<\/p>\n<p><img decoding=\"async\" class=\"aligncenter wp-image-6220 size-full\" src=\"https:\/\/comunicartesanluis.com\/v1\/wp-content\/uploads\/2023\/01\/WhatsApp-Image-2023-01-23-at-11.32.13-1.jpeg\" alt=\"\" width=\"1599\" height=\"899\" srcset=\"https:\/\/comunicartesanluis.com\/v1\/wp-content\/uploads\/2023\/01\/WhatsApp-Image-2023-01-23-at-11.32.13-1-200x112.jpeg 200w, https:\/\/comunicartesanluis.com\/v1\/wp-content\/uploads\/2023\/01\/WhatsApp-Image-2023-01-23-at-11.32.13-1-300x169.jpeg 300w, https:\/\/comunicartesanluis.com\/v1\/wp-content\/uploads\/2023\/01\/WhatsApp-Image-2023-01-23-at-11.32.13-1-400x225.jpeg 400w, https:\/\/comunicartesanluis.com\/v1\/wp-content\/uploads\/2023\/01\/WhatsApp-Image-2023-01-23-at-11.32.13-1-600x337.jpeg 600w, https:\/\/comunicartesanluis.com\/v1\/wp-content\/uploads\/2023\/01\/WhatsApp-Image-2023-01-23-at-11.32.13-1-768x432.jpeg 768w, https:\/\/comunicartesanluis.com\/v1\/wp-content\/uploads\/2023\/01\/WhatsApp-Image-2023-01-23-at-11.32.13-1-800x450.jpeg 800w, https:\/\/comunicartesanluis.com\/v1\/wp-content\/uploads\/2023\/01\/WhatsApp-Image-2023-01-23-at-11.32.13-1-1024x576.jpeg 1024w, https:\/\/comunicartesanluis.com\/v1\/wp-content\/uploads\/2023\/01\/WhatsApp-Image-2023-01-23-at-11.32.13-1-1200x675.jpeg 1200w, https:\/\/comunicartesanluis.com\/v1\/wp-content\/uploads\/2023\/01\/WhatsApp-Image-2023-01-23-at-11.32.13-1-1536x864.jpeg 1536w, https:\/\/comunicartesanluis.com\/v1\/wp-content\/uploads\/2023\/01\/WhatsApp-Image-2023-01-23-at-11.32.13-1.jpeg 1599w\" sizes=\"(max-width: 1599px) 100vw, 1599px\" \/><\/p>\n<p>Su historia nos sorprendi\u00f3, <em><strong>Nota anterior -&gt; (<\/strong><\/em><strong>https:\/\/comunicartesanluis.com\/index.php\/2022\/10\/04\/de-alerces-al-seleccionado-nacional\/)<\/strong> la jovencita que hace sus primeros pasos en el hockey m\u00e1s importante del pa\u00eds. Con apenas 18 a\u00f1os Ari como la llaman sus allegados, se acomoda en su club, Banco Naci\u00f3n y en el seleccionado hoy ya por segunda vez.<\/p>\n<p>Hablamos en exclusiva con ella y nos conto:<\/p>\n<p>_ C\u00f3mo recibiste la noticia de esta nueva convocatoria?<\/p>\n<p><strong><em>_Nos dieron la noticia en el \u00faltimo entrenamiento del a\u00f1o 2022 donde entrenemos siempre, el CENARD. <\/em><\/strong><\/p>\n<p><strong><em>_Dieron una lista al finalizar el entrenamiento, obviamente se da a conocer el listado p\u00fablicamente despu\u00e9s, as\u00ed que super contenta.<\/em><\/strong><\/p>\n<p>_C\u00f3mo te encontras vos, f\u00edsica y mentalmente para esta convocatoria?<br \/>\n_<strong><em>F\u00edsicamente me siento bien ya que en estas semanas de vacaciones nunca deje de entrenar y sigo con la rutina, m\u00e1s el plan de entrenamiento que nos mandan desde el seleccionado. <\/em><\/strong><\/p>\n<p><strong><em>_Claramente no llevas el mismo ritmo que manejas todo el a\u00f1o pero realmente me siento bien f\u00edsicamente.<\/em><\/strong><\/p>\n<p><strong><em>_Mentalmente enfocada en lo que se viene, un a\u00f1o muy duro de muchos viajes y entrenamientos, mientras siga quedando en las listas de concentraciones.<\/em><\/strong><\/p>\n<p><img decoding=\"async\" class=\"aligncenter wp-image-6221 size-full\" src=\"https:\/\/comunicartesanluis.com\/v1\/wp-content\/uploads\/2023\/01\/WhatsApp-Image-2023-01-23-at-11.32.12.jpeg\" alt=\"\" width=\"1599\" height=\"899\" srcset=\"https:\/\/comunicartesanluis.com\/v1\/wp-content\/uploads\/2023\/01\/WhatsApp-Image-2023-01-23-at-11.32.12-200x112.jpeg 200w, https:\/\/comunicartesanluis.com\/v1\/wp-content\/uploads\/2023\/01\/WhatsApp-Image-2023-01-23-at-11.32.12-300x169.jpeg 300w, https:\/\/comunicartesanluis.com\/v1\/wp-content\/uploads\/2023\/01\/WhatsApp-Image-2023-01-23-at-11.32.12-400x225.jpeg 400w, https:\/\/comunicartesanluis.com\/v1\/wp-content\/uploads\/2023\/01\/WhatsApp-Image-2023-01-23-at-11.32.12-600x337.jpeg 600w, https:\/\/comunicartesanluis.com\/v1\/wp-content\/uploads\/2023\/01\/WhatsApp-Image-2023-01-23-at-11.32.12-768x432.jpeg 768w, https:\/\/comunicartesanluis.com\/v1\/wp-content\/uploads\/2023\/01\/WhatsApp-Image-2023-01-23-at-11.32.12-800x450.jpeg 800w, https:\/\/comunicartesanluis.com\/v1\/wp-content\/uploads\/2023\/01\/WhatsApp-Image-2023-01-23-at-11.32.12-1024x576.jpeg 1024w, https:\/\/comunicartesanluis.com\/v1\/wp-content\/uploads\/2023\/01\/WhatsApp-Image-2023-01-23-at-11.32.12-1200x675.jpeg 1200w, https:\/\/comunicartesanluis.com\/v1\/wp-content\/uploads\/2023\/01\/WhatsApp-Image-2023-01-23-at-11.32.12-1536x864.jpeg 1536w, https:\/\/comunicartesanluis.com\/v1\/wp-content\/uploads\/2023\/01\/WhatsApp-Image-2023-01-23-at-11.32.12.jpeg 1599w\" sizes=\"(max-width: 1599px) 100vw, 1599px\" \/><\/p>\n<p><strong><em>\u00ad_<\/em><\/strong>Donde tenes que presentarte y a donde apuntan con esta convocatoria?<\/p>\n<p><strong><em>_Viajamos el d\u00eda 25\/01, salimos desde el CENARD a las 22:30 hs. Estas concentraciones nos sirven mucho como grupo y para seguir creciendo, tuvimos varias, por lo general una por mes, siempre complementado por los entrenamientos del resto de las semanas.<\/em><\/strong><\/p>\n<p>&nbsp;<\/p>\n<p><strong><em>_En este tipo de concentraciones y entrenamientos que tenemos habitualmente hay que dejar todo y estar muy enfocada. Ya que este a\u00f1o est\u00e1 el panamericano y mundial, cualquier error te puede dejar afuera de una lista.<\/em><\/strong><\/p>\n<p>Ariana, que conoci\u00f3 el hockey en Horneros de Carpinter\u00eda cuando solo ten\u00eda cuatro a\u00f1os de edad, ya defendi\u00f3 los colores del club Alerces de la Villa de Merlo y GEPU en San Luis, como as\u00ed tambi\u00e9n la del seleccionado de la Federaci\u00f3n puntana.<br \/>\n<img decoding=\"async\" class=\"aligncenter wp-image-6222 size-full\" src=\"https:\/\/comunicartesanluis.com\/v1\/wp-content\/uploads\/2023\/01\/WhatsApp-Image-2023-01-23-at-11.32.13.jpeg\" alt=\"\" width=\"1599\" height=\"899\" srcset=\"https:\/\/comunicartesanluis.com\/v1\/wp-content\/uploads\/2023\/01\/WhatsApp-Image-2023-01-23-at-11.32.13-200x112.jpeg 200w, https:\/\/comunicartesanluis.com\/v1\/wp-content\/uploads\/2023\/01\/WhatsApp-Image-2023-01-23-at-11.32.13-300x169.jpeg 300w, https:\/\/comunicartesanluis.com\/v1\/wp-content\/uploads\/2023\/01\/WhatsApp-Image-2023-01-23-at-11.32.13-400x225.jpeg 400w, https:\/\/comunicartesanluis.com\/v1\/wp-content\/uploads\/2023\/01\/WhatsApp-Image-2023-01-23-at-11.32.13-600x337.jpeg 600w, https:\/\/comunicartesanluis.com\/v1\/wp-content\/uploads\/2023\/01\/WhatsApp-Image-2023-01-23-at-11.32.13-768x432.jpeg 768w, https:\/\/comunicartesanluis.com\/v1\/wp-content\/uploads\/2023\/01\/WhatsApp-Image-2023-01-23-at-11.32.13-800x450.jpeg 800w, https:\/\/comunicartesanluis.com\/v1\/wp-content\/uploads\/2023\/01\/WhatsApp-Image-2023-01-23-at-11.32.13-1024x576.jpeg 1024w, https:\/\/comunicartesanluis.com\/v1\/wp-content\/uploads\/2023\/01\/WhatsApp-Image-2023-01-23-at-11.32.13-1200x675.jpeg 1200w, https:\/\/comunicartesanluis.com\/v1\/wp-content\/uploads\/2023\/01\/WhatsApp-Image-2023-01-23-at-11.32.13-1536x864.jpeg 1536w, https:\/\/comunicartesanluis.com\/v1\/wp-content\/uploads\/2023\/01\/WhatsApp-Image-2023-01-23-at-11.32.13.jpeg 1599w\" sizes=\"(max-width: 1599px) 100vw, 1599px\" \/><\/p>\n<p>Deber\u00e1 presentarse en el Ce.N.A.R.D. el mi\u00e9rcoles 25 de enero a las 22.30 hs. para viajar en micro desde ah\u00ed rumbo a la ciudad de C\u00f3rdoba y compartir plantel con las mejores jugadores de hockey nacional de su categor\u00eda.<\/p>\n<p><em>Toda la suerte para ella!!!<\/em><\/p>\n","protected":false},"excerpt":{"rendered":"<p>La ex jugadora de Alerces Hockey Club fue citada a concentrar con el combinado nacional de las Leoncitas en la provincia de C\u00f3rdoba.<\/p>\n","protected":false},"author":3,"featured_media":6219,"comment_status":"open","ping_status":"open","sticky":false,"template":"","format":"standard","meta":{"_jetpack_memberships_contains_paid_content":false,"footnotes":""},"categories":[15,16,17],"tags":[546],"class_list":["post-6188","post","type-post","status-publish","format-standard","has-post-thumbnail","hentry","category-deporte","category-local","category-nacional","tag-hockey-seleccion-argentina-merlo-convocatoria"],"jetpack_featured_media_url":"https:\/\/comunicartesanluis.com\/v1\/wp-content\/uploads\/2023\/01\/WhatsApp-Image-2023-01-23-at-11.32.42.jpeg","jetpack_sharing_enabled":true,"_links":{"self":[{"href":"https:\/\/comunicartesanluis.com\/index.php\/wp-json\/wp\/v2\/posts\/6188","targetHints":{"allow":["GET"]}}],"collection":[{"href":"https:\/\/comunicartesanluis.com\/index.php\/wp-json\/wp\/v2\/posts"}],"about":[{"href":"https:\/\/comunicartesanluis.com\/index.php\/wp-json\/wp\/v2\/types\/post"}],"author":[{"embeddable":true,"href":"https:\/\/comunicartesanluis.com\/index.php\/wp-json\/wp\/v2\/users\/3"}],"replies":[{"embeddable":true,"href":"https:\/\/comunicartesanluis.com\/index.php\/wp-json\/wp\/v2\/comments?post=6188"}],"version-history":[{"count":2,"href":"https:\/\/comunicartesanluis.com\/index.php\/wp-json\/wp\/v2\/posts\/6188\/revisions"}],"predecessor-version":[{"id":6224,"href":"https:\/\/comunicartesanluis.com\/index.php\/wp-json\/wp\/v2\/posts\/6188\/revisions\/6224"}],"wp:featuredmedia":[{"embeddable":true,"href":"https:\/\/comunicartesanluis.com\/index.php\/wp-json\/wp\/v2\/media\/6219"}],"wp:attachment":[{"href":"https:\/\/comunicartesanluis.com\/index.php\/wp-json\/wp\/v2\/media?parent=6188"}],"wp:term":[{"taxonomy":"category","embeddable":true,"href":"https:\/\/comunicartesanluis.com\/index.php\/wp-json\/wp\/v2\/categories?post=6188"},{"taxonomy":"post_tag","embeddable":true,"href":"https:\/\/comunicartesanluis.com\/index.php\/wp-json\/wp\/v2\/tags?post=6188"}],"curies":[{"name":"wp","href":"https:\/\/api.w.org\/{rel}","templated":true}]}}