{"id":6273,"date":"2023-01-25T12:15:09","date_gmt":"2023-01-25T15:15:09","guid":{"rendered":"https:\/\/comunicartesanluis.com\/?p=6273"},"modified":"2023-01-25T12:15:09","modified_gmt":"2023-01-25T15:15:09","slug":"otro-puntano-en-la-elite-del-futbol-argentino","status":"publish","type":"post","link":"https:\/\/comunicartesanluis.com\/index.php\/2023\/01\/25\/otro-puntano-en-la-elite-del-futbol-argentino\/","title":{"rendered":"Otro puntano en la elite del futbol Argentino."},"content":{"rendered":"<p>El extremo eligio al \u00abHalc\u00f3n\u00bb de Florencio Varela y sue\u00f1a con enfrentar a su hermana Pablo (Jugador de River) en la 19\u00b0 fecha del torneo.<\/p>\n<p><img decoding=\"async\" class=\"aligncenter wp-image-6275 size-full\" src=\"https:\/\/comunicartesanluis.com\/v1\/wp-content\/uploads\/2023\/01\/1674653881795.webp\" alt=\"\" width=\"312\" height=\"175\" srcset=\"https:\/\/comunicartesanluis.com\/v1\/wp-content\/uploads\/2023\/01\/1674653881795-200x112.webp 200w, https:\/\/comunicartesanluis.com\/v1\/wp-content\/uploads\/2023\/01\/1674653881795-300x168.webp 300w, https:\/\/comunicartesanluis.com\/v1\/wp-content\/uploads\/2023\/01\/1674653881795.webp 312w\" sizes=\"(max-width: 312px) 100vw, 312px\" \/><\/p>\n<p>La fecha 19 ser\u00e1 una jornada historica. Ese d\u00eda se enfrentar\u00e1n River con Defensa y Justicia. En cancha puede haber dos puntanos hermanos frente a frente. MOMENTO HISTORICO para el futbol Puntano.<\/p>\n","protected":false},"excerpt":{"rendered":"<p>Santiago Solari ex jugador de Arizona dej\u00f3 Gimnasia de Mendoza para incorporarse a Defensa y Justicia.<\/p>\n","protected":false},"author":3,"featured_media":6274,"comment_status":"open","ping_status":"open","sticky":false,"template":"","format":"standard","meta":{"_jetpack_memberships_contains_paid_content":false,"footnotes":""},"categories":[15,17],"tags":[547],"class_list":["post-6273","post","type-post","status-publish","format-standard","has-post-thumbnail","hentry","category-deporte","category-nacional","tag-defe-varela-halcon-puntano-solari-santiago-liga"],"jetpack_featured_media_url":"https:\/\/comunicartesanluis.com\/v1\/wp-content\/uploads\/2023\/01\/1674653902453.webp","jetpack_sharing_enabled":true,"_links":{"self":[{"href":"https:\/\/comunicartesanluis.com\/index.php\/wp-json\/wp\/v2\/posts\/6273","targetHints":{"allow":["GET"]}}],"collection":[{"href":"https:\/\/comunicartesanluis.com\/index.php\/wp-json\/wp\/v2\/posts"}],"about":[{"href":"https:\/\/comunicartesanluis.com\/index.php\/wp-json\/wp\/v2\/types\/post"}],"author":[{"embeddable":true,"href":"https:\/\/comunicartesanluis.com\/index.php\/wp-json\/wp\/v2\/users\/3"}],"replies":[{"embeddable":true,"href":"https:\/\/comunicartesanluis.com\/index.php\/wp-json\/wp\/v2\/comments?post=6273"}],"version-history":[{"count":3,"href":"https:\/\/comunicartesanluis.com\/index.php\/wp-json\/wp\/v2\/posts\/6273\/revisions"}],"predecessor-version":[{"id":6278,"href":"https:\/\/comunicartesanluis.com\/index.php\/wp-json\/wp\/v2\/posts\/6273\/revisions\/6278"}],"wp:featuredmedia":[{"embeddable":true,"href":"https:\/\/comunicartesanluis.com\/index.php\/wp-json\/wp\/v2\/media\/6274"}],"wp:attachment":[{"href":"https:\/\/comunicartesanluis.com\/index.php\/wp-json\/wp\/v2\/media?parent=6273"}],"wp:term":[{"taxonomy":"category","embeddable":true,"href":"https:\/\/comunicartesanluis.com\/index.php\/wp-json\/wp\/v2\/categories?post=6273"},{"taxonomy":"post_tag","embeddable":true,"href":"https:\/\/comunicartesanluis.com\/index.php\/wp-json\/wp\/v2\/tags?post=6273"}],"curies":[{"name":"wp","href":"https:\/\/api.w.org\/{rel}","templated":true}]}}