{"id":6517,"date":"2023-02-07T10:27:42","date_gmt":"2023-02-07T13:27:42","guid":{"rendered":"https:\/\/comunicartesanluis.com\/?p=6517"},"modified":"2023-02-07T10:27:42","modified_gmt":"2023-02-07T13:27:42","slug":"la-nueva-joyita-river-ya-se-mueve-para-blindar-al-pibe-alfonso","status":"publish","type":"post","link":"https:\/\/comunicartesanluis.com\/index.php\/2023\/02\/07\/la-nueva-joyita-river-ya-se-mueve-para-blindar-al-pibe-alfonso\/","title":{"rendered":"La nueva joyita: River ya se mueve para blindar al pibe Alfonso"},"content":{"rendered":"<p>Ya nos estamos ocupando del tema. <strong>En los pr\u00f3ximos d\u00edas nos vamos a juntar para empezar a negociar la extensi\u00f3n del contrato de\u00a0<\/strong><a class=\"slug\" title=\"Franco Alfonso\" href=\"https:\/\/www.ole.com.ar\/tema\/franco-alfonso.html\"><strong>Alfonso<\/strong><\/a><strong>,\u00a0<\/strong>que fue una gran aparici\u00f3n\u201d.\u00a0<strong>La prometedora irrupci\u00f3n del atrevido volante ofensivo de 20 a\u00f1os en el equipo de\u00a0<\/strong><a class=\"slug\" title=\"Martin Demichelis\" href=\"https:\/\/www.ole.com.ar\/tema\/martin-demichelis.html\"><strong>Demichelis<\/strong><\/a><strong>\u00a0gener\u00f3 que los dirigentes de<\/strong><a class=\"slug\" title=\"River Plate\" href=\"https:\/\/www.ole.com.ar\/tema\/river-plate.html\"><strong>\u00a0River<\/strong><\/a><strong>\u00a0se movieran con la misma velocidad con la que el pibe encara a los rivales<\/strong>. El primer contacto de los directivos con el grupo empresario que representa al jugador para avisarle de la intenci\u00f3n de renovar se produjo\u00a0<a href=\"https:\/\/www.ole.com.ar\/river-plate\/alfonso-viajara-pretemporada-san-luis-river_0_LUgnXZP1np.html\" target=\"_blank\" rel=\"noopener\">durante la pretemporada del plantel en Miami<\/a>\u00a0y\u00a0<strong>en breve se coordinar\u00e1 la primera reuni\u00f3n para avanzar en un convenio de, al menos, dos temporadas. El acuerdo, adem\u00e1s, incluir\u00eda un aumento de la cl\u00e1usula de rescisi\u00f3n,<\/strong><a href=\"https:\/\/www.ole.com.ar\/river-plate\/river-alfonso-reserva-contrato-2023_0_IsA4YyOJuz.html\" target=\"_blank\" rel=\"noopener\"><strong>\u00a0fijada en 15 millones de d\u00f3lares en el v\u00ednculo que caduca en diciembre<\/strong><\/a>.<\/p>\n<p><img decoding=\"async\" class=\"aligncenter wp-image-6518 size-full\" src=\"https:\/\/comunicartesanluis.com\/v1\/wp-content\/uploads\/2023\/02\/LFONSO-RIVER.webp\" alt=\"\" width=\"720\" height=\"480\" srcset=\"https:\/\/comunicartesanluis.com\/v1\/wp-content\/uploads\/2023\/02\/LFONSO-RIVER-200x133.webp 200w, https:\/\/comunicartesanluis.com\/v1\/wp-content\/uploads\/2023\/02\/LFONSO-RIVER-300x200.webp 300w, https:\/\/comunicartesanluis.com\/v1\/wp-content\/uploads\/2023\/02\/LFONSO-RIVER-400x267.webp 400w, https:\/\/comunicartesanluis.com\/v1\/wp-content\/uploads\/2023\/02\/LFONSO-RIVER-600x400.webp 600w, https:\/\/comunicartesanluis.com\/v1\/wp-content\/uploads\/2023\/02\/LFONSO-RIVER.webp 720w\" sizes=\"(max-width: 720px) 100vw, 720px\" \/><\/p>\n<p>El plan de River es blindar a este prometedor juvenil al que\u00a0<a href=\"https:\/\/www.ole.com.ar\/river-plate\/juveniles-panichelli-alfonso-river-gallardo_0_L3j9hRdcNr.html\" target=\"_blank\" rel=\"noopener\">Gallardo ya hab\u00eda sumado a la Primera en sus \u00faltimos meses al mando del equipo<\/a>\u00a0y que dej\u00f3 muy buenas sensaciones en los dos partidos oficiales que lleva con la Banda: 14 \u2018 ante Central C\u00f3rdoba y 18\u2019 vs. Belgrano. Porque pide la pelota, no le quema en sus pies y tampoco se achica en acelerar y buscar el arco con voracidad, y le ven un panorama de juego que le permite conectarse con fluidez y precisi\u00f3n con sus compa\u00f1eros.<\/p>\n<p><strong>Cerrar este trato lo antes posible es la prioridad de River en 2023 con respecto a los contratos que terminan a fin de a\u00f1o<\/strong>, porque la notoria evoluci\u00f3n y proyecci\u00f3n de Alfonso as\u00ed lo demanda: si el pibe logra una explosi\u00f3n este semestre la negociaci\u00f3n resultar\u00eda l\u00f3gicamente m\u00e1s compleja<\/p>\n<p><strong>Con El\u00edas L\u00f3pez (22 a\u00f1os) y Tom\u00e1s Castro Ponce (21), quienes volvieron de sus pr\u00e9stamos en Godoy Cruz, no hay tanta prisa<\/strong>. De hecho, ya hubo algunas charlas con sus agentes y el panorama es optimista. El lateral derecho est\u00e1 en la etapa final de recuperaci\u00f3n de la rotura del ligamento cruzado en su rodilla izquierda y el polifuncional volante convenci\u00f3 al entrenador en la pretemporada. Por eso, los dos est\u00e1n en sus planes para el futuro.<\/p>\n","protected":false},"excerpt":{"rendered":"<p>Los dirigentes avanzan en el objetivo de extender el contrato del juvenil por al menos dos a\u00f1os y elevar el monto de la cl\u00e1usula de rescisi\u00f3n.<\/p>\n","protected":false},"author":3,"featured_media":6519,"comment_status":"open","ping_status":"open","sticky":false,"template":"","format":"standard","meta":{"_jetpack_memberships_contains_paid_content":false,"footnotes":""},"categories":[15,17],"tags":[],"class_list":["post-6517","post","type-post","status-publish","format-standard","has-post-thumbnail","hentry","category-deporte","category-nacional"],"jetpack_featured_media_url":"https:\/\/comunicartesanluis.com\/v1\/wp-content\/uploads\/2023\/02\/RIVER-PIBE.webp","jetpack_sharing_enabled":true,"_links":{"self":[{"href":"https:\/\/comunicartesanluis.com\/index.php\/wp-json\/wp\/v2\/posts\/6517","targetHints":{"allow":["GET"]}}],"collection":[{"href":"https:\/\/comunicartesanluis.com\/index.php\/wp-json\/wp\/v2\/posts"}],"about":[{"href":"https:\/\/comunicartesanluis.com\/index.php\/wp-json\/wp\/v2\/types\/post"}],"author":[{"embeddable":true,"href":"https:\/\/comunicartesanluis.com\/index.php\/wp-json\/wp\/v2\/users\/3"}],"replies":[{"embeddable":true,"href":"https:\/\/comunicartesanluis.com\/index.php\/wp-json\/wp\/v2\/comments?post=6517"}],"version-history":[{"count":1,"href":"https:\/\/comunicartesanluis.com\/index.php\/wp-json\/wp\/v2\/posts\/6517\/revisions"}],"predecessor-version":[{"id":6520,"href":"https:\/\/comunicartesanluis.com\/index.php\/wp-json\/wp\/v2\/posts\/6517\/revisions\/6520"}],"wp:featuredmedia":[{"embeddable":true,"href":"https:\/\/comunicartesanluis.com\/index.php\/wp-json\/wp\/v2\/media\/6519"}],"wp:attachment":[{"href":"https:\/\/comunicartesanluis.com\/index.php\/wp-json\/wp\/v2\/media?parent=6517"}],"wp:term":[{"taxonomy":"category","embeddable":true,"href":"https:\/\/comunicartesanluis.com\/index.php\/wp-json\/wp\/v2\/categories?post=6517"},{"taxonomy":"post_tag","embeddable":true,"href":"https:\/\/comunicartesanluis.com\/index.php\/wp-json\/wp\/v2\/tags?post=6517"}],"curies":[{"name":"wp","href":"https:\/\/api.w.org\/{rel}","templated":true}]}}