{"id":6525,"date":"2023-02-07T16:47:51","date_gmt":"2023-02-07T19:47:51","guid":{"rendered":"https:\/\/comunicartesanluis.com\/?p=6525"},"modified":"2023-02-07T16:47:51","modified_gmt":"2023-02-07T19:47:51","slug":"atletas-de-san-luis-pre-seleccionados-para-el-argentina-u20","status":"publish","type":"post","link":"https:\/\/comunicartesanluis.com\/index.php\/2023\/02\/07\/atletas-de-san-luis-pre-seleccionados-para-el-argentina-u20\/","title":{"rendered":"Atletas de San Luis pre seleccionados para el Argentina U20"},"content":{"rendered":"<p>En el \u00faltimo bolet\u00edn de la CADA (Confederaci\u00f3n Argentina de Atletismo) los puntanos fueron llamados a la pre elecci\u00f3n de lo que ser\u00e1 el seleccionado nacional.<\/p>\n<p>Con vistas a varios torneos a futuro, como el campeonato ABP U20 en Posadas (22 y 23 de abril) , o el Sudamericano U20 en Bogot\u00e1 Colombia, (19 al 21 de Mayo), como tambi\u00e9n el Panamericano U20 en Mayaguez, Puerto Rico del (4 al 6 de Agosto) los sanluise\u00f1os buscaran su mejor performance, para ser parte de dichas contiendas.<\/p>\n<p><img decoding=\"async\" class=\"aligncenter wp-image-6528 size-full\" src=\"https:\/\/comunicartesanluis.com\/v1\/wp-content\/uploads\/2023\/02\/costa.jpg\" alt=\"\" width=\"756\" height=\"601\" srcset=\"https:\/\/comunicartesanluis.com\/v1\/wp-content\/uploads\/2023\/02\/costa-177x142.jpg 177w, https:\/\/comunicartesanluis.com\/v1\/wp-content\/uploads\/2023\/02\/costa-200x159.jpg 200w, https:\/\/comunicartesanluis.com\/v1\/wp-content\/uploads\/2023\/02\/costa-300x238.jpg 300w, https:\/\/comunicartesanluis.com\/v1\/wp-content\/uploads\/2023\/02\/costa-400x318.jpg 400w, https:\/\/comunicartesanluis.com\/v1\/wp-content\/uploads\/2023\/02\/costa-600x477.jpg 600w, https:\/\/comunicartesanluis.com\/v1\/wp-content\/uploads\/2023\/02\/costa.jpg 756w\" sizes=\"(max-width: 756px) 100vw, 756px\" \/><\/p>\n<p>Bien dicho en el bolet\u00edn instructivo (N12\/23), esta preselecci\u00f3n no asegura nada, mas que la oportunidad de poder participar. Cualquier atleta puede ser seleccionado igualmente o dado de baja Sofia Costa no cumplir los pasos evaluativos, de selecci\u00f3n o rendimiento.<\/p>\n<p><img decoding=\"async\" class=\"aligncenter wp-image-6527 size-full\" src=\"https:\/\/comunicartesanluis.com\/v1\/wp-content\/uploads\/2023\/02\/toto.jpeg\" alt=\"\" width=\"1200\" height=\"800\" srcset=\"https:\/\/comunicartesanluis.com\/v1\/wp-content\/uploads\/2023\/02\/toto-200x133.jpeg 200w, https:\/\/comunicartesanluis.com\/v1\/wp-content\/uploads\/2023\/02\/toto-300x200.jpeg 300w, https:\/\/comunicartesanluis.com\/v1\/wp-content\/uploads\/2023\/02\/toto-400x267.jpeg 400w, https:\/\/comunicartesanluis.com\/v1\/wp-content\/uploads\/2023\/02\/toto-600x400.jpeg 600w, https:\/\/comunicartesanluis.com\/v1\/wp-content\/uploads\/2023\/02\/toto-768x512.jpeg 768w, https:\/\/comunicartesanluis.com\/v1\/wp-content\/uploads\/2023\/02\/toto-800x533.jpeg 800w, https:\/\/comunicartesanluis.com\/v1\/wp-content\/uploads\/2023\/02\/toto-1024x683.jpeg 1024w, https:\/\/comunicartesanluis.com\/v1\/wp-content\/uploads\/2023\/02\/toto.jpeg 1200w\" sizes=\"(max-width: 1200px) 100vw, 1200px\" \/><\/p>\n<p><em><b>Por la provincia\u00a0participar\u00edan:<\/b><\/em><\/p>\n<p><em><strong>Tom\u00e1s Villegas (100 mtrs, 200 mtrs y Largo).<\/strong><\/em><\/p>\n<p><em><strong>Sof\u00eda Costa\u00a0 \/ 3000 y 5000 mtrs.<\/strong><\/em><\/p>\n<p><em><strong>Mar\u00eda Jos\u00e9 Rosales (1500 mtrs).<\/strong><\/em><\/p>\n<p><em><strong>Antonio \u00abToto\u00bb Mart\u00ednez (Jabalina).<\/strong><\/em><\/p>\n<p>&nbsp;<\/p>\n","protected":false},"excerpt":{"rendered":"<p>Sof\u00eda Costa, Lucas Villegas, Anton\u00edo Martinez y Mar\u00eda Rosales fueron pre seleccionados para la pr\u00f3xima competencia donde tambi\u00e9n participara Pedro Nadal como entrenador.<\/p>\n","protected":false},"author":3,"featured_media":6526,"comment_status":"open","ping_status":"open","sticky":false,"template":"","format":"standard","meta":{"_jetpack_memberships_contains_paid_content":false,"footnotes":""},"categories":[15,16,17],"tags":[],"class_list":["post-6525","post","type-post","status-publish","format-standard","has-post-thumbnail","hentry","category-deporte","category-local","category-nacional"],"jetpack_featured_media_url":"https:\/\/comunicartesanluis.com\/v1\/wp-content\/uploads\/2023\/02\/maria.jpeg","jetpack_sharing_enabled":true,"_links":{"self":[{"href":"https:\/\/comunicartesanluis.com\/index.php\/wp-json\/wp\/v2\/posts\/6525","targetHints":{"allow":["GET"]}}],"collection":[{"href":"https:\/\/comunicartesanluis.com\/index.php\/wp-json\/wp\/v2\/posts"}],"about":[{"href":"https:\/\/comunicartesanluis.com\/index.php\/wp-json\/wp\/v2\/types\/post"}],"author":[{"embeddable":true,"href":"https:\/\/comunicartesanluis.com\/index.php\/wp-json\/wp\/v2\/users\/3"}],"replies":[{"embeddable":true,"href":"https:\/\/comunicartesanluis.com\/index.php\/wp-json\/wp\/v2\/comments?post=6525"}],"version-history":[{"count":1,"href":"https:\/\/comunicartesanluis.com\/index.php\/wp-json\/wp\/v2\/posts\/6525\/revisions"}],"predecessor-version":[{"id":6529,"href":"https:\/\/comunicartesanluis.com\/index.php\/wp-json\/wp\/v2\/posts\/6525\/revisions\/6529"}],"wp:featuredmedia":[{"embeddable":true,"href":"https:\/\/comunicartesanluis.com\/index.php\/wp-json\/wp\/v2\/media\/6526"}],"wp:attachment":[{"href":"https:\/\/comunicartesanluis.com\/index.php\/wp-json\/wp\/v2\/media?parent=6525"}],"wp:term":[{"taxonomy":"category","embeddable":true,"href":"https:\/\/comunicartesanluis.com\/index.php\/wp-json\/wp\/v2\/categories?post=6525"},{"taxonomy":"post_tag","embeddable":true,"href":"https:\/\/comunicartesanluis.com\/index.php\/wp-json\/wp\/v2\/tags?post=6525"}],"curies":[{"name":"wp","href":"https:\/\/api.w.org\/{rel}","templated":true}]}}