{"id":6920,"date":"2023-02-23T09:41:17","date_gmt":"2023-02-23T12:41:17","guid":{"rendered":"https:\/\/comunicartesanluis.com\/?p=6920"},"modified":"2023-02-23T09:41:17","modified_gmt":"2023-02-23T12:41:17","slug":"cuando-definen-river-y-boca-el-trofeo-de-campeones","status":"publish","type":"post","link":"https:\/\/comunicartesanluis.com\/index.php\/2023\/02\/23\/cuando-definen-river-y-boca-el-trofeo-de-campeones\/","title":{"rendered":"\u00bfCu\u00e1ndo definen River y Boca el Trofeo de Campeones?"},"content":{"rendered":"<div class=\"sc-1558e203-1 VKwhD\">\n<div class=\"sc-1558e203-2 IQfFN\">\n<div class=\"sc-6d5ed123-0 fZCzxv\">\n<p class=\"sc-6d5ed123-3 dWRdTD\">\u00a1Y hay supercl\u00e1sico en la definici\u00f3n!<span style=\"font-size: 16px;\">\u00a0Finalmente, luego de tanto esperar,\u00a0<\/span><a class=\"slug\" style=\"font-size: 16px;\" title=\"Boca Juniors\" href=\"https:\/\/www.ole.com.ar\/tema\/boca-juniors.html\">Boca\u00a0<\/a><span style=\"font-size: 16px;\">ya conoce su rival para dirimir el\u00a0<\/span>Trofeo de Campeones del 2020<span style=\"font-size: 16px;\">, pospuesto hasta este momento por la pandemia: ser\u00e1\u00a0<\/span><a class=\"slug\" style=\"font-size: 16px;\" title=\"River Plate\" href=\"https:\/\/www.ole.com.ar\/tema\/river-plate.html\">River<\/a><span style=\"font-size: 16px;\">, que\u00a0<\/span>venci\u00f3 3 a 2 a Banfield<span style=\"font-size: 16px;\">\u00a0este mi\u00e9rcoles a la noche en C\u00f3rdoba con un doblete de Sim\u00f3n y otro de Borja y se clasific\u00f3 a la final. As\u00ed, se volver\u00e1n a ver las caras en un mano a mano por una copa nacional\u00a0<\/span>luego de la Supercopa 2018<span style=\"font-size: 16px;\">, que qued\u00f3 en manos del equipo que en aquel entonces dirig\u00eda\u00a0<\/span><a class=\"slug\" style=\"font-size: 16px;\" title=\"Marcelo Gallardo\" href=\"https:\/\/www.ole.com.ar\/tema\/marcelo-gallardo.html\">Marcelo Gallardo<\/a><span style=\"font-size: 16px;\">.<\/span><\/p>\n<\/div>\n<\/div>\n<\/div>\n<section class=\"sc-789c2df9-1 gTAKZa\">\n<article class=\"sc-789c2df9-2 bXGcen\">\n<article id=\"storyBody\" class=\"sc-789c2df9-10 exRanF\">\n<div class=\"sc-905ccbfc-5 hRcxjL\">\n<div id=\"div-gpt-ad-inread\">\n<div id=\"google_ads_iframe_\/242767168\/ole\/futbol-primera\/nota\/inread_0__container__\">En los pr\u00f3ximos d\u00edas se confirmar\u00e1 la fecha para esta final, pero hay chances de que sea<strong>\u00a0en mayo y probablemente tambi\u00e9n en el estadio Mario Alberto Kempes<\/strong>. Al principio estaba pautada para principios de marzo, pero se tom\u00f3 la decisi\u00f3n de correrla dos meses m\u00e1s por una cuesti\u00f3n de calendario. Y<strong>a se sabe que el 7 de mayo jugar\u00e1n en el Monumental por la Liga Profesional.<\/strong><\/div>\n<\/div>\n<\/div>\n<div class=\"custom-text \">\n<p><span style=\"font-size: 16px;\">Esta definici\u00f3n deb\u00eda enfrentar al ganador de la <\/span><strong style=\"font-size: 16px;\">Superliga\u00a0<\/strong><span style=\"font-size: 16px;\">con el vencedor de la\u00a0<\/span><strong style=\"font-size: 16px;\">Copa de la Superliga<\/strong><span style=\"font-size: 16px;\">\u00a0de dicho 2020. Boca fue el campe\u00f3n del torneo local y el segundo campeonato del semestre se suspendi\u00f3 debido a la irrupci\u00f3n del coronavirus. Cuando la actividad regres\u00f3, se hizo la Copa Diego Maradona y el ganador tambi\u00e9n fue el Xeneize, por lo que la AFA dispuso que el vencedor de este \u00e9ste deb\u00eda enfrentar al ganador de la Superliga.\u00a0<\/span><strong style=\"font-size: 16px;\">Como ambas competiciones las obtuvo Boca, los segundos se vieron las caras para acceder a un partido final<\/strong><span style=\"font-size: 16px;\">:\u00a0<\/span><strong style=\"font-size: 16px;\">River\u00a0<\/strong><span style=\"font-size: 16px;\">hab\u00eda sido segundo de la Superliga y\u00a0<\/span><strong style=\"font-size: 16px;\">Banfield<\/strong><span style=\"font-size: 16px;\">, de la Copa DAM.<\/span><\/p>\n<\/div>\n<\/article>\n<\/article>\n<\/section>\n<p>&nbsp;<\/p>\n<p>&nbsp;<\/p>\n<p>Ol\u00e9<\/p>\n","protected":false},"excerpt":{"rendered":"<p>El equipo de Demichelis le gan\u00f3 a Banfield en la semifinal y habr\u00e1 supercl\u00e1sico en la final.<\/p>\n","protected":false},"author":3,"featured_media":6921,"comment_status":"open","ping_status":"open","sticky":false,"template":"","format":"standard","meta":{"_jetpack_memberships_contains_paid_content":false,"footnotes":""},"categories":[8,15,17],"tags":[],"class_list":["post-6920","post","type-post","status-publish","format-standard","has-post-thumbnail","hentry","category-actualidad","category-deporte","category-nacional"],"jetpack_featured_media_url":"https:\/\/comunicartesanluis.com\/v1\/wp-content\/uploads\/2023\/02\/river-boca.webp","jetpack_sharing_enabled":true,"_links":{"self":[{"href":"https:\/\/comunicartesanluis.com\/index.php\/wp-json\/wp\/v2\/posts\/6920","targetHints":{"allow":["GET"]}}],"collection":[{"href":"https:\/\/comunicartesanluis.com\/index.php\/wp-json\/wp\/v2\/posts"}],"about":[{"href":"https:\/\/comunicartesanluis.com\/index.php\/wp-json\/wp\/v2\/types\/post"}],"author":[{"embeddable":true,"href":"https:\/\/comunicartesanluis.com\/index.php\/wp-json\/wp\/v2\/users\/3"}],"replies":[{"embeddable":true,"href":"https:\/\/comunicartesanluis.com\/index.php\/wp-json\/wp\/v2\/comments?post=6920"}],"version-history":[{"count":1,"href":"https:\/\/comunicartesanluis.com\/index.php\/wp-json\/wp\/v2\/posts\/6920\/revisions"}],"predecessor-version":[{"id":6922,"href":"https:\/\/comunicartesanluis.com\/index.php\/wp-json\/wp\/v2\/posts\/6920\/revisions\/6922"}],"wp:featuredmedia":[{"embeddable":true,"href":"https:\/\/comunicartesanluis.com\/index.php\/wp-json\/wp\/v2\/media\/6921"}],"wp:attachment":[{"href":"https:\/\/comunicartesanluis.com\/index.php\/wp-json\/wp\/v2\/media?parent=6920"}],"wp:term":[{"taxonomy":"category","embeddable":true,"href":"https:\/\/comunicartesanluis.com\/index.php\/wp-json\/wp\/v2\/categories?post=6920"},{"taxonomy":"post_tag","embeddable":true,"href":"https:\/\/comunicartesanluis.com\/index.php\/wp-json\/wp\/v2\/tags?post=6920"}],"curies":[{"name":"wp","href":"https:\/\/api.w.org\/{rel}","templated":true}]}}