{"id":7043,"date":"2023-02-28T11:21:01","date_gmt":"2023-02-28T14:21:01","guid":{"rendered":"https:\/\/comunicartesanluis.com\/?p=7043"},"modified":"2023-02-28T11:21:01","modified_gmt":"2023-02-28T14:21:01","slug":"los-23-convocados-de-boca-para-la-final-con-patronato-y-los-otros-que-tambien-viajan","status":"publish","type":"post","link":"https:\/\/comunicartesanluis.com\/index.php\/2023\/02\/28\/los-23-convocados-de-boca-para-la-final-con-patronato-y-los-otros-que-tambien-viajan\/","title":{"rendered":"Los 23 convocados de Boca para la final con Patronato y los otros que tambi\u00e9n viajan"},"content":{"rendered":"<p><strong>Se vuelve a repetir la log\u00edstica en Boca.\u00a0<\/strong>La misma que el cuerpo t\u00e9cnico y el Consejo us\u00f3 en el viaje a Al Ain para disputar la Supercopa Internacional con Racing. Y eso, por supuesto, incluye nada menos que a<a class=\"slug\" title=\"Juan Rom\u00e1n Riquelme\" href=\"https:\/\/www.ole.com.ar\/tema\/juan-roman-riquelme.html\"><strong>\u00a0Juan Rom\u00e1n Riquelme<\/strong><\/a>: hasta ahora\u00a0<strong>est\u00e1 todo dado para que el vicepresidente se suba al avi\u00f3n que llevar\u00e1 al plantel a Santiago del Estero, en donde este mi\u00e9rcoles disputar\u00e1 una nueva final contra Patronato<\/strong>. Sin embargo, la de JR no ser\u00eda la \u00fanica sorpresa en la delegaci\u00f3n&#8230;<\/p>\n<p>Al igual que ocurri\u00f3 en enero con la traves\u00eda a Emiratos \u00c1rabes,\u00a0<strong>el t\u00e9cnico de Boca incluy\u00f3 en la lista de convocados y de viajeros a todo el plantel, incluido los lesionados.<\/strong>\u00a0Salvo, claro, al<a class=\"slug\" title=\"Exequiel Zeballos\" href=\"https:\/\/www.ole.com.ar\/tema\/exequiel-zeballos.html\"><strong>\u00a0Changuito Zeballos<\/strong><\/a>, a quien\u00a0<a href=\"https:\/\/www.ole.com.ar\/boca-juniors\/exequiel-zeballos-boca-lesion-operacion_0_wvpCfYryPf.html\" target=\"_blank\" rel=\"noopener\"><strong>lo operaron hace menos de un mes en los meniscos\u00a0<\/strong><\/a>y por recomendaci\u00f3n m\u00e9dica se quedar\u00e1 recuper\u00e1ndose en Buenos Aires.<\/p>\n<p>Pero despu\u00e9s, embarcan todos: adem\u00e1s de los<strong>\u00a023 convocados<\/strong>\u00a0que Ibarra tendr\u00e1 a disposici\u00f3n para jugar la Supercopa Argentina ante Patronato (desde las 21.15), los otros que acompa\u00f1ar\u00e1n al plantel\u00a0<strong>son Marcos Rojo, Nicol\u00e1s Orsini, Gabriel Aranda, Luis V\u00e1zquez, Leandro Brey, Gonzalo Morales, el Pulpo Gonz\u00e1lez e incluso el juvenil Rodrigo Montes.<\/strong><\/p>\n<p>Sin dudas que\u00a0<strong>la presencia de Rom\u00e1n es la que se lleva todos los flashes,<\/strong>\u00a0ya que el vice de Boca\u00a0<strong>no suele acompa\u00f1ar al plantel\u00a0<\/strong>las veces que juega de visitante, ya sea en capital, en el Gran Buenos Aires o en alguna provincia. Pero s\u00ed lo ha hecho en ocasiones las veces que viaj\u00f3 por Libertadores (no todas, obvio) y la ya mencionada en Al Ain.<\/p>\n<div class=\"custom-text \">\n<h2><strong>LOS CONVOCADOS QUE S\u00cd EST\u00c1N PARA JUGAR<\/strong><\/h2>\n<\/div>\n<div class=\"custom-text \">\n<p>En cuanto a los futbolistas que Ibarra s\u00ed convoc\u00f3 para jugar, no hay grandes cambios respecto a la plantilla del s\u00e1bado pasado con V\u00e9lez.\u00a0<a href=\"https:\/\/www.ole.com.ar\/boca-juniors\/boca-prepara-final-patronato-vuelta-bruno-valdez_0_aNPe0Z11v0.html\" target=\"_blank\" rel=\"noopener\"><strong>S\u00ed se destaca la presencia de Bruno Valdez, que se recuper\u00f3 de una sobrecarga en el isquiotibial derecho que sufri\u00f3 contra Platense<\/strong><\/a>\u00a0y que no le permiti\u00f3 estar en Liners. Despu\u00e9s son casi los mismos,\u00a0<strong>incluido Frank Fabra, Sebasti\u00e1n Villa y Dar\u00edo Benedetto, que reaparecieron el finde pasado.<\/strong><\/p>\n<p>Por lo visto, no es un partido m\u00e1s el de este mi\u00e9rcoles.\u00a0<strong>Y por eso en Boca van por todo. Y con todos.<\/strong><\/p>\n<\/div>\n<p>&nbsp;<\/p>\n<p>&nbsp;<\/p>\n<p>&nbsp;<\/p>\n<p>Fuente: ol\u00e9.<\/p>\n","protected":false},"excerpt":{"rendered":"<p>Hugo Ibarra dio la lista de jugadores que ir\u00e1n a Santiago del Estero para disputar la Supercopa Argentina. Hay sorpresas.<\/p>\n","protected":false},"author":3,"featured_media":7044,"comment_status":"open","ping_status":"open","sticky":false,"template":"","format":"standard","meta":{"_jetpack_memberships_contains_paid_content":false,"footnotes":""},"categories":[15,17],"tags":[],"class_list":["post-7043","post","type-post","status-publish","format-standard","has-post-thumbnail","hentry","category-deporte","category-nacional"],"jetpack_featured_media_url":"https:\/\/comunicartesanluis.com\/v1\/wp-content\/uploads\/2023\/02\/V-c4yFtq5_720x0__1.jpg","jetpack_sharing_enabled":true,"_links":{"self":[{"href":"https:\/\/comunicartesanluis.com\/index.php\/wp-json\/wp\/v2\/posts\/7043","targetHints":{"allow":["GET"]}}],"collection":[{"href":"https:\/\/comunicartesanluis.com\/index.php\/wp-json\/wp\/v2\/posts"}],"about":[{"href":"https:\/\/comunicartesanluis.com\/index.php\/wp-json\/wp\/v2\/types\/post"}],"author":[{"embeddable":true,"href":"https:\/\/comunicartesanluis.com\/index.php\/wp-json\/wp\/v2\/users\/3"}],"replies":[{"embeddable":true,"href":"https:\/\/comunicartesanluis.com\/index.php\/wp-json\/wp\/v2\/comments?post=7043"}],"version-history":[{"count":1,"href":"https:\/\/comunicartesanluis.com\/index.php\/wp-json\/wp\/v2\/posts\/7043\/revisions"}],"predecessor-version":[{"id":7045,"href":"https:\/\/comunicartesanluis.com\/index.php\/wp-json\/wp\/v2\/posts\/7043\/revisions\/7045"}],"wp:featuredmedia":[{"embeddable":true,"href":"https:\/\/comunicartesanluis.com\/index.php\/wp-json\/wp\/v2\/media\/7044"}],"wp:attachment":[{"href":"https:\/\/comunicartesanluis.com\/index.php\/wp-json\/wp\/v2\/media?parent=7043"}],"wp:term":[{"taxonomy":"category","embeddable":true,"href":"https:\/\/comunicartesanluis.com\/index.php\/wp-json\/wp\/v2\/categories?post=7043"},{"taxonomy":"post_tag","embeddable":true,"href":"https:\/\/comunicartesanluis.com\/index.php\/wp-json\/wp\/v2\/tags?post=7043"}],"curies":[{"name":"wp","href":"https:\/\/api.w.org\/{rel}","templated":true}]}}