{"id":7093,"date":"2023-03-02T10:49:23","date_gmt":"2023-03-02T13:49:23","guid":{"rendered":"https:\/\/comunicartesanluis.com\/?p=7093"},"modified":"2023-03-02T10:49:23","modified_gmt":"2023-03-02T13:49:23","slug":"se-confirmo-que-el-segundo-amistoso-de-la-seleccion-argentina-se-disputara-en-el-madre-de-ciudades","status":"publish","type":"post","link":"https:\/\/comunicartesanluis.com\/index.php\/2023\/03\/02\/se-confirmo-que-el-segundo-amistoso-de-la-seleccion-argentina-se-disputara-en-el-madre-de-ciudades\/","title":{"rendered":"Se confirm\u00f3 que el segundo amistoso de la Selecci\u00f3n Argentina se disputar\u00e1 en el Madre de Ciudades"},"content":{"rendered":"<p>Aunque todo indicaba que C\u00f3rdoba brindar\u00eda el escenario para ver a la selecci\u00f3n campeona del mundo en su segundo compromiso amistoso tras el logro Qatar 2022, el gobierno de\u00a0<strong>Santiago del Estero<\/strong>\u00a0comunic\u00f3 que el Madre de Ciudades albergar\u00e1 al equipo de Lionel Scaloni.<\/p>\n<p>El segundo amistoso del seleccionado en el pa\u00eds,\u00a0<strong>ser\u00e1 en el Madre de Ciudades<\/strong>, en el que Boca y Patronato animaron la Supercopa Argentina. El presidente de la AFA, Claudio Tapia, y el gobernador Gerardo Zamora hicieron el anuncio antes de ese partido.<\/p>\n<p>De esta manera, el primero de los amistosos de la\u00a0<strong>doble fecha FIFA<\/strong>\u00a0ser\u00e1 el\u00a0<strong>jueves 23 ante Panam\u00e1, en cancha de River Plate<\/strong>. El segundo, cinco d\u00edas m\u00e1s tarde en Santiago del Estero ante la selecci\u00f3n de Curazao, que se ubica en la posici\u00f3n 61 del ranking mundial FIFA.<\/p>\n<div class=\"sp__Normal htmlLibre embed-body\">\n<div class=\"&quot;twitter-tweet&quot;\" style=\"box-sizing: border-box; border: 0px; font-size: inherit; font-style: inherit; font-weight: inherit; list-style-type: none; margin: 0px; outline: 0px; padding: 0px; vertical-align: baseline;\" data-urlsrc=\"https:\/\/twitter.com\/GobiernoSDE\/status\/1631079749933056003\" data-htmllibre=\"&quot;&lt;blockquote\">\n<p dir=\"&quot;ltr&quot;\" lang=\"&quot;es&quot;\">\ud83c\udde6\ud83c\uddf7\ud83c\udde6\ud83c\uddf7\u00a1La selecci\u00f3n campeona del mundo <a href=\"&quot;https:\/\/twitter.com\/Argentina?ref_src=twsrc%5Etfw&quot;\">@Argentina<\/a> llega a <a href=\"&quot;https:\/\/twitter.com\/hashtag\/SantiagoDelEstero?src=hash&amp;amp;ref_src=twsrc%5Etfw&quot;\">#SantiagoDelEstero<\/a>! \ud83c\udde6\ud83c\uddf7\ud83c\udde6\ud83c\uddf7<\/p>\n<p>\ud83d\uddd3\ufe0f El d\u00eda 28\/03 vs. Curazao vamos a vivir la pasi\u00f3n nacional en nuestro <a href=\"&quot;https:\/\/twitter.com\/EstadioUnicoSGO?ref_src=twsrc%5Etfw&quot;\">@EstadioUnicoSGO<\/a> \u2764\ufe0f<\/p>\n<p>&amp;mdash; Gobierno de Santiago del Estero (@GobiernoSDE) <a href=\"&quot;https:\/\/twitter.com\/GobiernoSDE\/status\/1631079749933056003?ref_src=twsrc%5Etfw&quot;\">March 1, 2023<\/a> <script async src=&quot;https:\/\/platform.twitter.com\/widgets.js&quot; charset=&quot;utf-8&quot;><\/script> \u00bb data-providername=\u00bbtwitter\u00bb&gt;<\/p>\n<div class=\"twitter-tweet twitter-tweet-rendered\"><iframe id=\"twitter-widget-0\" class=\"\" title=\"Twitter Tweet\" src=\"https:\/\/platform.twitter.com\/embed\/Tweet.html?dnt=false&amp;embedId=twitter-widget-0&amp;features=eyJ0ZndfdGltZWxpbmVfbGlzdCI6eyJidWNrZXQiOltdLCJ2ZXJzaW9uIjpudWxsfSwidGZ3X2ZvbGxvd2VyX2NvdW50X3N1bnNldCI6eyJidWNrZXQiOnRydWUsInZlcnNpb24iOm51bGx9LCJ0ZndfdHdlZXRfZWRpdF9iYWNrZW5kIjp7ImJ1Y2tldCI6Im9uIiwidmVyc2lvbiI6bnVsbH0sInRmd19yZWZzcmNfc2Vzc2lvbiI6eyJidWNrZXQiOiJvbiIsInZlcnNpb24iOm51bGx9LCJ0ZndfbWl4ZWRfbWVkaWFfMTU4OTciOnsiYnVja2V0IjoidHJlYXRtZW50IiwidmVyc2lvbiI6bnVsbH0sInRmd19leHBlcmltZW50c19jb29raWVfZXhwaXJhdGlvbiI6eyJidWNrZXQiOjEyMDk2MDAsInZlcnNpb24iOm51bGx9LCJ0ZndfZHVwbGljYXRlX3NjcmliZXNfdG9fc2V0dGluZ3MiOnsiYnVja2V0Ijoib24iLCJ2ZXJzaW9uIjpudWxsfSwidGZ3X3ZpZGVvX2hsc19keW5hbWljX21hbmlmZXN0c18xNTA4MiI6eyJidWNrZXQiOiJ0cnVlX2JpdHJhdGUiLCJ2ZXJzaW9uIjpudWxsfSwidGZ3X2xlZ2FjeV90aW1lbGluZV9zdW5zZXQiOnsiYnVja2V0Ijp0cnVlLCJ2ZXJzaW9uIjpudWxsfSwidGZ3X3R3ZWV0X2VkaXRfZnJvbnRlbmQiOnsiYnVja2V0Ijoib24iLCJ2ZXJzaW9uIjpudWxsfX0%3D&amp;frame=false&amp;hideCard=false&amp;hideThread=false&amp;id=1631079749933056003&amp;lang=es&amp;origin=https%3A%2F%2Fwww.clarin.com%2Fdeportes%2Fconfirmo-segundo-amistoso-seleccion-argentina-disputara-madre-ciudades_0_5ptPaFPDqN.html&amp;sessionId=0a4c6ed691fefc06a04d19360381b5a0916e7b3c&amp;theme=light&amp;widgetsVersion=aaf4084522e3a%3A1674595607486&amp;width=550px\" frameborder=\"0\" scrolling=\"no\" allowfullscreen=\"allowfullscreen\" data-mce-fragment=\"1\"><\/iframe><\/div>\n<blockquote class=\"twitter-tweet\" data-twitter-extracted-i1677768324763486096=\"true\">\n<p dir=\"ltr\" lang=\"es\">\n<\/blockquote>\n<\/div>\n<\/div>\n<p>Inicialmente el primero de los partidos estaba previsto para el viernes 24, pero la serie de marchas y actos conmemorativos por el\u00a0<strong>D\u00eda Nacional de la Memoria, Verdad y Justicia<\/strong>\u00a0deriv\u00f3 en que el primer contacto del p\u00fablico argentino con el seleccionado albiceleste campe\u00f3n ecum\u00e9nico se adelante 24 horas.<\/p>\n<p>Argentina re\u00fane dos antecedentes de enfrentamientos con Panam\u00e1 a lo largo del historial. El primero de ellos consisti\u00f3 en un amistoso en la cancha de Col\u00f3n de Santa Fe, en mayo de 2009.<\/p>\n<p>En aquella ocasi\u00f3n, el equipo conducido en ese entonces por\u00a0<strong>Diego Maradona<\/strong>, se impuso 3-1 con los goles marcados por Mat\u00edas Defederico y dos de Gonzalo Bergessio. La formaci\u00f3n incluy\u00f3 solamente a jugadores que actuaban en el \u00e1mbito local. El descuento paname\u00f1o\u00a0fue obra de Nelson Barahona.<\/p>\n<p>A\u00f1os despu\u00e9s, ya con todas sus figuras, el conjunto que orientaba Gerardo &#8216;Tata&#8217; Martino super\u00f3 a su par paname\u00f1o por 5-0, en partido de la fase de clasificaci\u00f3n de la Copa Am\u00e9rica Centenario en Estados Unidos 2016.<\/p>\n<p>En aquella tarde de viernes en el estadio Soldier Field de Chicago,\u00a0<strong>Lionel Messi<\/strong>\u00a0result\u00f3 la figura como en tantas otras jornadas, marcando tres goles. Los otros tantos fueron obra de Nicol\u00e1s Otamendi y Sergio Ag\u00fcero.<\/p>\n","protected":false},"excerpt":{"rendered":"<p>Lo confirm\u00f3 Chiqui Tapia junto al gobernador de Santiago del Estero, Gerardo Zamora, antes del partido entre Boca y Patronato. Ser\u00e1 a fin de mes, ante Curazao.<\/p>\n","protected":false},"author":3,"featured_media":7094,"comment_status":"open","ping_status":"open","sticky":false,"template":"","format":"standard","meta":{"_jetpack_memberships_contains_paid_content":false,"footnotes":""},"categories":[15,17],"tags":[],"class_list":["post-7093","post","type-post","status-publish","format-standard","has-post-thumbnail","hentry","category-deporte","category-nacional"],"jetpack_featured_media_url":"https:\/\/comunicartesanluis.com\/v1\/wp-content\/uploads\/2023\/03\/cancha.jpg","jetpack_sharing_enabled":true,"_links":{"self":[{"href":"https:\/\/comunicartesanluis.com\/index.php\/wp-json\/wp\/v2\/posts\/7093","targetHints":{"allow":["GET"]}}],"collection":[{"href":"https:\/\/comunicartesanluis.com\/index.php\/wp-json\/wp\/v2\/posts"}],"about":[{"href":"https:\/\/comunicartesanluis.com\/index.php\/wp-json\/wp\/v2\/types\/post"}],"author":[{"embeddable":true,"href":"https:\/\/comunicartesanluis.com\/index.php\/wp-json\/wp\/v2\/users\/3"}],"replies":[{"embeddable":true,"href":"https:\/\/comunicartesanluis.com\/index.php\/wp-json\/wp\/v2\/comments?post=7093"}],"version-history":[{"count":2,"href":"https:\/\/comunicartesanluis.com\/index.php\/wp-json\/wp\/v2\/posts\/7093\/revisions"}],"predecessor-version":[{"id":7096,"href":"https:\/\/comunicartesanluis.com\/index.php\/wp-json\/wp\/v2\/posts\/7093\/revisions\/7096"}],"wp:featuredmedia":[{"embeddable":true,"href":"https:\/\/comunicartesanluis.com\/index.php\/wp-json\/wp\/v2\/media\/7094"}],"wp:attachment":[{"href":"https:\/\/comunicartesanluis.com\/index.php\/wp-json\/wp\/v2\/media?parent=7093"}],"wp:term":[{"taxonomy":"category","embeddable":true,"href":"https:\/\/comunicartesanluis.com\/index.php\/wp-json\/wp\/v2\/categories?post=7093"},{"taxonomy":"post_tag","embeddable":true,"href":"https:\/\/comunicartesanluis.com\/index.php\/wp-json\/wp\/v2\/tags?post=7093"}],"curies":[{"name":"wp","href":"https:\/\/api.w.org\/{rel}","templated":true}]}}