{"id":7098,"date":"2023-03-02T11:03:57","date_gmt":"2023-03-02T14:03:57","guid":{"rendered":"https:\/\/comunicartesanluis.com\/?p=7098"},"modified":"2023-03-02T11:03:57","modified_gmt":"2023-03-02T14:03:57","slug":"angel-di-maria-campeon-del-mundo-es-el-tercer-jugador-mas-importante-de-la-seleccion-detras-de-messi-y-maradona","status":"publish","type":"post","link":"https:\/\/comunicartesanluis.com\/index.php\/2023\/03\/02\/angel-di-maria-campeon-del-mundo-es-el-tercer-jugador-mas-importante-de-la-seleccion-detras-de-messi-y-maradona\/","title":{"rendered":"Angel Di Mar\u00eda, campe\u00f3n del mundo: \u00bfes el tercer jugador m\u00e1s importante de la Selecci\u00f3n detr\u00e1s de Messi y Maradona?"},"content":{"rendered":"<p>Hace unos d\u00edas, en algunas redes sociales, un futbolero se pregunt\u00f3 en qu\u00e9 lugar de la historia de la Selecci\u00f3n Argentina habr\u00eda que ubicar a\u00a0<strong>Angel Di Mar\u00eda<\/strong>. Un debate interesante y, por supuesto, subjetivo seg\u00fan edades y gustos futbol\u00edsticos. Hay una coincidencia: los dos primeros puestos son para\u00a0<strong>Diego Maradona\u00a0<\/strong>y\u00a0<strong>Lionel Messi<\/strong>. Ambos\u00a0lideraron la conquista de una Copa del Mundo y son los \u00fanicos que vistieron m\u00e1s de 17 a\u00f1os la casaca albiceleste. La pelea es del tercer puesto para abajo.<\/p>\n<div class=\"teads-adCall\"><\/div>\n<p>En los posteos, hay tres nombres que aparecen repetidos sobre otros:\u00a0<strong>Daniel Passarella<\/strong>, capit\u00e1n del campe\u00f3n de 1978;\u00a0<strong>Mario Alberto Kempes<\/strong>, goleador de la primera Copa del Mundo; y &#8216;Fideo&#8217;, flamante campe\u00f3n en Qatar. Tambi\u00e9n aparecieron los nombres de\u00a0<strong>Alfredo Di St\u00e9fano<\/strong>,\u00a0<strong>Enrique Omar S\u00edvori\u00a0<\/strong>y\u00a0<strong>Juan Rom\u00e1n Riquelme<\/strong>, aunque entraron en estado de confusi\u00f3n al hablar del f\u00fatbol argentino en general y no del seleccionado en particular.<\/p>\n<p><strong>Di St\u00e9fano<\/strong>\u00a0apenas jug\u00f3\u00a0<strong>6 partidos\u00a0<\/strong>en el Sudamericano de 1947, luego emigr\u00f3 a Colombia y m\u00e1s tarde a Espa\u00f1a donde se nacionaliz\u00f3 y jug\u00f3 para el seleccionado de ese pa\u00eds. Un caso similar fue el de\u00a0<strong>S\u00edvori<\/strong>, campe\u00f3n en Lima en 1957 con la Selecci\u00f3n y luego \u201coriundis\u201d en\u00a0<strong>Italia<\/strong>, que le permiti\u00f3 defender los colores de la Azzurra.\u00a0<strong>Rom\u00e1n<\/strong>, en tanto, fue un jugador extraordinario pero su aporte en la Selecci\u00f3n se diluy\u00f3 cuando renunci\u00f3 tras la designaci\u00f3n de Diego Maradona como entrenador.<\/p>\n<p><img decoding=\"async\" src=\"https:\/\/www.clarin.com\/img\/2011\/12\/15\/H1zdQM-AQl_720x0.jpg\" alt=\"Riquelme y Messi juntos en los Juegos Ol\u00edmpicos de Beijing 2008. Foto: AFP.\" \/><\/p>\n<p>Descartados estos tres nombres por obvias razones, vale la pena hacer un repaso del aporte de los otros tres en cuesti\u00f3n, dejando de lado a muchos con gran trayectoria pero sin t\u00edtulos mundiales ni protagonismo relevante durante la Copa del Mundo.<\/p>\n<p>De los tres, el\u00a0<strong>Matador Kempes<\/strong>\u00a0fue el primero que visti\u00f3 los colores, cuando todav\u00eda jugaba en Instituto de C\u00f3rdoba. Lo hizo de entrada en juveniles, integrando el plantel que particip\u00f3 del torneo de Cannes en abril de 1973: en\u00a0<strong>tres partidos hizo cuatro goles<\/strong>. Todav\u00eda no hab\u00eda Mundiales de esas categor\u00edas menores y la participaci\u00f3n de la Argentina en los Juegos Ol\u00edmpicos eran espor\u00e1dicas.<\/p>\n<p>Kempes integr\u00f3 el famoso plantel conocido como la\u00a0<strong>Selecci\u00f3n Fantasma<\/strong>, que estuvo m\u00e1s de un mes aclimat\u00e1ndose a la altura para jugar en La Paz, Bolivia. En ese partido, que Argentina derrot\u00f3 1-0 a Bolivia con gol de Oscar Fornari el 23 de septiembre de 1973, debut\u00f3 en la Selecci\u00f3n mayor. De Instituto pas\u00f3 a Central y fue uno de los 22 integrantes del plantel argentino que jug\u00f3 el Mundial de Alemania en 1974.<\/p>\n<p>Figura y goleador de Rosario Central, Kempes fue vendido al Valencia de Espa\u00f1a en agosto de 1976. Para que se concrete la operaci\u00f3n, necesit\u00f3 antes el visto bueno de C\u00e9sar Luis Menotti (autorizaci\u00f3n de pu\u00f1o y letra) y la aprobaci\u00f3n de una Asamblea del club rosarino. Ten\u00eda 22 a\u00f1os.<\/p>\n<p>Desde la d\u00e9cada del 50 exist\u00edan restricciones para la transferencias de juveniles convocados a la Selecci\u00f3n, m\u00e1s a\u00fan en la previa de los torneos internacionales. El 27 de agosto, Menotti firm\u00f3 la aprobaci\u00f3n de los pases al exterior de Marcelo Trobbiani, H\u00e9ctor Scotta, Norberto Alonso y Kempes. Despu\u00e9s, se agudiz\u00f3 la prohibici\u00f3n con la lista de intransferibles, en la que se incluy\u00f3 a Diego Maradona, quien apenas ten\u00eda 16 a\u00f1os.\u00a0<strong>El Matador fue el \u00fanico jugador que actuaba en el exterior de la lista definitiva para el Mundial 78<\/strong>.<\/p>\n<p>Titular indiscutido, Mario jug\u00f3 los tres partidos de la fase de grupos y no pudo hacer goles, su mayor fortaleza. De c\u00e1bala, Menotti le sugiri\u00f3 que se afeitara el bigote. En el grupo semifinal, se destap\u00f3. Marc\u00f3 dos goles ante Polonia, adem\u00e1s de evitar un gol con la mano cuando el partido estaba 1-0 y\u00a0por las reglamentaciones de la \u00e9poca hasta zaf\u00f3 de la amarilla (el Pato Fillol le ataj\u00f3 el penal a Deyna). Anot\u00f3 otros dos en el 6-0 a Per\u00fa y dos en la final (3-1) ante Holanda, hoy oficialmente Pa\u00edses Bajos.<\/p>\n<p>Figura del f\u00fatbol argentino y espa\u00f1ol, River lo contrat\u00f3 en 1981 para contrarrestar el efecto Diego Maradona en Boca. Tambi\u00e9n fue titular en el Mundial de 1982, su \u00faltimo a\u00f1o en la Selecci\u00f3n. Entre 1973 y 1982 disput\u00f3 43 partidos y marc\u00f3 20 goles.<\/p>\n<p><img decoding=\"async\" src=\"https:\/\/www.clarin.com\/img\/2022\/12\/27\/IEElku8EB_720x0__1.jpg\" alt=\"Mario Alberto Kempes en 1978,\" \/><\/p>\n<p>Despu\u00e9s apareci\u00f3 Passarella, quien tambi\u00e9n tuvo un paso por las juveniles. Ya con Menotti como entrenador de la Selecci\u00f3n, el defensor de River fue convocado para participar del Torneo Esperanzas de Toulon, otro cl\u00e1sico de la costa azul francesa, en mayo de 1975. La competencia permit\u00eda solo dos jugadores mayores de 19 a\u00f1os. Fueron\u00a0<strong>Passarella<\/strong>, que el 25 de mayo cumpl\u00eda 22, y\u00a0<strong>Jos\u00e9 Luis Pavoni<\/strong>. El d\u00eda de su cumplea\u00f1os, el futuro capit\u00e1n\u00a0se consagr\u00f3 campe\u00f3n, final que Argentina le gan\u00f3 1-0 a Francia.<\/p>\n<p>Sin embargo, el &#8216;Kaiser&#8217; reci\u00e9n debut\u00f3 en la Mayor el 20 de marzo de 1976, en la gira que realiz\u00f3 el seleccionado por Uni\u00f3n Sovi\u00e9tica y Polonia. Fue en Kiev, ante la ex URSS, e ingres\u00f3 a los 19 minutos del segundo tiempo por Ricardo Bochini. Tras la renuncia de Jorge Carrascosa en enero de 1978, fue designado capit\u00e1n.\u00a0<strong>El 25 de junio de 1978 fue el primer\u00a0futbolista\u00a0argentino que levant\u00f3 la Copa del Mundo<\/strong>.<\/p>\n<p>Se mantuvo como capit\u00e1n hasta el 2 de julio de 1982, d\u00eda que Argentina qued\u00f3 eliminada del Mundial de Espa\u00f1a tras perder 3-1 con Brasil. Una de las primeras decisiones del nuevo entrenador\u00a0<strong>Carlos Salvador Bilardo\u00a0<\/strong>fue darle la cinta a Diego Maradona. Sin embargo, Passarella fue el principal protagonista de la clasificaci\u00f3n a M\u00e9xico, el 30 de junio de 1985 ante Per\u00fa (2-1) en el Monumental.<\/p>\n<p>En la agon\u00eda del partido, tom\u00f3 la lanza, se fue al ataque e impuls\u00f3 la pelota hacia el arco que termin\u00f3 tocando al gol el Tigre Ricardo Gareca. Es m\u00e1s, el \u00e1rbitro brasile\u00f1o Romualdo Arphi Filho anot\u00f3 en su libreta y en la planilla oficial que el gol lo hizo el n\u00famero 6 argentino.<\/p>\n<p>En los 11 partidos que jug\u00f3 el ex presidente de River en la era Bilardo, cinco amistosos y seis de Eliminatorias, el capit\u00e1n del equipo fue Diego. Iba a ser titular en el debut en M\u00e9xico 86 ante Corea del Sur. As\u00ed lo anunciaron todos los medios period\u00edsticos. Pero el jugador sufri\u00f3\u00a0<strong>una intoxicaci\u00f3n que lo dej\u00f3 afuera de toda la competencia<\/strong><\/p>\n<p><strong>\u200b<\/strong>. Su lugar fue ocupado por\u00a0<strong>Jos\u00e9 Luis Brown<\/strong>. Tras estar un tiempo internado, se qued\u00f3 en M\u00e9xico y estuvo el d\u00eda de la consagraci\u00f3n en el Azteca ante Alemania. En 10 a\u00f1os, jug\u00f3 68 partidos,\u00a0marc\u00f3 23 goles y\u00a0sigue siendo el \u00fanico jugador que integr\u00f3 dos de los tres planteles campeones del mundo. A\u00fan as\u00ed, un rato despu\u00e9s del t\u00edtulo\u00a0le confes\u00f3 a uno de los enviados de\u00a0<em><strong>Clar\u00edn\u00a0<\/strong><\/em>que no se sent\u00eda campe\u00f3n.<\/p>\n<p><img decoding=\"async\" src=\"https:\/\/www.clarin.com\/img\/2022\/10\/18\/xonVusGiH_720x0__1.jpg\" alt=\"Foto: AFP \/ Archivo\" \/><\/p>\n<p>\u201c<em>A Di Mar\u00eda no lo quer\u00edan<\/em>\u201d es una de las frases que Diego Maradona dej\u00f3 para la historia. Fue el segundo t\u00e9cnico que lo tuvo en cuenta para la Selecci\u00f3n. Es que Angelito debut\u00f3 el 6 de septiembre de 2008 bajo la conducci\u00f3n de\u00a0<strong>Alfio Basile<\/strong>, quien lo puso de titular en la cancha de River ante Paraguay (1-1) por Eliminatorias y en el entretiempo lo reemplaz\u00f3 por Sergio Ag\u00fcero.\u00a0<strong>El Coco sigui\u00f3 tres partidos m\u00e1s, renunci\u00f3 y asumi\u00f3 el 10<\/strong>.<\/p>\n<p>Pero antes, el futbolista surgido de las inferiores de Rosario Central,\u00a0<strong>tambi\u00e9n se consagr\u00f3 en juveniles<\/strong>. Estuvo en el Sub 20 que en 2007 fue subcampe\u00f3n del Sudamericano en Paraguay y\u00a0<strong>campe\u00f3n en el Mundial de Canad\u00e1<\/strong>. Adem\u00e1s, en el 23 de agosto de 2008 fue autor del gol ante Nigeria con el que\u00a0<strong>Argentina logr\u00f3 la medalla dorada en los Juegos Ol\u00edmpicos de Beijing<\/strong>, con Sergio Batista como t\u00e9cnico y Maradona de espectador.<\/p>\n<p>\u201c<em>A Di Mar\u00eda me lo resist\u00edan. Acordate que contra Uruguay todos quer\u00edan que ponga a otros jugadores en ese puesto. Y yo le dije al pibe \u201cyo muero con vos<\/em>\u201d, confes\u00f3 Diego tiempo despu\u00e9s del Mundial de Sud\u00e1frica 2010. Desde entonces, Fideo jug\u00f3 con todos los t\u00e9cnicos, a veces de titular, otras ingresando en el segundo tiempo, generalmente por izquierda con Alejandro Sabella o por derecha con Lionel Scaloni, hasta la final con Francia, en que ocup\u00f3 su posici\u00f3n natural, anot\u00f3 un golazo y fue una de las figuras.<\/p>\n<p><img decoding=\"async\" src=\"https:\/\/www.clarin.com\/img\/2014\/07\/13\/HJ_vBSHH-_720x0.jpg\" alt=\"Foto: EFE\" \/><\/p>\n<p>En el Mundial 2014, Di Mar\u00eda marc\u00f3 el gol de la clasificaci\u00f3n a cuartos de final ante Suiza a dos minutos del final del tiempo suplementario. Pero despu\u00e9s se lesion\u00f3 en cuartos ante B\u00e9lgica (fue reemplazado a los 33 minutos por Enzo P\u00e9rez) y se perdi\u00f3 la semifinal con Holanda y la final con Alemania.\u00a0<strong>Las cr\u00edticas sobre sus lesiones en partidos clave fueron feroces<\/strong>. Y se agigantaron cuando otra vez debi\u00f3 salir antes en la final de la Copa Am\u00e9rica de Chile 2015 y durante la disputa de la Copa Am\u00e9rica Centenario en 2016.<\/p>\n<p>Tras la salida de\u00a0<strong>Gerardo Martino<\/strong>, sigui\u00f3 estando en el radar, primero de Edgardo Bauza y luego de Jorge Sampaoli. Y cuando parec\u00eda que su ciclo en la Selecci\u00f3n estaba terminado, Lionel Scaloni lo llam\u00f3 reci\u00e9n ocho meses despu\u00e9s de asumir, para integrar el plantel de la Copa Am\u00e9rica 2019.<\/p>\n<p>Desde 2021, fue protagonistas en las tres finales que jug\u00f3 Argentina. Fue el autor del gol ante Brasil en el Maracan\u00e1 para conquistar la Copa Am\u00e9rica despu\u00e9s de 28 a\u00f1os, marc\u00f3 uno de los goles en la Final\u00edsima ante Italia en Wembley y anot\u00f3 el 2-0 parcial ante Francia en la final en Qatar, hasta ahora, su \u00faltimo partido.<\/p>\n<p>El actual jugador de la Juventus de Italia, a sus 35 a\u00f1os,\u00a0lleva 129 encuentros disputados (es el cuarto jugador con m\u00e1s presencias en la historia detr\u00e1s de Messi, Javier Mascherano y Javier Zanetti), 27 goles anotados (3 en finales de mayores) y 5 t\u00edtulos ganados (uno en la Sub 20, otro con la Sub 23 y los tres \u00faltimos).<\/p>\n<p>Kempes, Passarella y Di Mar\u00eda. Tres cracks para sumarse al podio de los mejores de la historia de la Selecci\u00f3n.<strong>\u00a0\u00bfA qui\u00e9n pondr\u00edas?<\/strong><\/p>\n","protected":false},"excerpt":{"rendered":"<p>&#8216;Fideo&#8217; convirti\u00f3 goles y dio asistencias en cada uno de los encuentros definitorios de los \u00faltimos t\u00edtulos de la Argentina. \u00bfEst\u00e1 en el podio o se lo discuten Mario Kempes y Daniel Passarella?<\/p>\n","protected":false},"author":3,"featured_media":7099,"comment_status":"open","ping_status":"open","sticky":false,"template":"","format":"standard","meta":{"_jetpack_memberships_contains_paid_content":false,"footnotes":""},"categories":[15,17],"tags":[],"class_list":["post-7098","post","type-post","status-publish","format-standard","has-post-thumbnail","hentry","category-deporte","category-nacional"],"jetpack_featured_media_url":"https:\/\/comunicartesanluis.com\/v1\/wp-content\/uploads\/2023\/03\/ARG.webp","jetpack_sharing_enabled":true,"_links":{"self":[{"href":"https:\/\/comunicartesanluis.com\/index.php\/wp-json\/wp\/v2\/posts\/7098","targetHints":{"allow":["GET"]}}],"collection":[{"href":"https:\/\/comunicartesanluis.com\/index.php\/wp-json\/wp\/v2\/posts"}],"about":[{"href":"https:\/\/comunicartesanluis.com\/index.php\/wp-json\/wp\/v2\/types\/post"}],"author":[{"embeddable":true,"href":"https:\/\/comunicartesanluis.com\/index.php\/wp-json\/wp\/v2\/users\/3"}],"replies":[{"embeddable":true,"href":"https:\/\/comunicartesanluis.com\/index.php\/wp-json\/wp\/v2\/comments?post=7098"}],"version-history":[{"count":2,"href":"https:\/\/comunicartesanluis.com\/index.php\/wp-json\/wp\/v2\/posts\/7098\/revisions"}],"predecessor-version":[{"id":7101,"href":"https:\/\/comunicartesanluis.com\/index.php\/wp-json\/wp\/v2\/posts\/7098\/revisions\/7101"}],"wp:featuredmedia":[{"embeddable":true,"href":"https:\/\/comunicartesanluis.com\/index.php\/wp-json\/wp\/v2\/media\/7099"}],"wp:attachment":[{"href":"https:\/\/comunicartesanluis.com\/index.php\/wp-json\/wp\/v2\/media?parent=7098"}],"wp:term":[{"taxonomy":"category","embeddable":true,"href":"https:\/\/comunicartesanluis.com\/index.php\/wp-json\/wp\/v2\/categories?post=7098"},{"taxonomy":"post_tag","embeddable":true,"href":"https:\/\/comunicartesanluis.com\/index.php\/wp-json\/wp\/v2\/tags?post=7098"}],"curies":[{"name":"wp","href":"https:\/\/api.w.org\/{rel}","templated":true}]}}