{"id":7453,"date":"2023-03-16T10:13:12","date_gmt":"2023-03-16T13:13:12","guid":{"rendered":"https:\/\/comunicartesanluis.com\/?p=7453"},"modified":"2023-03-16T10:13:12","modified_gmt":"2023-03-16T13:13:12","slug":"a-ibarra-podriamos-darle-el-alta-este-jueves","status":"publish","type":"post","link":"https:\/\/comunicartesanluis.com\/index.php\/2023\/03\/16\/a-ibarra-podriamos-darle-el-alta-este-jueves\/","title":{"rendered":"\u00abA Ibarra podr\u00edamos darle el alta este jueves\u00bb"},"content":{"rendered":"<div class=\"sc-1558e203-1 VKwhD\">\n<div class=\"sc-1558e203-2 IQfFN\">\n<div class=\"sc-6d5ed123-0 fZCzxv\"><\/div>\n<\/div>\n<\/div>\n<section class=\"sc-ab434c19-1 cQXCB\">\n<article class=\"sc-ab434c19-2 kMrTos\">\n<div class=\"sc-ab434c19-9 jztYoz\">Boca\u00a0se llev\u00f3 un susto fuerte este mi\u00e9rcoles. Durante el entrenamiento matutino,\u00a0Hugo Ibarra\u00a0lleg\u00f3 con dolor de cabeza y cierto decaimiento, pero durante la jornada le empez\u00f3 a sangrar la nariz y\u00a0los m\u00e9dicos no lograban detener el sangrado, por lo cual lo trasladaron a un hospital y pas\u00f3 la noche internado. Luego, en el parte m\u00e9dico, se remarc\u00f3 que el entrenador xeneize se encontraba estable y que el sangrado de origen arterial hab\u00eda sido detenido.<\/div>\n<article id=\"storyBody\" class=\"sc-ab434c19-10 gjXOEm\">\n<div class=\"sc-905ccbfc-5 hRcxjL\">\n<div id=\"div-gpt-ad-inread\" data-google-query-id=\"CIXf2dHA4P0CFRWNlQIdGhoCOQ\">\n<div id=\"google_ads_iframe_\/242767168\/ole\/futbol-primera\/nota\/inread_0__container__\"><\/div>\n<\/div>\n<\/div>\n<div class=\"sc-996041c8-0 kvfKM\"><img decoding=\"async\" src=\"https:\/\/www.ole.com.ar\/images\/2023\/03\/15\/_lL-l54df_720x0__1.jpg\" alt=\"Ibarra fue internado este mi\u00e9rcoles.\" width=\"720\" height=\"0\" data-nimg=\"future\" \/>Ibarra fue internado este mi\u00e9rcoles.<\/div>\n<div class=\"sc-489cef11-0 jHGTKj\">\n<section>\n<div><\/div>\n<\/section>\n<\/div>\n<div class=\"custom-text \">\n<p>\u00abPARTE M\u00c9DICO. Paciente: Hugo Ibarra. Buenos Aires, 15 de marzo de 2023. El paciente Hugo Ibarra ingres\u00f3 a la Central de Emergencias del Hospital Italiano de San Justo, en el d\u00eda de hoy a las 11.30, por un sangrado nasal de tres horas de evoluci\u00f3n. All\u00ed fue atendido en conjunto con el servicio de Otorrinolaringolog\u00eda. Se identific\u00f3 epistaxis nasal de origen arterial que fue controlada con tratamiento local. El paciente se mantuvo estable desde el ingreso al Hospital y se decidi\u00f3 su internaci\u00f3n para seguimiento evolutivo\u00bb, dijo el informe entregado por la direcci\u00f3n m\u00e9dica del sanatorio.<\/p>\n<\/div>\n<div class=\"sc-996041c8-0 kvfKM\"><img decoding=\"async\" src=\"https:\/\/www.ole.com.ar\/images\/2023\/03\/15\/gqB0tXKzp_720x0__1.jpg\" alt=\"El parte m\u00e9dico de Ibarra.\" width=\"720\" height=\"0\" data-nimg=\"future\" \/>El parte m\u00e9dico de Ibarra.<\/div>\n<div class=\"custom-text \">\n<p>Por su parte, ya entrada la noche,\u00a0<strong>Sebasti\u00e1n Arag\u00f3n, uno de los m\u00e9dicos que atendi\u00f3 al ex futbolista, coment\u00f3 c\u00f3mo es el estado de salud del Negro Ibarra<\/strong>\u00a0y llev\u00f3 tranquilidad: \u00ab<strong>Lo que le pas\u00f3 es algo bastante com\u00fan,\u00a0<\/strong>son sangrados nasales.Pasa mucho en esta etapa de mucho calor.El paciente ingres\u00f3 y fue compensado por el personal de la guardia.\u00a0<strong>Ten\u00eda un sangrado importante as\u00ed que le hicimos un tratamiento de rutina, m\u00ednimamente invasivo<\/strong>\u00ab.<\/p>\n<\/div>\n<div class=\"custom-text \">\n<p>\u00ab<strong>Est\u00e1 muy bien an\u00edmicamente y cl\u00ednicamente. Podr\u00edamos darle el alta este jueves<\/strong>\u00ab, sostuvo el doctor en una entrevista con Radio Mitre, que a su vez asegur\u00f3 que es dif\u00edcil relacionar el episodio con un cuadro de estr\u00e9s: \u00abEs algo muy subjetivo porque es algo que lo puede tener cualquiera, hasta la persona m\u00e1s joven y sana.\u00a0<strong>El cuadro cl\u00ednico de \u00e9l est\u00e1 bien<\/strong>\u00ab.<\/p>\n<\/div>\n<div class=\"sc-996041c8-0 kvfKM\"><img decoding=\"async\" src=\"https:\/\/www.ole.com.ar\/images\/2023\/03\/06\/TTaTx-pyS_720x0__1.jpg\" alt=\"Ibarra est\u00e1 estable y saldr\u00eda en unas horas.\" width=\"720\" height=\"0\" data-nimg=\"future\" \/>Ibarra est\u00e1 estable y saldr\u00eda en unas horas.<\/div>\n<div class=\"custom-text \">\n<p>Por \u00faltimo habl\u00f3 sobre la posibilidad de que el DT est\u00e9 al frente del entrenamiento de Boca, de cara al partido con Instituto. \u00ab<strong>Podr\u00eda retomar su actividad, con cuidado. Es decisi\u00f3n de el. Nosotros lo vemos bien. Le aconsejamos que trate de mantenerse calmo y evite algunos esfuerzos, pero es su decisi\u00f3n. Yo calculo que cuando le demos el alta vamos a tener un poco m\u00e1s de idea de c\u00f3mo est\u00e1<\/strong>\u00ab, cerr\u00f3.<\/p>\n<\/div>\n<\/article>\n<\/article>\n<p>Diario Ol\u00e9<\/p>\n<\/section>\n","protected":false},"excerpt":{"rendered":"<p>Sebasti\u00e1n Arag\u00f3n, uno de los m\u00e9dicos que atendi\u00f3 al Negro, se refiri\u00f3 al estado de salud del director t\u00e9cnico de Boca.<\/p>\n","protected":false},"author":3,"featured_media":7454,"comment_status":"open","ping_status":"open","sticky":false,"template":"","format":"standard","meta":{"_jetpack_memberships_contains_paid_content":false,"footnotes":""},"categories":[15,17],"tags":[],"class_list":["post-7453","post","type-post","status-publish","format-standard","has-post-thumbnail","hentry","category-deporte","category-nacional"],"jetpack_featured_media_url":"https:\/\/comunicartesanluis.com\/v1\/wp-content\/uploads\/2023\/03\/Ibarra.webp","jetpack_sharing_enabled":true,"_links":{"self":[{"href":"https:\/\/comunicartesanluis.com\/index.php\/wp-json\/wp\/v2\/posts\/7453","targetHints":{"allow":["GET"]}}],"collection":[{"href":"https:\/\/comunicartesanluis.com\/index.php\/wp-json\/wp\/v2\/posts"}],"about":[{"href":"https:\/\/comunicartesanluis.com\/index.php\/wp-json\/wp\/v2\/types\/post"}],"author":[{"embeddable":true,"href":"https:\/\/comunicartesanluis.com\/index.php\/wp-json\/wp\/v2\/users\/3"}],"replies":[{"embeddable":true,"href":"https:\/\/comunicartesanluis.com\/index.php\/wp-json\/wp\/v2\/comments?post=7453"}],"version-history":[{"count":1,"href":"https:\/\/comunicartesanluis.com\/index.php\/wp-json\/wp\/v2\/posts\/7453\/revisions"}],"predecessor-version":[{"id":7455,"href":"https:\/\/comunicartesanluis.com\/index.php\/wp-json\/wp\/v2\/posts\/7453\/revisions\/7455"}],"wp:featuredmedia":[{"embeddable":true,"href":"https:\/\/comunicartesanluis.com\/index.php\/wp-json\/wp\/v2\/media\/7454"}],"wp:attachment":[{"href":"https:\/\/comunicartesanluis.com\/index.php\/wp-json\/wp\/v2\/media?parent=7453"}],"wp:term":[{"taxonomy":"category","embeddable":true,"href":"https:\/\/comunicartesanluis.com\/index.php\/wp-json\/wp\/v2\/categories?post=7453"},{"taxonomy":"post_tag","embeddable":true,"href":"https:\/\/comunicartesanluis.com\/index.php\/wp-json\/wp\/v2\/tags?post=7453"}],"curies":[{"name":"wp","href":"https:\/\/api.w.org\/{rel}","templated":true}]}}