{"id":7483,"date":"2023-03-17T09:13:35","date_gmt":"2023-03-17T12:13:35","guid":{"rendered":"https:\/\/comunicartesanluis.com\/?p=7483"},"modified":"2023-03-17T09:13:35","modified_gmt":"2023-03-17T12:13:35","slug":"los-cambios-de-hugo-ibarra-en-el-11-de-boca-ante-instituto","status":"publish","type":"post","link":"https:\/\/comunicartesanluis.com\/index.php\/2023\/03\/17\/los-cambios-de-hugo-ibarra-en-el-11-de-boca-ante-instituto\/","title":{"rendered":"Los cambios de Hugo Ibarra en el 11 de Boca ante Instituto"},"content":{"rendered":"<div class=\"sc-1558e203-1 VKwhD\">\n<div class=\"sc-1558e203-2 IQfFN\">\n<div class=\"sc-6d5ed123-0 fZCzxv\">\n<p class=\"sc-6d5ed123-3 dWRdTD\"><strong style=\"font-size: 16px;\">Hugo Ibarra<\/strong><strong style=\"font-size: 16px;\">\u00a0volvi\u00f3 a Ezeiza.<\/strong><span style=\"font-size: 16px;\">\u00a0Volvi\u00f3 luego de estar internado una noche por una descompensaci\u00f3n y un sagrado de nariz.\u00a0<\/span><strong>Volvi\u00f3 pese a las recomendaciones m\u00e9dicas e incluso las del propio Juan Rom\u00e1n Riquelme.<\/strong><span style=\"font-size: 16px;\">\u00a0Volvi\u00f3 y dirigi\u00f3 la pr\u00e1ctica de\u00a0<\/span><strong>Boca\u00a0<\/strong><span style=\"font-size: 16px;\">previa a Instituto. Volvi\u00f3 y meti\u00f3 mano. S\u00ed,<\/span><strong style=\"font-size: 16px;\">\u00a0el Negro hizo tres variantes pensando en el partido de este domingo en\u00a0<\/strong><strong>la Bombonera<\/strong><strong style=\"font-size: 16px;\">.<\/strong><\/p>\n<\/div>\n<\/div>\n<\/div>\n<section class=\"sc-ab434c19-1 cQXCB\">\n<article class=\"sc-ab434c19-2 kMrTos\">\n<article id=\"storyBody\" class=\"sc-ab434c19-10 gjXOEm\">\n<div class=\"sc-e6588e40-0 jMZSMl\"><span id=\"spanBackundefinedYQAeSRzK\" class=\"back\"><\/span><\/p>\n<div class=\"video\">\n<div id=\"undefinedYQAeSRzK\"><\/div>\n<\/div>\n<\/div>\n<div class=\"custom-text \">\n<p>El t\u00e9cnico de 48 a\u00f1os, que sigui\u00f3 de cerca el ensayo de f\u00fatbol en la cancha 2 del Centro de Entrenamiento, meti\u00f3 un cambio por l\u00ednea:\u00a0<strong>en el fondo puso a\u00a0<\/strong><a class=\"slug\" title=\"Chelo Weigandt\" href=\"https:\/\/www.ole.com.ar\/tema\/chelo-weigandt.html\"><strong>Marcelo Weigandt\u00a0<\/strong><\/a><strong>en el lugar de\u00a0<\/strong><a class=\"slug\" title=\"Luis Adv\u00edncula\" href=\"https:\/\/www.ole.com.ar\/tema\/luis-advincula.html\"><strong>Luis Adv\u00edncula<\/strong><\/a><strong>; en el mediocampo le dio la chance a\u00a0<\/strong><a class=\"slug\" title=\"Equi Fern\u00e1ndez\" href=\"https:\/\/www.ole.com.ar\/tema\/equi-fernandez.html\"><strong>Equi Fern\u00e1ndez\u00a0<\/strong><\/a><strong>nada menos que por\u00a0<\/strong><a class=\"slug\" title=\"Alan Varela\" href=\"https:\/\/www.ole.com.ar\/tema\/alan-varela.html\"><strong>Alan Varela<\/strong><\/a><strong>; y arriba se la jug\u00f3 con\u00a0<\/strong><a class=\"slug\" title=\"Miguel Merentiel\" href=\"https:\/\/www.ole.com.ar\/tema\/miguel-merentiel.html\"><strong>Miguel Merentiel<\/strong><\/a><strong>\u00a0por\u00a0<\/strong><a class=\"slug\" title=\"Sebasti\u00e1n Villa\" href=\"https:\/\/www.ole.com.ar\/tema\/sebastian-villa.html\"><strong>Sebasti\u00e1n Villa<\/strong><\/a><strong>.<\/strong><\/p>\n<\/div>\n<div class=\"sc-489cef11-0 jHGTKj\">\n<section><picture><img decoding=\"async\" class=\"img\" src=\"https:\/\/www.ole.com.ar\/images\/2023\/03\/16\/oeDrIVaCW_290x290__1.jpg\" alt=\"Hugo Ibarra presente en la pr\u00e1ctica de Boca\" width=\"290\" height=\"290\" \/><\/picture>\n<div><\/div>\n<\/section>\n<\/div>\n<div class=\"custom-text \">\n<p>Ya en la pr\u00e1ctica del mi\u00e9rcoles, en la que\u00a0<a class=\"slug\" title=\"Roberto Pompei\" href=\"https:\/\/www.ole.com.ar\/tema\/roberto-pompei.html\"><strong>Tito Pompei<\/strong><\/a>\u00a0se hizo cargo mientras Ibarra era trasladado al hospital Italiano, hab\u00eda habido un s\u00edntoma claro y muy importante:\u00a0<strong>para jugar con Instituto, Boca iba a tener cambios. Incluso, ese d\u00eda hizo un trabajo de ataque y de defensa y, por ejemplo, Merentiel y Luis V\u00e1zquez fueron el doble 9.<\/strong><\/p>\n<\/div>\n<div class=\"sc-e6588e40-0 jMZSMl\"><span id=\"spanBackundefineda0IYtNLc\" class=\"back\"><\/span><\/p>\n<div class=\"video\">\n<div id=\"undefineda0IYtNLc\"><\/div>\n<\/div>\n<\/div>\n<div class=\"custom-text \">\n<p>Este jueves, sin embargo, se termin\u00f3 de confirmar ese indicio. Indicio que\u00a0<strong>arrastra nombres pesados como los de Adv\u00edncula, Varela y Villa, tres de los apuntados futbol\u00edsticamente (los otros son Fabra y Pol)<\/strong>\u00a0por los hinchas e incluso tambi\u00e9n por el cuerpo t\u00e9cnico.<\/p>\n<\/div>\n<div class=\"custom-embedhtml\"><\/div>\n<div class=\"custom-text \">\n<p>Lo que m\u00e1s se destaca del equipo\u00a0<strong>(adem\u00e1s del 4-4-2 y la presencia de Langoni arrancando casi como segunda punta)<\/strong>\u00a0que el DT va a volver a probar seguramente este viernes, es el doble 9.\u00a0<strong>\u00abEs m\u00e1s lo que se habla de afuera que lo que es. A m\u00ed me sirve tener competencia, a \u00e9l tambi\u00e9n. Nos hace mejorar a\u00fan m\u00e1s\u00bb,\u00a0<\/strong>dijo\u00a0<a class=\"slug\" title=\"Dar\u00edo Benedetto\" href=\"https:\/\/www.ole.com.ar\/tema\/dario-benedetto.html\"><strong>Dar\u00edo Benedetto<\/strong><\/a>\u00a0hace algunos d\u00edas sobre su nuevo compa\u00f1ero de ataque.\u00a0<strong>\u00abPodemos jugar juntos tambi\u00e9n, como el entrenador disponga. Estoy para sumar desde donde me toque y estamos muy bien\u201d,<\/strong>\u00a0cerr\u00f3 Merentiel.<\/p>\n<\/div>\n<div class=\"sc-489cef11-0 jHGTKj\">\n<section>\n<div><\/div>\n<\/section>\n<\/div>\n<div class=\"sc-489cef11-0 jHGTKj\">\n<section><picture><img decoding=\"async\" class=\"img\" src=\"https:\/\/www.ole.com.ar\/images\/2021\/08\/07\/C92l4aXrb_290x290__1.jpg\" alt=\"Qu\u00e9 hizo Hugo Ibarra tras el alta m\u00e9dica y el consejo que le dio Riquelme\" width=\"290\" height=\"290\" \/><\/picture>\n<div><\/div>\n<\/section>\n<\/div>\n<div class=\"custom-text \">\n<h2><strong>EL 11 QUE PAR\u00d3 IBARRA<\/strong><\/h2>\n<\/div>\n<div class=\"custom-text \">\n<p><strong>Sergio Romero; Marcelo Weigandt, Bruno Valdez, Nicol\u00e1s Figal, Frank Fabra; Luca Langoni, Pol Fern\u00e1ndez, Equi Fern\u00e1ndez, \u00d3scar Romero; Dar\u00edo Benedetto y Miguel Merentiel.<\/strong><\/p>\n<\/div>\n<\/article>\n<\/article>\n<\/section>\n","protected":false},"excerpt":{"rendered":"<p>Hugo Ibarra recibi\u00f3 el alta m\u00e9dica y en contra de las recomendaciones medicas y del mismo Roman, ya esta dirigiendo las practicas de Boca.<\/p>\n","protected":false},"author":3,"featured_media":7484,"comment_status":"open","ping_status":"open","sticky":false,"template":"","format":"standard","meta":{"_jetpack_memberships_contains_paid_content":false,"footnotes":""},"categories":[8,15,17],"tags":[],"class_list":["post-7483","post","type-post","status-publish","format-standard","has-post-thumbnail","hentry","category-actualidad","category-deporte","category-nacional"],"jetpack_featured_media_url":"https:\/\/comunicartesanluis.com\/v1\/wp-content\/uploads\/2023\/03\/Ibarra-1.webp","jetpack_sharing_enabled":true,"_links":{"self":[{"href":"https:\/\/comunicartesanluis.com\/index.php\/wp-json\/wp\/v2\/posts\/7483","targetHints":{"allow":["GET"]}}],"collection":[{"href":"https:\/\/comunicartesanluis.com\/index.php\/wp-json\/wp\/v2\/posts"}],"about":[{"href":"https:\/\/comunicartesanluis.com\/index.php\/wp-json\/wp\/v2\/types\/post"}],"author":[{"embeddable":true,"href":"https:\/\/comunicartesanluis.com\/index.php\/wp-json\/wp\/v2\/users\/3"}],"replies":[{"embeddable":true,"href":"https:\/\/comunicartesanluis.com\/index.php\/wp-json\/wp\/v2\/comments?post=7483"}],"version-history":[{"count":2,"href":"https:\/\/comunicartesanluis.com\/index.php\/wp-json\/wp\/v2\/posts\/7483\/revisions"}],"predecessor-version":[{"id":7486,"href":"https:\/\/comunicartesanluis.com\/index.php\/wp-json\/wp\/v2\/posts\/7483\/revisions\/7486"}],"wp:featuredmedia":[{"embeddable":true,"href":"https:\/\/comunicartesanluis.com\/index.php\/wp-json\/wp\/v2\/media\/7484"}],"wp:attachment":[{"href":"https:\/\/comunicartesanluis.com\/index.php\/wp-json\/wp\/v2\/media?parent=7483"}],"wp:term":[{"taxonomy":"category","embeddable":true,"href":"https:\/\/comunicartesanluis.com\/index.php\/wp-json\/wp\/v2\/categories?post=7483"},{"taxonomy":"post_tag","embeddable":true,"href":"https:\/\/comunicartesanluis.com\/index.php\/wp-json\/wp\/v2\/tags?post=7483"}],"curies":[{"name":"wp","href":"https:\/\/api.w.org\/{rel}","templated":true}]}}