{"id":7706,"date":"2023-03-21T10:40:25","date_gmt":"2023-03-21T13:40:25","guid":{"rendered":"https:\/\/comunicartesanluis.com\/?p=7706"},"modified":"2023-03-21T10:40:25","modified_gmt":"2023-03-21T13:40:25","slug":"el-futuro-ya-llego-quienes-son-los-pibes-nuevos-de-la-seleccion","status":"publish","type":"post","link":"https:\/\/comunicartesanluis.com\/index.php\/2023\/03\/21\/el-futuro-ya-llego-quienes-son-los-pibes-nuevos-de-la-seleccion\/","title":{"rendered":"El futuro ya lleg\u00f3: qui\u00e9nes son los pibes nuevos de la Selecci\u00f3n"},"content":{"rendered":"<div class=\"sc-1558e203-1 VKwhD\">\n<div class=\"sc-1558e203-2 IQfFN\">\n<div class=\"sc-6d5ed123-0 fZCzxv\">\n<p class=\"sc-6d5ed123-3 dWRdTD\"><span style=\"font-size: 16px;\">Los campeones del mundo volvieron al pa\u00eds para los amistosos con Panam\u00e1 y Curazao, que servir\u00e1n como excusa para festejar con los hinchas el t\u00edtulo obtenido hace poco m\u00e1s de tres meses en Qatar. Y m\u00e1s all\u00e1 de la presencia de los que levantaron la Copa en el Lusail (menos el Papu G\u00f3mez) y los que se hab\u00edan quedado afuera por lesi\u00f3n como Gio Lo Celso o Nico Gonz\u00e1lez, <\/span><strong style=\"font-size: 16px;\">la lista de Lionel Scaloni incorpor\u00f3 varias caras nuevas que est\u00e1n llamadas a ser el futuro de la\u00a0<\/strong><a class=\"slug\" style=\"font-size: 16px;\" title=\"Selecci\u00f3n Argentina\" href=\"https:\/\/www.ole.com.ar\/tema\/seleccion-argentina.html\"><strong>Selecci\u00f3n<\/strong><\/a><strong style=\"font-size: 16px;\">.<\/strong><\/p>\n<\/div>\n<\/div>\n<\/div>\n<section class=\"sc-ab434c19-1 cQXCB\">\n<article class=\"sc-ab434c19-2 kMrTos\">\n<article id=\"storyBody\" class=\"sc-ab434c19-10 gjXOEm\">\n<div class=\"sc-905ccbfc-5 hRcxjL\">\n<div id=\"div-gpt-ad-inread\" data-google-query-id=\"CJ3l-OSR7f0CFe-nlQIdl0oNXg\">\n<div id=\"google_ads_iframe_\/242767168\/ole\/seleccion\/nota\/inread_0__container__\">De los pibes nuevos, el que m\u00e1s se esperaba ver era <a class=\"slug\" title=\"Alejandro Garnacho\" href=\"https:\/\/www.ole.com.ar\/tema\/alejandro-garnacho.html\">Alejandro Garnacho<\/a>, pero el delantero que la est\u00e1 rompiendo en el United debi\u00f3 bajarse de la convocatoria por lesi\u00f3n. Habr\u00e1 que esperar para verlo vestido de albiceleste, pero\u00a0<strong>hay otros chicos que est\u00e1n haciendo sus primeras armas en Europa y s\u00ed podr\u00edan tener su esperado debut con la Mayor en los pr\u00f3ximos d\u00edas.<\/strong><\/div>\n<\/div>\n<\/div>\n<div class=\"sc-489cef11-0 jHGTKj\">\n<section>\n<div><\/div>\n<\/section>\n<\/div>\n<div class=\"custom-text \">\n<h2><strong>Los pibes nuevos de la Selecci\u00f3n<\/strong><\/h2>\n<\/div>\n<div id=\"aa510b8e-4b42-4f99-b253-ed1cd436020b\"><\/div>\n<div class=\"custom-text \">\n<p><a class=\"slug\" title=\"Nehu\u00e9n P\u00e9rez\" href=\"https:\/\/www.ole.com.ar\/tema\/nehuen-perez.html\"><strong>NEHU\u00c9N P\u00c9REZ<\/strong><\/a><strong>:<\/strong>\u00a0el ex Argentinos Juniors estuvo cerca de ingresar a la lista definitiva de 26 y fue quien hubiese entrado en caso de que un defensor se lesionara. Ya hab\u00eda sido tenido en cuenta en alg\u00fan llamado de Eliminatorias y ahora volvi\u00f3 a ser llamado por Scaloni. Tiene 22 a\u00f1os y el fin de semana pasado se desempe\u00f1\u00f3 como stopper por izquierda en la gran victoria del Udinese ante el Milan por la Serie A.<\/p>\n<\/div>\n<div class=\"sc-996041c8-0 kvfKM\"><img decoding=\"async\" src=\"https:\/\/www.ole.com.ar\/images\/2023\/03\/20\/cmQDxCkUE_720x0__1.jpg\" alt=\"Montiel junto a Nehu\u00e9n P\u00e9rez (PRENSA AFA).\" width=\"720\" height=\"0\" data-nimg=\"future\" \/>Montiel junto a Nehu\u00e9n P\u00e9rez (PRENSA AFA).<\/div>\n<div class=\"custom-text \">\n<p><strong>LAUTARO BLANCO:<\/strong> sin dudas el volante es una de las grandes sorpresa de esta lista. Fue adquirido por el Elche en agosto, pero se qued\u00f3 hasta fin del a\u00f1o pasado en Rosario Central, En el equipo espa\u00f1ol, el futbolista de 24 a\u00f1os lleva siete partidos, con una asistencia ante el C\u00e1diz, casi siempre ingresando desde el banco de suplentes.<\/p>\n<\/div>\n<div class=\"custom-text \">\n<p><a class=\"slug\" title=\"M\u00e1ximo Perrone\" href=\"https:\/\/www.ole.com.ar\/tema\/maximo-perrone.html\"><strong>M\u00c1XIMO PERRONE<\/strong><\/a>: otra de las grandes apariciones en la convocatoria. Con 19 a\u00f1os (ahora tiene 20) lleg\u00f3 a ser capit\u00e1n de V\u00e9lez, siendo figura en varios partidos, y fue adquirido nada menos que por el Manchester City. Pep Guardiola lo piensa como volante mixto y suele ser suplente en un equipo plagado de estrellas, en el que ni Juli\u00e1n \u00c1lvarez es fija. El fin de semana no fue convocado en la goleada del por la FA Cup. Mucho futuro&#8230;<\/p>\n<\/div>\n<div class=\"sc-996041c8-0 kvfKM\">Buonanotte y Perrone en el predio de Ezeiza (PRENSA AFA).<\/div>\n<div class=\"custom-text \">\n<p><a class=\"slug\" title=\"Facundo Buonanotte\" href=\"https:\/\/www.ole.com.ar\/tema\/facundo-buonanotte.html\"><strong>FACUNDO BUONANOTTE<\/strong><\/a>: tercera revelaci\u00f3n del DT. El Brighton se lo compr\u00f3 a Rosario Central y, despu\u00e9s del Sudamericano Sub 20, vol\u00f3 al sur de Inglaterra para sumarse al equipo de Alexis Mac Allister. Solamente jug\u00f3 tres partidos: dos ingresando como suplente y uno como titular (vs. Stoke City, por FA Cup). El fin de semana no ingres\u00f3 pero, con el correr de la temporada, seguramente vaya sumando m\u00e1s minutos. Tiene apenas 18 a\u00f1os.<\/p>\n<\/div>\n<div class=\"sc-489cef11-0 jHGTKj\"><\/div>\n<div class=\"custom-text \">\n<p><a class=\"slug\" title=\"Valent\u00edn Carboni\" href=\"https:\/\/www.ole.com.ar\/tema\/valentin-carboni.html\"><strong>VALENT\u00cdN CARBONI<\/strong><\/a><strong>:<\/strong>\u00a0junto a Garnacho y Mat\u00edas Soul\u00e9, Carboni es otra de las agrandes joyitas que asoman a futuro para la Selecci\u00f3n. El chico del Inter, con paso por la Selecci\u00f3n Sub 20, debut\u00f3 en octubre ante la Roma y suma cinco partidos disputados, sin goles. Sin dudas, en el futuro, Simone Inzaghi -no lo puso ante la Juventus el \u00faltimo partido- lo tendr\u00e1 como una de sus figuras.<\/p>\n<\/div>\n<\/article>\n<\/article>\n<p>Diario Ol\u00e9<\/p>\n<\/section>\n","protected":false},"excerpt":{"rendered":"<p>Garnacho no pudo viajar por lesi\u00f3n pero hay varios chicos que podr\u00edan tener su debut albiceleste. Conocelos.<\/p>\n","protected":false},"author":3,"featured_media":7707,"comment_status":"open","ping_status":"open","sticky":false,"template":"","format":"standard","meta":{"_jetpack_memberships_contains_paid_content":false,"footnotes":""},"categories":[1],"tags":[],"class_list":["post-7706","post","type-post","status-publish","format-standard","has-post-thumbnail","hentry","category-sin-categoria"],"jetpack_featured_media_url":"https:\/\/comunicartesanluis.com\/v1\/wp-content\/uploads\/2023\/03\/seleccion-1.webp","jetpack_sharing_enabled":true,"_links":{"self":[{"href":"https:\/\/comunicartesanluis.com\/index.php\/wp-json\/wp\/v2\/posts\/7706","targetHints":{"allow":["GET"]}}],"collection":[{"href":"https:\/\/comunicartesanluis.com\/index.php\/wp-json\/wp\/v2\/posts"}],"about":[{"href":"https:\/\/comunicartesanluis.com\/index.php\/wp-json\/wp\/v2\/types\/post"}],"author":[{"embeddable":true,"href":"https:\/\/comunicartesanluis.com\/index.php\/wp-json\/wp\/v2\/users\/3"}],"replies":[{"embeddable":true,"href":"https:\/\/comunicartesanluis.com\/index.php\/wp-json\/wp\/v2\/comments?post=7706"}],"version-history":[{"count":1,"href":"https:\/\/comunicartesanluis.com\/index.php\/wp-json\/wp\/v2\/posts\/7706\/revisions"}],"predecessor-version":[{"id":7708,"href":"https:\/\/comunicartesanluis.com\/index.php\/wp-json\/wp\/v2\/posts\/7706\/revisions\/7708"}],"wp:featuredmedia":[{"embeddable":true,"href":"https:\/\/comunicartesanluis.com\/index.php\/wp-json\/wp\/v2\/media\/7707"}],"wp:attachment":[{"href":"https:\/\/comunicartesanluis.com\/index.php\/wp-json\/wp\/v2\/media?parent=7706"}],"wp:term":[{"taxonomy":"category","embeddable":true,"href":"https:\/\/comunicartesanluis.com\/index.php\/wp-json\/wp\/v2\/categories?post=7706"},{"taxonomy":"post_tag","embeddable":true,"href":"https:\/\/comunicartesanluis.com\/index.php\/wp-json\/wp\/v2\/tags?post=7706"}],"curies":[{"name":"wp","href":"https:\/\/api.w.org\/{rel}","templated":true}]}}