{"id":7731,"date":"2023-03-22T09:10:42","date_gmt":"2023-03-22T12:10:42","guid":{"rendered":"https:\/\/comunicartesanluis.com\/?p=7731"},"modified":"2023-03-22T09:29:53","modified_gmt":"2023-03-22T12:29:53","slug":"merlo-cayeron-mas-de-150-mm-hay-viviendas-inundadas-evaluan-suspender-las-clases-y-piden-no-transitar-miras-los-videos-del-temporal","status":"publish","type":"post","link":"https:\/\/comunicartesanluis.com\/index.php\/2023\/03\/22\/merlo-cayeron-mas-de-150-mm-hay-viviendas-inundadas-evaluan-suspender-las-clases-y-piden-no-transitar-miras-los-videos-del-temporal\/","title":{"rendered":"Merlo cayeron mas de 150 mm y hay viviendas inundadas. Eval\u00faan suspender las clases y piden no transitar. Miras los videos del temporal"},"content":{"rendered":"<p>&nbsp;<\/p>\n<p>Noticia en desarrollo.<\/p>\n<div style=\"width: 640px;\" class=\"wp-video\"><video class=\"wp-video-shortcode\" id=\"video-7731-1\" width=\"640\" height=\"352\" preload=\"metadata\" controls=\"controls\"><source type=\"video\/mp4\" src=\"https:\/\/comunicartesanluis.com\/v1\/wp-content\/uploads\/2023\/03\/WhatsApp-Video-2023-03-22-at-8.52.04-AM-1.mp4?_=1\" \/><a href=\"https:\/\/comunicartesanluis.com\/v1\/wp-content\/uploads\/2023\/03\/WhatsApp-Video-2023-03-22-at-8.52.04-AM-1.mp4\">https:\/\/comunicartesanluis.com\/v1\/wp-content\/uploads\/2023\/03\/WhatsApp-Video-2023-03-22-at-8.52.04-AM-1.mp4<\/a><\/video><\/div>\n<p>&nbsp;<\/p>\n<div style=\"width: 480px;\" class=\"wp-video\"><video class=\"wp-video-shortcode\" id=\"video-7731-2\" width=\"480\" height=\"854\" preload=\"metadata\" controls=\"controls\"><source type=\"video\/mp4\" src=\"https:\/\/comunicartesanluis.com\/v1\/wp-content\/uploads\/2023\/03\/WhatsApp-Video-2023-03-22-at-8.52.56-AM.mp4?_=2\" \/><a href=\"https:\/\/comunicartesanluis.com\/v1\/wp-content\/uploads\/2023\/03\/WhatsApp-Video-2023-03-22-at-8.52.56-AM.mp4\">https:\/\/comunicartesanluis.com\/v1\/wp-content\/uploads\/2023\/03\/WhatsApp-Video-2023-03-22-at-8.52.56-AM.mp4<\/a><\/video><\/div>\n<div style=\"width: 480px;\" class=\"wp-video\"><video class=\"wp-video-shortcode\" id=\"video-7731-3\" width=\"480\" height=\"854\" preload=\"metadata\" controls=\"controls\"><source type=\"video\/mp4\" src=\"https:\/\/comunicartesanluis.com\/v1\/wp-content\/uploads\/2023\/03\/WhatsApp-Video-2023-03-22-at-8.53.52-AM.mp4?_=3\" \/><a href=\"https:\/\/comunicartesanluis.com\/v1\/wp-content\/uploads\/2023\/03\/WhatsApp-Video-2023-03-22-at-8.53.52-AM.mp4\">https:\/\/comunicartesanluis.com\/v1\/wp-content\/uploads\/2023\/03\/WhatsApp-Video-2023-03-22-at-8.53.52-AM.mp4<\/a><\/video><\/div>\n<div style=\"width: 640px;\" class=\"wp-video\"><video class=\"wp-video-shortcode\" id=\"video-7731-4\" width=\"640\" height=\"352\" preload=\"metadata\" controls=\"controls\"><source type=\"video\/mp4\" src=\"https:\/\/comunicartesanluis.com\/v1\/wp-content\/uploads\/2023\/03\/WhatsApp-Video-2023-03-22-at-8.52.05-AM.mp4?_=4\" \/><a href=\"https:\/\/comunicartesanluis.com\/v1\/wp-content\/uploads\/2023\/03\/WhatsApp-Video-2023-03-22-at-8.52.05-AM.mp4\">https:\/\/comunicartesanluis.com\/v1\/wp-content\/uploads\/2023\/03\/WhatsApp-Video-2023-03-22-at-8.52.05-AM.mp4<\/a><\/video><\/div>\n","protected":false},"excerpt":{"rendered":"<p>El fuerte temporal comenz\u00f3 a registrarse pasadas las 4 de esta madrugada y hasta el momento cayeron m\u00e1s de 150 mm, seg\u00fan confirm\u00f3 el Director de Defensa Civil Leo Orgorozo. Hay m\u00e1s de 30 viviendas inundadas y unos 40 veh\u00edculos sufrieron desperfectos mec\u00e1nicos por las lluvias por lo que quedaron varados en la v\u00eda p\u00fablica. El Ministerio de educaci\u00f3n provincial eval\u00faa la posibilidad de suspender las clases por los inconvenientes.<\/p>\n","protected":false},"author":5,"featured_media":7732,"comment_status":"open","ping_status":"open","sticky":false,"template":"","format":"standard","meta":{"_jetpack_memberships_contains_paid_content":false,"footnotes":""},"categories":[29],"tags":[],"class_list":["post-7731","post","type-post","status-publish","format-standard","has-post-thumbnail","hentry","category-clima"],"jetpack_featured_media_url":"https:\/\/comunicartesanluis.com\/v1\/wp-content\/uploads\/2023\/03\/arroyo.jpg","jetpack_sharing_enabled":true,"_links":{"self":[{"href":"https:\/\/comunicartesanluis.com\/index.php\/wp-json\/wp\/v2\/posts\/7731","targetHints":{"allow":["GET"]}}],"collection":[{"href":"https:\/\/comunicartesanluis.com\/index.php\/wp-json\/wp\/v2\/posts"}],"about":[{"href":"https:\/\/comunicartesanluis.com\/index.php\/wp-json\/wp\/v2\/types\/post"}],"author":[{"embeddable":true,"href":"https:\/\/comunicartesanluis.com\/index.php\/wp-json\/wp\/v2\/users\/5"}],"replies":[{"embeddable":true,"href":"https:\/\/comunicartesanluis.com\/index.php\/wp-json\/wp\/v2\/comments?post=7731"}],"version-history":[{"count":2,"href":"https:\/\/comunicartesanluis.com\/index.php\/wp-json\/wp\/v2\/posts\/7731\/revisions"}],"predecessor-version":[{"id":7742,"href":"https:\/\/comunicartesanluis.com\/index.php\/wp-json\/wp\/v2\/posts\/7731\/revisions\/7742"}],"wp:featuredmedia":[{"embeddable":true,"href":"https:\/\/comunicartesanluis.com\/index.php\/wp-json\/wp\/v2\/media\/7732"}],"wp:attachment":[{"href":"https:\/\/comunicartesanluis.com\/index.php\/wp-json\/wp\/v2\/media?parent=7731"}],"wp:term":[{"taxonomy":"category","embeddable":true,"href":"https:\/\/comunicartesanluis.com\/index.php\/wp-json\/wp\/v2\/categories?post=7731"},{"taxonomy":"post_tag","embeddable":true,"href":"https:\/\/comunicartesanluis.com\/index.php\/wp-json\/wp\/v2\/tags?post=7731"}],"curies":[{"name":"wp","href":"https:\/\/api.w.org\/{rel}","templated":true}]}}