{"id":7738,"date":"2023-03-22T09:23:30","date_gmt":"2023-03-22T12:23:30","guid":{"rendered":"https:\/\/comunicartesanluis.com\/?p=7738"},"modified":"2023-03-22T09:45:58","modified_gmt":"2023-03-22T12:45:58","slug":"villa-de-merlo-siguen-las-lluvias-y-los-alertas-estan-vigentes","status":"publish","type":"post","link":"https:\/\/comunicartesanluis.com\/index.php\/2023\/03\/22\/villa-de-merlo-siguen-las-lluvias-y-los-alertas-estan-vigentes\/","title":{"rendered":"Villa de Merlo: siguen las lluvias y el municipio declara el estado de emergencia en la v\u00eda publica. Videos"},"content":{"rendered":"<p>El organismo\u00a0 Meteorol\u00f3gico Nacional mantiene vigente el alerta amarillo por lluvias.\u00a0 El SMN informa que el \u00e1rea continuar\u00e1 afectada por lluvias y tormentas aisladas, pudiendo ser algunas localmente fuertes. Las mismas podr\u00edan tener como riesgo principal asociado la abundante ca\u00edda de agua en cortos periodos, y en forma localizada ca\u00edda de granizo y\/o r\u00e1fagas fuertes<\/p>\n<p>Debido a las intensas lluvias durante la madrugada del d\u00eda de hoy, se han generado crecidas, desborde de arroyos, rotura y anegamiento de calles, inundaci\u00f3n de viviendas, afectando a todos los barrios de nuestra Villa por lo que nos encontramos ante una situaci\u00f3n de emergencia civil y vial. Solicitamos a la comunidad circular con precauci\u00f3n en caso de extrema necesidad y\/o urgencia para evitar posibles accidentes en la v\u00eda p\u00fablica y a los fines de que el equipo de Servicios P\u00fablicos junto a Defensa Civil, Tr\u00e1nsito y Bomberos Voluntarios puedan asistir y trabajar de la mejor manera posible.<\/p>\n<p>im\u00e1genes de la Avda\u00a0 de los Almendros a las 9 de la ma\u00f1ana.<\/p>\n<div style=\"width: 640px;\" class=\"wp-video\"><video class=\"wp-video-shortcode\" id=\"video-7738-1\" width=\"640\" height=\"352\" preload=\"metadata\" controls=\"controls\"><source type=\"video\/mp4\" src=\"https:\/\/comunicartesanluis.com\/v1\/wp-content\/uploads\/2023\/03\/almendros-2023-03-22-at-9.04.40-AM.mp4?_=1\" \/><a href=\"https:\/\/comunicartesanluis.com\/v1\/wp-content\/uploads\/2023\/03\/almendros-2023-03-22-at-9.04.40-AM.mp4\">https:\/\/comunicartesanluis.com\/v1\/wp-content\/uploads\/2023\/03\/almendros-2023-03-22-at-9.04.40-AM.mp4<\/a><\/video><\/div>\n<div style=\"width: 640px;\" class=\"wp-video\"><video class=\"wp-video-shortcode\" id=\"video-7738-2\" width=\"640\" height=\"352\" preload=\"metadata\" controls=\"controls\"><source type=\"video\/mp4\" src=\"https:\/\/comunicartesanluis.com\/v1\/wp-content\/uploads\/2023\/03\/Pami-2023-03-22-at-9.24.38-AM.mp4?_=2\" \/><a href=\"https:\/\/comunicartesanluis.com\/v1\/wp-content\/uploads\/2023\/03\/Pami-2023-03-22-at-9.24.38-AM.mp4\">https:\/\/comunicartesanluis.com\/v1\/wp-content\/uploads\/2023\/03\/Pami-2023-03-22-at-9.24.38-AM.mp4<\/a><\/video><\/div>\n<p>Sucursal del Pami<\/p>\n<p>&nbsp;<\/p>\n<p>Im\u00e1genes de esta ma\u00f1ana de mi\u00e9rcoles.<\/p>\n<p><img decoding=\"async\" class=\"alignnone size-medium wp-image-7748\" src=\"https:\/\/comunicartesanluis.com\/v1\/wp-content\/uploads\/2023\/03\/m1-300x169.jpg\" alt=\"\" width=\"300\" height=\"169\" srcset=\"https:\/\/comunicartesanluis.com\/v1\/wp-content\/uploads\/2023\/03\/m1-200x113.jpg 200w, https:\/\/comunicartesanluis.com\/v1\/wp-content\/uploads\/2023\/03\/m1-300x169.jpg 300w, https:\/\/comunicartesanluis.com\/v1\/wp-content\/uploads\/2023\/03\/m1-400x225.jpg 400w, https:\/\/comunicartesanluis.com\/v1\/wp-content\/uploads\/2023\/03\/m1-600x338.jpg 600w, https:\/\/comunicartesanluis.com\/v1\/wp-content\/uploads\/2023\/03\/m1-768x432.jpg 768w, https:\/\/comunicartesanluis.com\/v1\/wp-content\/uploads\/2023\/03\/m1-800x450.jpg 800w, https:\/\/comunicartesanluis.com\/v1\/wp-content\/uploads\/2023\/03\/m1-1024x576.jpg 1024w, https:\/\/comunicartesanluis.com\/v1\/wp-content\/uploads\/2023\/03\/m1-1200x675.jpg 1200w, https:\/\/comunicartesanluis.com\/v1\/wp-content\/uploads\/2023\/03\/m1.jpg 1280w\" sizes=\"(max-width: 300px) 100vw, 300px\" \/> <img decoding=\"async\" class=\"alignnone size-medium wp-image-7749\" src=\"https:\/\/comunicartesanluis.com\/v1\/wp-content\/uploads\/2023\/03\/m2-300x169.jpg\" alt=\"\" width=\"300\" height=\"169\" srcset=\"https:\/\/comunicartesanluis.com\/v1\/wp-content\/uploads\/2023\/03\/m2-200x113.jpg 200w, https:\/\/comunicartesanluis.com\/v1\/wp-content\/uploads\/2023\/03\/m2-300x169.jpg 300w, https:\/\/comunicartesanluis.com\/v1\/wp-content\/uploads\/2023\/03\/m2-400x225.jpg 400w, https:\/\/comunicartesanluis.com\/v1\/wp-content\/uploads\/2023\/03\/m2-600x338.jpg 600w, https:\/\/comunicartesanluis.com\/v1\/wp-content\/uploads\/2023\/03\/m2-768x432.jpg 768w, https:\/\/comunicartesanluis.com\/v1\/wp-content\/uploads\/2023\/03\/m2-800x450.jpg 800w, https:\/\/comunicartesanluis.com\/v1\/wp-content\/uploads\/2023\/03\/m2-1024x576.jpg 1024w, https:\/\/comunicartesanluis.com\/v1\/wp-content\/uploads\/2023\/03\/m2-1200x675.jpg 1200w, https:\/\/comunicartesanluis.com\/v1\/wp-content\/uploads\/2023\/03\/m2.jpg 1280w\" sizes=\"(max-width: 300px) 100vw, 300px\" \/> <img decoding=\"async\" class=\"alignnone size-medium wp-image-7750\" src=\"https:\/\/comunicartesanluis.com\/v1\/wp-content\/uploads\/2023\/03\/m3-300x169.jpg\" alt=\"\" width=\"300\" height=\"169\" srcset=\"https:\/\/comunicartesanluis.com\/v1\/wp-content\/uploads\/2023\/03\/m3-200x113.jpg 200w, https:\/\/comunicartesanluis.com\/v1\/wp-content\/uploads\/2023\/03\/m3-300x169.jpg 300w, https:\/\/comunicartesanluis.com\/v1\/wp-content\/uploads\/2023\/03\/m3-400x225.jpg 400w, https:\/\/comunicartesanluis.com\/v1\/wp-content\/uploads\/2023\/03\/m3-600x338.jpg 600w, https:\/\/comunicartesanluis.com\/v1\/wp-content\/uploads\/2023\/03\/m3-768x432.jpg 768w, https:\/\/comunicartesanluis.com\/v1\/wp-content\/uploads\/2023\/03\/m3-800x450.jpg 800w, https:\/\/comunicartesanluis.com\/v1\/wp-content\/uploads\/2023\/03\/m3-1024x576.jpg 1024w, https:\/\/comunicartesanluis.com\/v1\/wp-content\/uploads\/2023\/03\/m3-1200x675.jpg 1200w, https:\/\/comunicartesanluis.com\/v1\/wp-content\/uploads\/2023\/03\/m3.jpg 1280w\" sizes=\"(max-width: 300px) 100vw, 300px\" \/> <img decoding=\"async\" class=\"alignnone size-medium wp-image-7751\" src=\"https:\/\/comunicartesanluis.com\/v1\/wp-content\/uploads\/2023\/03\/m4-300x169.jpg\" alt=\"\" width=\"300\" height=\"169\" srcset=\"https:\/\/comunicartesanluis.com\/v1\/wp-content\/uploads\/2023\/03\/m4-200x113.jpg 200w, https:\/\/comunicartesanluis.com\/v1\/wp-content\/uploads\/2023\/03\/m4-300x169.jpg 300w, https:\/\/comunicartesanluis.com\/v1\/wp-content\/uploads\/2023\/03\/m4-400x225.jpg 400w, https:\/\/comunicartesanluis.com\/v1\/wp-content\/uploads\/2023\/03\/m4-600x338.jpg 600w, https:\/\/comunicartesanluis.com\/v1\/wp-content\/uploads\/2023\/03\/m4-768x432.jpg 768w, https:\/\/comunicartesanluis.com\/v1\/wp-content\/uploads\/2023\/03\/m4-800x450.jpg 800w, https:\/\/comunicartesanluis.com\/v1\/wp-content\/uploads\/2023\/03\/m4-1024x576.jpg 1024w, https:\/\/comunicartesanluis.com\/v1\/wp-content\/uploads\/2023\/03\/m4-1200x675.jpg 1200w, https:\/\/comunicartesanluis.com\/v1\/wp-content\/uploads\/2023\/03\/m4.jpg 1280w\" sizes=\"(max-width: 300px) 100vw, 300px\" \/><\/p>\n<p>&nbsp;<\/p>\n<p>&nbsp;<\/p>\n","protected":false},"excerpt":{"rendered":"<p>El Smn mantiene vigente el alerta amarillo por las intensas lluvias. Video de la Avda de los Almendros<\/p>\n","protected":false},"author":5,"featured_media":7740,"comment_status":"open","ping_status":"open","sticky":false,"template":"","format":"standard","meta":{"_jetpack_memberships_contains_paid_content":false,"footnotes":""},"categories":[29],"tags":[],"class_list":["post-7738","post","type-post","status-publish","format-standard","has-post-thumbnail","hentry","category-clima"],"jetpack_featured_media_url":"https:\/\/comunicartesanluis.com\/v1\/wp-content\/uploads\/2023\/03\/almndros.jpg","jetpack_sharing_enabled":true,"_links":{"self":[{"href":"https:\/\/comunicartesanluis.com\/index.php\/wp-json\/wp\/v2\/posts\/7738","targetHints":{"allow":["GET"]}}],"collection":[{"href":"https:\/\/comunicartesanluis.com\/index.php\/wp-json\/wp\/v2\/posts"}],"about":[{"href":"https:\/\/comunicartesanluis.com\/index.php\/wp-json\/wp\/v2\/types\/post"}],"author":[{"embeddable":true,"href":"https:\/\/comunicartesanluis.com\/index.php\/wp-json\/wp\/v2\/users\/5"}],"replies":[{"embeddable":true,"href":"https:\/\/comunicartesanluis.com\/index.php\/wp-json\/wp\/v2\/comments?post=7738"}],"version-history":[{"count":5,"href":"https:\/\/comunicartesanluis.com\/index.php\/wp-json\/wp\/v2\/posts\/7738\/revisions"}],"predecessor-version":[{"id":7752,"href":"https:\/\/comunicartesanluis.com\/index.php\/wp-json\/wp\/v2\/posts\/7738\/revisions\/7752"}],"wp:featuredmedia":[{"embeddable":true,"href":"https:\/\/comunicartesanluis.com\/index.php\/wp-json\/wp\/v2\/media\/7740"}],"wp:attachment":[{"href":"https:\/\/comunicartesanluis.com\/index.php\/wp-json\/wp\/v2\/media?parent=7738"}],"wp:term":[{"taxonomy":"category","embeddable":true,"href":"https:\/\/comunicartesanluis.com\/index.php\/wp-json\/wp\/v2\/categories?post=7738"},{"taxonomy":"post_tag","embeddable":true,"href":"https:\/\/comunicartesanluis.com\/index.php\/wp-json\/wp\/v2\/tags?post=7738"}],"curies":[{"name":"wp","href":"https:\/\/api.w.org\/{rel}","templated":true}]}}