{"id":7753,"date":"2023-03-22T10:26:49","date_gmt":"2023-03-22T13:26:49","guid":{"rendered":"https:\/\/comunicartesanluis.com\/?p=7753"},"modified":"2023-03-22T10:34:48","modified_gmt":"2023-03-22T13:34:48","slug":"el-municipio-solicita-evitar-la-circulacion-durante-la-tormenta-videos","status":"publish","type":"post","link":"https:\/\/comunicartesanluis.com\/index.php\/2023\/03\/22\/el-municipio-solicita-evitar-la-circulacion-durante-la-tormenta-videos\/","title":{"rendered":"El Municipio solicita evitar la circulaci\u00f3n durante la tormenta. Videos"},"content":{"rendered":"<div style=\"width: 640px;\" class=\"wp-video\"><video class=\"wp-video-shortcode\" id=\"video-7753-1\" width=\"640\" height=\"352\" preload=\"metadata\" controls=\"controls\"><source type=\"video\/mp4\" src=\"https:\/\/comunicartesanluis.com\/v1\/wp-content\/uploads\/2023\/03\/WhatsApp-Video-2023-03-22-at-10.19.54-AM.mp4?_=1\" \/><a href=\"https:\/\/comunicartesanluis.com\/v1\/wp-content\/uploads\/2023\/03\/WhatsApp-Video-2023-03-22-at-10.19.54-AM.mp4\">https:\/\/comunicartesanluis.com\/v1\/wp-content\/uploads\/2023\/03\/WhatsApp-Video-2023-03-22-at-10.19.54-AM.mp4<\/a><\/video><\/div>\n<p>&nbsp;<\/p>\n<p>El Municipio de Villa de Merlo solicita a la comunidad evitar la circulaci\u00f3n. En caso de extrema urgencia circular con precauci\u00f3n debido a la gran cantidad de agua ca\u00edda durante la tormenta. Hasta ahora los registros arrojan un total de 167mm. en la zona baja de Merlo que podr\u00edan ser superados en las pr\u00f3ximas horas, ya que la Red de Estaciones Meteorol\u00f3gicas de San Luis y Defensa Civil han confirmado la extensi\u00f3n del alerta para toda la regi\u00f3n.<\/p>\n<p>La Ruta 1 se encuentra cortada en su totalidad, por lo cual el \u00fanico acceso a la ciudad es por Ruta 5. El ingreso desde Carpinter\u00eda y otros pueblos de la costa puede realizarse con extrema precauci\u00f3n bajando por ruta 28 y autopista. Todas las calles que tienen descenso de este a oeste presentan una bajada caudalosa de agua con mucho barro, ramas y<br \/>\npiedras.<br \/>\nEl equipo de Tr\u00e1nsito Municipal ha cortado los cruces de arroyos, ya que se encuentran desbordados en su totalidad. Actualmente personal de Servicios P\u00fablicos, Defensa Civil, Polic\u00eda y Bomberos Voluntarios se encuentran afectados a la contenci\u00f3n y tareas de tormenta.<\/p>\n<p>La alerta meteorol\u00f3gica est\u00e1 vigente y se espera que estas condiciones clim\u00e1ticas se mantengan durante el resto del d\u00eda.<\/p>\n","protected":false},"excerpt":{"rendered":"<p>Desde el \u00e1rea de Defensa Civil, la Secretar\u00eda de Servicios P\u00fablicos, Tr\u00e1nsito, Bomberos Voluntarios y Polic\u00eda se advierte a la comunidad merlina que debido a la gran cantidad de agua ca\u00edda y a que se mantiene el alerta meteorol\u00f3gico para el resto del d\u00eda, la circulaci\u00f3n en la ciudad se encuentra comprometida. Hay cortes y calles anegadas a lo largo de Villa de<br \/>\nMerlo.<\/p>\n","protected":false},"author":5,"featured_media":7754,"comment_status":"open","ping_status":"open","sticky":false,"template":"","format":"standard","meta":{"_jetpack_memberships_contains_paid_content":false,"footnotes":""},"categories":[29],"tags":[],"class_list":["post-7753","post","type-post","status-publish","format-standard","has-post-thumbnail","hentry","category-clima"],"jetpack_featured_media_url":"https:\/\/comunicartesanluis.com\/v1\/wp-content\/uploads\/2023\/03\/aviso.jpg","jetpack_sharing_enabled":true,"_links":{"self":[{"href":"https:\/\/comunicartesanluis.com\/index.php\/wp-json\/wp\/v2\/posts\/7753","targetHints":{"allow":["GET"]}}],"collection":[{"href":"https:\/\/comunicartesanluis.com\/index.php\/wp-json\/wp\/v2\/posts"}],"about":[{"href":"https:\/\/comunicartesanluis.com\/index.php\/wp-json\/wp\/v2\/types\/post"}],"author":[{"embeddable":true,"href":"https:\/\/comunicartesanluis.com\/index.php\/wp-json\/wp\/v2\/users\/5"}],"replies":[{"embeddable":true,"href":"https:\/\/comunicartesanluis.com\/index.php\/wp-json\/wp\/v2\/comments?post=7753"}],"version-history":[{"count":1,"href":"https:\/\/comunicartesanluis.com\/index.php\/wp-json\/wp\/v2\/posts\/7753\/revisions"}],"predecessor-version":[{"id":7756,"href":"https:\/\/comunicartesanluis.com\/index.php\/wp-json\/wp\/v2\/posts\/7753\/revisions\/7756"}],"wp:featuredmedia":[{"embeddable":true,"href":"https:\/\/comunicartesanluis.com\/index.php\/wp-json\/wp\/v2\/media\/7754"}],"wp:attachment":[{"href":"https:\/\/comunicartesanluis.com\/index.php\/wp-json\/wp\/v2\/media?parent=7753"}],"wp:term":[{"taxonomy":"category","embeddable":true,"href":"https:\/\/comunicartesanluis.com\/index.php\/wp-json\/wp\/v2\/categories?post=7753"},{"taxonomy":"post_tag","embeddable":true,"href":"https:\/\/comunicartesanluis.com\/index.php\/wp-json\/wp\/v2\/tags?post=7753"}],"curies":[{"name":"wp","href":"https:\/\/api.w.org\/{rel}","templated":true}]}}