{"id":7757,"date":"2023-03-22T20:54:40","date_gmt":"2023-03-22T23:54:40","guid":{"rendered":"https:\/\/comunicartesanluis.com\/?p=7757"},"modified":"2023-03-22T20:56:25","modified_gmt":"2023-03-22T23:56:25","slug":"el-ejercito-argentino-llega-a-la-villa-de-merlo-para-ayudar-en-la-emergencia-civil","status":"publish","type":"post","link":"https:\/\/comunicartesanluis.com\/index.php\/2023\/03\/22\/el-ejercito-argentino-llega-a-la-villa-de-merlo-para-ayudar-en-la-emergencia-civil\/","title":{"rendered":"El Ej\u00e9rcito Argentino llega a la Villa de Merlo para ayudar en la Emergencia Civil"},"content":{"rendered":"<p><img decoding=\"async\" class=\"alignnone size-medium wp-image-7759\" src=\"https:\/\/comunicartesanluis.com\/v1\/wp-content\/uploads\/2023\/03\/ejercito-2-300x169.jpg\" alt=\"\" width=\"300\" height=\"169\" srcset=\"https:\/\/comunicartesanluis.com\/v1\/wp-content\/uploads\/2023\/03\/ejercito-2-200x113.jpg 200w, https:\/\/comunicartesanluis.com\/v1\/wp-content\/uploads\/2023\/03\/ejercito-2-300x169.jpg 300w, https:\/\/comunicartesanluis.com\/v1\/wp-content\/uploads\/2023\/03\/ejercito-2-400x225.jpg 400w, https:\/\/comunicartesanluis.com\/v1\/wp-content\/uploads\/2023\/03\/ejercito-2-600x338.jpg 600w, https:\/\/comunicartesanluis.com\/v1\/wp-content\/uploads\/2023\/03\/ejercito-2-768x432.jpg 768w, https:\/\/comunicartesanluis.com\/v1\/wp-content\/uploads\/2023\/03\/ejercito-2-800x450.jpg 800w, https:\/\/comunicartesanluis.com\/v1\/wp-content\/uploads\/2023\/03\/ejercito-2-1024x576.jpg 1024w, https:\/\/comunicartesanluis.com\/v1\/wp-content\/uploads\/2023\/03\/ejercito-2-1200x675.jpg 1200w, https:\/\/comunicartesanluis.com\/v1\/wp-content\/uploads\/2023\/03\/ejercito-2.jpg 1280w\" sizes=\"(max-width: 300px) 100vw, 300px\" \/><\/p>\n<p>El intendente Juan \u00c1lvarez Pinto agradece en el nombre del Jefe de la Guarnici\u00f3n Coronel Gustavo Chineno a todo el personal militar y al Ej\u00e9rcito Argentino que viene a colaborar con el municipio y el pueblo merlino, en esta dif\u00edcil situaci\u00f3n que nos toca atravesar.<\/p>\n<p>El personal militar realizar\u00e1 tareas de desobstrucci\u00f3n de arterias y arroyos, limpieza gruesa de calles, asistencia a familias con sus viviendas inundadas, racionamiento mediante sus cocinas de campa\u00f1a y asistencia log\u00edstica ante situaciones de crisis.<\/p>\n<p>La colaboraci\u00f3n surgi\u00f3 luego de un pedido formal que hiciera el Intendente durante la ma\u00f1ana de hoy y se dio por la magnitud de la crisis que azota a todos los merlinos y la relaci\u00f3n que mantienen ambas instituciones en los \u00faltimos a\u00f1os.<\/p>\n<p>Asimismo se espera para las primeras horas de ma\u00f1ana el arribo de personal de la Fuerza A\u00e9rea Argentina, con base en Villa Reynolds, para realizar tareas de similares caracter\u00edsticas.<\/p>\n","protected":false},"excerpt":{"rendered":"<p>La Agrupaci\u00f3n de Artiller\u00eda de Campa\u00f1a 601 del Ej\u00e9rcito Argentino con asiento en la ciudad de San Luis, se encuentra en viaje hacia nuestra localidad.<\/p>\n","protected":false},"author":5,"featured_media":7758,"comment_status":"open","ping_status":"open","sticky":false,"template":"","format":"standard","meta":{"_jetpack_memberships_contains_paid_content":false,"footnotes":""},"categories":[29],"tags":[],"class_list":["post-7757","post","type-post","status-publish","format-standard","has-post-thumbnail","hentry","category-clima"],"jetpack_featured_media_url":"https:\/\/comunicartesanluis.com\/v1\/wp-content\/uploads\/2023\/03\/ejercito.jpg","jetpack_sharing_enabled":true,"_links":{"self":[{"href":"https:\/\/comunicartesanluis.com\/index.php\/wp-json\/wp\/v2\/posts\/7757","targetHints":{"allow":["GET"]}}],"collection":[{"href":"https:\/\/comunicartesanluis.com\/index.php\/wp-json\/wp\/v2\/posts"}],"about":[{"href":"https:\/\/comunicartesanluis.com\/index.php\/wp-json\/wp\/v2\/types\/post"}],"author":[{"embeddable":true,"href":"https:\/\/comunicartesanluis.com\/index.php\/wp-json\/wp\/v2\/users\/5"}],"replies":[{"embeddable":true,"href":"https:\/\/comunicartesanluis.com\/index.php\/wp-json\/wp\/v2\/comments?post=7757"}],"version-history":[{"count":1,"href":"https:\/\/comunicartesanluis.com\/index.php\/wp-json\/wp\/v2\/posts\/7757\/revisions"}],"predecessor-version":[{"id":7760,"href":"https:\/\/comunicartesanluis.com\/index.php\/wp-json\/wp\/v2\/posts\/7757\/revisions\/7760"}],"wp:featuredmedia":[{"embeddable":true,"href":"https:\/\/comunicartesanluis.com\/index.php\/wp-json\/wp\/v2\/media\/7758"}],"wp:attachment":[{"href":"https:\/\/comunicartesanluis.com\/index.php\/wp-json\/wp\/v2\/media?parent=7757"}],"wp:term":[{"taxonomy":"category","embeddable":true,"href":"https:\/\/comunicartesanluis.com\/index.php\/wp-json\/wp\/v2\/categories?post=7757"},{"taxonomy":"post_tag","embeddable":true,"href":"https:\/\/comunicartesanluis.com\/index.php\/wp-json\/wp\/v2\/tags?post=7757"}],"curies":[{"name":"wp","href":"https:\/\/api.w.org\/{rel}","templated":true}]}}