{"id":7764,"date":"2023-03-23T07:26:58","date_gmt":"2023-03-23T10:26:58","guid":{"rendered":"https:\/\/comunicartesanluis.com\/?p=7764"},"modified":"2023-03-23T08:16:09","modified_gmt":"2023-03-23T11:16:09","slug":"impactantes-imagenes-en-video-del-temporal-de-lluvia-en-villa-de-merlo","status":"publish","type":"post","link":"https:\/\/comunicartesanluis.com\/index.php\/2023\/03\/23\/impactantes-imagenes-en-video-del-temporal-de-lluvia-en-villa-de-merlo\/","title":{"rendered":"Impactantes im\u00e1genes del temporal de lluvia en Villa de Merlo: Se Mantiene el \u00abAlerta Naranja\u00bb"},"content":{"rendered":"<p><img decoding=\"async\" class=\"alignnone size-medium wp-image-7773\" src=\"https:\/\/comunicartesanluis.com\/v1\/wp-content\/uploads\/2023\/03\/alerta-300x219.jpg\" alt=\"\" width=\"300\" height=\"219\" srcset=\"https:\/\/comunicartesanluis.com\/v1\/wp-content\/uploads\/2023\/03\/alerta-200x146.jpg 200w, https:\/\/comunicartesanluis.com\/v1\/wp-content\/uploads\/2023\/03\/alerta-300x219.jpg 300w, https:\/\/comunicartesanluis.com\/v1\/wp-content\/uploads\/2023\/03\/alerta-400x291.jpg 400w, https:\/\/comunicartesanluis.com\/v1\/wp-content\/uploads\/2023\/03\/alerta-600x437.jpg 600w, https:\/\/comunicartesanluis.com\/v1\/wp-content\/uploads\/2023\/03\/alerta-768x560.jpg 768w, https:\/\/comunicartesanluis.com\/v1\/wp-content\/uploads\/2023\/03\/alerta.jpg 781w\" sizes=\"(max-width: 300px) 100vw, 300px\" \/><\/p>\n<p>Mientras la situaci\u00f3n en la localidad merlina intenta normalizarse, los servicios de meteorolog\u00eda mantienen vigente el alerta naranja por tormentas. Seg\u00fan precisa el informe, el \u00e1rea continuar\u00e1 afectada por lluvias y tormentas aisladas, pudiendo ser algunas localmente fuertes. Las mismas podr\u00edan tener como riesgo principal asociado la abundante ca\u00edda de agua en cortos periodos, y en forma localizada ca\u00edda de granizo y\/o r\u00e1fagas fuertes. Los valores de precipitaci\u00f3n acumulada se estiman alrededor de 40 mm pudiendo ser superados<\/p>\n<p><img decoding=\"async\" class=\"alignnone wp-image-7776 \" src=\"https:\/\/comunicartesanluis.com\/v1\/wp-content\/uploads\/2023\/03\/foton-576x1024.jpg\" alt=\"\" width=\"580\" height=\"1031\" srcset=\"https:\/\/comunicartesanluis.com\/v1\/wp-content\/uploads\/2023\/03\/foton-169x300.jpg 169w, https:\/\/comunicartesanluis.com\/v1\/wp-content\/uploads\/2023\/03\/foton-200x356.jpg 200w, https:\/\/comunicartesanluis.com\/v1\/wp-content\/uploads\/2023\/03\/foton-400x711.jpg 400w, https:\/\/comunicartesanluis.com\/v1\/wp-content\/uploads\/2023\/03\/foton-576x1024.jpg 576w, https:\/\/comunicartesanluis.com\/v1\/wp-content\/uploads\/2023\/03\/foton-600x1067.jpg 600w, https:\/\/comunicartesanluis.com\/v1\/wp-content\/uploads\/2023\/03\/foton-768x1365.jpg 768w, https:\/\/comunicartesanluis.com\/v1\/wp-content\/uploads\/2023\/03\/foton-800x1422.jpg 800w, https:\/\/comunicartesanluis.com\/v1\/wp-content\/uploads\/2023\/03\/foton-864x1536.jpg 864w, https:\/\/comunicartesanluis.com\/v1\/wp-content\/uploads\/2023\/03\/foton.jpg 900w\" sizes=\"(max-width: 580px) 100vw, 580px\" \/><\/p>\n<p>&nbsp;<\/p>\n<p>Im\u00e1genes de las crecidas y desborde de los distintos arroyos que atraviesan la localidad.<\/p>\n<div style=\"width: 640px;\" class=\"wp-video\"><video class=\"wp-video-shortcode\" id=\"video-7764-1\" width=\"640\" height=\"352\" preload=\"metadata\" controls=\"controls\"><source type=\"video\/mp4\" src=\"https:\/\/comunicartesanluis.com\/v1\/wp-content\/uploads\/2023\/03\/WhatsApp-Video-2023-03-22-at-11.09.07-PM.mp4?_=1\" \/><a href=\"https:\/\/comunicartesanluis.com\/v1\/wp-content\/uploads\/2023\/03\/WhatsApp-Video-2023-03-22-at-11.09.07-PM.mp4\">https:\/\/comunicartesanluis.com\/v1\/wp-content\/uploads\/2023\/03\/WhatsApp-Video-2023-03-22-at-11.09.07-PM.mp4<\/a><\/video><\/div>\n<p>&nbsp;<\/p>\n<div style=\"width: 640px;\" class=\"wp-video\"><video class=\"wp-video-shortcode\" id=\"video-7764-2\" width=\"640\" height=\"352\" preload=\"metadata\" controls=\"controls\"><source type=\"video\/mp4\" src=\"https:\/\/comunicartesanluis.com\/v1\/wp-content\/uploads\/2023\/03\/WhatsApp-Video-2023-03-22-at-11.09.03-PM-1.mp4?_=2\" \/><a href=\"https:\/\/comunicartesanluis.com\/v1\/wp-content\/uploads\/2023\/03\/WhatsApp-Video-2023-03-22-at-11.09.03-PM-1.mp4\">https:\/\/comunicartesanluis.com\/v1\/wp-content\/uploads\/2023\/03\/WhatsApp-Video-2023-03-22-at-11.09.03-PM-1.mp4<\/a><\/video><\/div>\n<div style=\"width: 640px;\" class=\"wp-video\"><video class=\"wp-video-shortcode\" id=\"video-7764-3\" width=\"640\" height=\"480\" preload=\"metadata\" controls=\"controls\"><source type=\"video\/mp4\" src=\"https:\/\/comunicartesanluis.com\/v1\/wp-content\/uploads\/2023\/03\/WhatsApp-Video-2023-03-22-at-11.09.04-PM-1.mp4?_=3\" \/><a href=\"https:\/\/comunicartesanluis.com\/v1\/wp-content\/uploads\/2023\/03\/WhatsApp-Video-2023-03-22-at-11.09.04-PM-1.mp4\">https:\/\/comunicartesanluis.com\/v1\/wp-content\/uploads\/2023\/03\/WhatsApp-Video-2023-03-22-at-11.09.04-PM-1.mp4<\/a><\/video><\/div>\n<p>&nbsp;<\/p>\n<div style=\"width: 352px;\" class=\"wp-video\"><video class=\"wp-video-shortcode\" id=\"video-7764-4\" width=\"352\" height=\"640\" preload=\"metadata\" controls=\"controls\"><source type=\"video\/mp4\" src=\"https:\/\/comunicartesanluis.com\/v1\/wp-content\/uploads\/2023\/03\/WhatsApp-Video-2023-03-22-at-11.09.00-PM.mp4?_=4\" \/><a href=\"https:\/\/comunicartesanluis.com\/v1\/wp-content\/uploads\/2023\/03\/WhatsApp-Video-2023-03-22-at-11.09.00-PM.mp4\">https:\/\/comunicartesanluis.com\/v1\/wp-content\/uploads\/2023\/03\/WhatsApp-Video-2023-03-22-at-11.09.00-PM.mp4<\/a><\/video><\/div>\n","protected":false},"excerpt":{"rendered":"<p>El temporal de lluvia registrado ayer en la localidad tur\u00edstica de la villa de Merlo, dejo como consecuencia viviendas inundadas, calles destrozadas y un sin fin de inconvenientes por la crecida y desborde de los arroyos. El organismo de Defensa Civil informo que se registro un total de 270 mm de lluvia ca\u00edda. Defensa Civil, bomberos Voluntarios, San Luis Solidario, junto a todas las \u00e1reas del municipio local debieron trabajar en las distintas intervenciones.<\/p>\n","protected":false},"author":5,"featured_media":7765,"comment_status":"open","ping_status":"open","sticky":false,"template":"","format":"standard","meta":{"_jetpack_memberships_contains_paid_content":false,"footnotes":""},"categories":[29],"tags":[],"class_list":["post-7764","post","type-post","status-publish","format-standard","has-post-thumbnail","hentry","category-clima"],"jetpack_featured_media_url":"https:\/\/comunicartesanluis.com\/v1\/wp-content\/uploads\/2023\/03\/lluvia-1.jpg","jetpack_sharing_enabled":true,"_links":{"self":[{"href":"https:\/\/comunicartesanluis.com\/index.php\/wp-json\/wp\/v2\/posts\/7764","targetHints":{"allow":["GET"]}}],"collection":[{"href":"https:\/\/comunicartesanluis.com\/index.php\/wp-json\/wp\/v2\/posts"}],"about":[{"href":"https:\/\/comunicartesanluis.com\/index.php\/wp-json\/wp\/v2\/types\/post"}],"author":[{"embeddable":true,"href":"https:\/\/comunicartesanluis.com\/index.php\/wp-json\/wp\/v2\/users\/5"}],"replies":[{"embeddable":true,"href":"https:\/\/comunicartesanluis.com\/index.php\/wp-json\/wp\/v2\/comments?post=7764"}],"version-history":[{"count":6,"href":"https:\/\/comunicartesanluis.com\/index.php\/wp-json\/wp\/v2\/posts\/7764\/revisions"}],"predecessor-version":[{"id":7771,"href":"https:\/\/comunicartesanluis.com\/index.php\/wp-json\/wp\/v2\/posts\/7764\/revisions\/7771"}],"wp:featuredmedia":[{"embeddable":true,"href":"https:\/\/comunicartesanluis.com\/index.php\/wp-json\/wp\/v2\/media\/7765"}],"wp:attachment":[{"href":"https:\/\/comunicartesanluis.com\/index.php\/wp-json\/wp\/v2\/media?parent=7764"}],"wp:term":[{"taxonomy":"category","embeddable":true,"href":"https:\/\/comunicartesanluis.com\/index.php\/wp-json\/wp\/v2\/categories?post=7764"},{"taxonomy":"post_tag","embeddable":true,"href":"https:\/\/comunicartesanluis.com\/index.php\/wp-json\/wp\/v2\/tags?post=7764"}],"curies":[{"name":"wp","href":"https:\/\/api.w.org\/{rel}","templated":true}]}}