{"id":7778,"date":"2023-03-23T09:50:58","date_gmt":"2023-03-23T12:50:58","guid":{"rendered":"https:\/\/comunicartesanluis.com\/?p=7778"},"modified":"2023-03-23T09:59:46","modified_gmt":"2023-03-23T12:59:46","slug":"distintos-organismos-se-reunieron-para-acordar-acciones-en-conjunto-tras-el-temporal-en-merlo","status":"publish","type":"post","link":"https:\/\/comunicartesanluis.com\/index.php\/2023\/03\/23\/distintos-organismos-se-reunieron-para-acordar-acciones-en-conjunto-tras-el-temporal-en-merlo\/","title":{"rendered":"Distintos organismos se reunieron para acordar acciones en conjunto tras el temporal en Merlo"},"content":{"rendered":"<p>Esta ma\u00f1ana en las instalaciones de la Asociaci\u00f3n de bomberos Voluntarios, personal de la jefatura, junto a Intendente Juan \u00c1lvarez Pinto, Defensa Civil Municipal, Ej\u00e9rcito Argentino, Defensa Civil Municipal de Trapiche, San Luis Solidario, Bomberos de la Polic\u00eda, con el fin de asignar y dividir las tareas a realizar en toda nuestra ciudad, estado de situaci\u00f3n actual, zonas m\u00e1s afectadas y sus necesidades.<\/p>\n<p>Luego de los recorridos establecidos, se realizara una nueva reuni\u00f3n para las 16 hs, luego del relevamiento realizado durante la ma\u00f1ana y los avances.<\/p>\n","protected":false},"excerpt":{"rendered":"<p>Bomberos Voluntarios, Defensa Civil y distintas \u00e1reas municipales trabajaron en conjunto para asistir a las familias afectadas por la tormenta que este mi\u00e9rcoles afecto la localidad<\/p>\n","protected":false},"author":5,"featured_media":7779,"comment_status":"open","ping_status":"open","sticky":false,"template":"","format":"standard","meta":{"_jetpack_memberships_contains_paid_content":false,"footnotes":""},"categories":[29,10],"tags":[],"class_list":["post-7778","post","type-post","status-publish","format-standard","has-post-thumbnail","hentry","category-clima","category-sociedad"],"jetpack_featured_media_url":"https:\/\/comunicartesanluis.com\/v1\/wp-content\/uploads\/2023\/03\/reunion.jpg","jetpack_sharing_enabled":true,"_links":{"self":[{"href":"https:\/\/comunicartesanluis.com\/index.php\/wp-json\/wp\/v2\/posts\/7778","targetHints":{"allow":["GET"]}}],"collection":[{"href":"https:\/\/comunicartesanluis.com\/index.php\/wp-json\/wp\/v2\/posts"}],"about":[{"href":"https:\/\/comunicartesanluis.com\/index.php\/wp-json\/wp\/v2\/types\/post"}],"author":[{"embeddable":true,"href":"https:\/\/comunicartesanluis.com\/index.php\/wp-json\/wp\/v2\/users\/5"}],"replies":[{"embeddable":true,"href":"https:\/\/comunicartesanluis.com\/index.php\/wp-json\/wp\/v2\/comments?post=7778"}],"version-history":[{"count":1,"href":"https:\/\/comunicartesanluis.com\/index.php\/wp-json\/wp\/v2\/posts\/7778\/revisions"}],"predecessor-version":[{"id":7780,"href":"https:\/\/comunicartesanluis.com\/index.php\/wp-json\/wp\/v2\/posts\/7778\/revisions\/7780"}],"wp:featuredmedia":[{"embeddable":true,"href":"https:\/\/comunicartesanluis.com\/index.php\/wp-json\/wp\/v2\/media\/7779"}],"wp:attachment":[{"href":"https:\/\/comunicartesanluis.com\/index.php\/wp-json\/wp\/v2\/media?parent=7778"}],"wp:term":[{"taxonomy":"category","embeddable":true,"href":"https:\/\/comunicartesanluis.com\/index.php\/wp-json\/wp\/v2\/categories?post=7778"},{"taxonomy":"post_tag","embeddable":true,"href":"https:\/\/comunicartesanluis.com\/index.php\/wp-json\/wp\/v2\/tags?post=7778"}],"curies":[{"name":"wp","href":"https:\/\/api.w.org\/{rel}","templated":true}]}}