{"id":7796,"date":"2023-03-23T14:26:27","date_gmt":"2023-03-23T17:26:27","guid":{"rendered":"https:\/\/comunicartesanluis.com\/?p=7796"},"modified":"2023-03-23T14:28:04","modified_gmt":"2023-03-23T17:28:04","slug":"imagenes-impactantes-de-las-crecidas-e-inundaciones-en-traslasierra-mira-los-videos","status":"publish","type":"post","link":"https:\/\/comunicartesanluis.com\/index.php\/2023\/03\/23\/imagenes-impactantes-de-las-crecidas-e-inundaciones-en-traslasierra-mira-los-videos\/","title":{"rendered":"Im\u00e1genes impactantes de las crecidas e inundaciones en Traslasierra. Mira los videos"},"content":{"rendered":"<p>Las lluvias tambi\u00e9n causaron inundaciones y destrozos en Traslasierra.<\/p>\n<p>Desbordo el Rio Panaholma y se inundaron las localidades de Mina Clavero, Villa Dolores y otras localidades.<\/p>\n<div style=\"width: 1080px;\" class=\"wp-video\"><video class=\"wp-video-shortcode\" id=\"video-7796-1\" width=\"1080\" height=\"1922\" preload=\"metadata\" controls=\"controls\"><source type=\"video\/mp4\" src=\"https:\/\/comunicartesanluis.com\/v1\/wp-content\/uploads\/2023\/03\/10000000_599482378471748_4832115324364694444_n.mp4?_=1\" \/><a href=\"https:\/\/comunicartesanluis.com\/v1\/wp-content\/uploads\/2023\/03\/10000000_599482378471748_4832115324364694444_n.mp4\">https:\/\/comunicartesanluis.com\/v1\/wp-content\/uploads\/2023\/03\/10000000_599482378471748_4832115324364694444_n.mp4<\/a><\/video><\/div>\n<p>Im\u00e1genes del Rio Panaholma, uno de los principales r\u00edos de la regi\u00f3n registr\u00f3 una de las crecidas m\u00e1s importantes del centro norte del valle de Traslasierra.<\/p>\n<p>&nbsp;<\/p>\n<div style=\"width: 1080px;\" class=\"wp-video\"><video class=\"wp-video-shortcode\" id=\"video-7796-2\" width=\"1080\" height=\"1922\" preload=\"metadata\" controls=\"controls\"><source type=\"video\/mp4\" src=\"https:\/\/comunicartesanluis.com\/v1\/wp-content\/uploads\/2023\/03\/10000000_1168501383866408_2444546980613898919_n.mp4?_=2\" \/><a href=\"https:\/\/comunicartesanluis.com\/v1\/wp-content\/uploads\/2023\/03\/10000000_1168501383866408_2444546980613898919_n.mp4\">https:\/\/comunicartesanluis.com\/v1\/wp-content\/uploads\/2023\/03\/10000000_1168501383866408_2444546980613898919_n.mp4<\/a><\/video><\/div>\n<p>&nbsp;<\/p>\n<p><strong>Balneario los Cedros, Cura Borchero<\/strong><\/p>\n<p>&nbsp;<\/p>\n<div style=\"width: 720px;\" class=\"wp-video\"><video class=\"wp-video-shortcode\" id=\"video-7796-3\" width=\"720\" height=\"1280\" preload=\"metadata\" controls=\"controls\"><source type=\"video\/mp4\" src=\"https:\/\/comunicartesanluis.com\/v1\/wp-content\/uploads\/2023\/03\/10000000_2452063124969390_5038184051339435803_n.mp4?_=3\" \/><a href=\"https:\/\/comunicartesanluis.com\/v1\/wp-content\/uploads\/2023\/03\/10000000_2452063124969390_5038184051339435803_n.mp4\">https:\/\/comunicartesanluis.com\/v1\/wp-content\/uploads\/2023\/03\/10000000_2452063124969390_5038184051339435803_n.mp4<\/a><\/video><\/div>\n<p>Creciente\u00a0 R\u00edo Panaholma Balneario Municipal Villa Cura Brochero Valle de Traslasierra, C\u00f3rdoba<\/p>\n<div style=\"width: 480px;\" class=\"wp-video\"><video class=\"wp-video-shortcode\" id=\"video-7796-4\" width=\"480\" height=\"480\" preload=\"metadata\" controls=\"controls\"><source type=\"video\/mp4\" src=\"https:\/\/comunicartesanluis.com\/v1\/wp-content\/uploads\/2023\/03\/337548744_3412836229027805_8369096012557750003_n.mp4?_=4\" \/><a href=\"https:\/\/comunicartesanluis.com\/v1\/wp-content\/uploads\/2023\/03\/337548744_3412836229027805_8369096012557750003_n.mp4\">https:\/\/comunicartesanluis.com\/v1\/wp-content\/uploads\/2023\/03\/337548744_3412836229027805_8369096012557750003_n.mp4<\/a><\/video><\/div>\n<p>Villa Dolores, Zona centro.<\/p>\n<p>Info y Fotos: Noticias Traslasierra<\/p>\n<p>&nbsp;<\/p>\n","protected":false},"excerpt":{"rendered":"<p>Las lluvias tambi\u00e9n causaron inundaciones y destrozos en Traslasierra. Desbordo el Rio Panaholma y se inundaron las localidades de Mina Clavero, Villa Dolores y otras localidades. Im\u00e1genes del Rio Panaholma, uno de los principales r\u00edos de la regi\u00f3n registr\u00f3 una de las crecidas m\u00e1s importantes del centro norte del valle de Traslasierra. &nbsp; &nbsp; Balneario los Cedros, Cura Borchero &nbsp; Creciente\u00a0 R\u00edo Panaholma Balneario Municipal Villa Cura Brochero Valle de Traslasierra, C\u00f3rdoba Villa Dolores, Zona centro. Info y Fotos: Noticias Traslasierra &nbsp;<\/p>\n","protected":false},"author":5,"featured_media":7801,"comment_status":"open","ping_status":"open","sticky":false,"template":"","format":"standard","meta":{"_jetpack_memberships_contains_paid_content":false,"footnotes":""},"categories":[29],"tags":[],"class_list":["post-7796","post","type-post","status-publish","format-standard","has-post-thumbnail","hentry","category-clima"],"jetpack_featured_media_url":"https:\/\/comunicartesanluis.com\/v1\/wp-content\/uploads\/2023\/03\/dolores.jpg","jetpack_sharing_enabled":true,"_links":{"self":[{"href":"https:\/\/comunicartesanluis.com\/index.php\/wp-json\/wp\/v2\/posts\/7796","targetHints":{"allow":["GET"]}}],"collection":[{"href":"https:\/\/comunicartesanluis.com\/index.php\/wp-json\/wp\/v2\/posts"}],"about":[{"href":"https:\/\/comunicartesanluis.com\/index.php\/wp-json\/wp\/v2\/types\/post"}],"author":[{"embeddable":true,"href":"https:\/\/comunicartesanluis.com\/index.php\/wp-json\/wp\/v2\/users\/5"}],"replies":[{"embeddable":true,"href":"https:\/\/comunicartesanluis.com\/index.php\/wp-json\/wp\/v2\/comments?post=7796"}],"version-history":[{"count":1,"href":"https:\/\/comunicartesanluis.com\/index.php\/wp-json\/wp\/v2\/posts\/7796\/revisions"}],"predecessor-version":[{"id":7802,"href":"https:\/\/comunicartesanluis.com\/index.php\/wp-json\/wp\/v2\/posts\/7796\/revisions\/7802"}],"wp:featuredmedia":[{"embeddable":true,"href":"https:\/\/comunicartesanluis.com\/index.php\/wp-json\/wp\/v2\/media\/7801"}],"wp:attachment":[{"href":"https:\/\/comunicartesanluis.com\/index.php\/wp-json\/wp\/v2\/media?parent=7796"}],"wp:term":[{"taxonomy":"category","embeddable":true,"href":"https:\/\/comunicartesanluis.com\/index.php\/wp-json\/wp\/v2\/categories?post=7796"},{"taxonomy":"post_tag","embeddable":true,"href":"https:\/\/comunicartesanluis.com\/index.php\/wp-json\/wp\/v2\/tags?post=7796"}],"curies":[{"name":"wp","href":"https:\/\/api.w.org\/{rel}","templated":true}]}}