{"id":7819,"date":"2023-03-27T10:06:34","date_gmt":"2023-03-27T13:06:34","guid":{"rendered":"https:\/\/comunicartesanluis.com\/?p=7819"},"modified":"2023-03-27T10:49:25","modified_gmt":"2023-03-27T13:49:25","slug":"san-luis-presento-su-candidatura-para-organizar-los-iv-juegos-suramericanos-de-la-juventud-en-2025","status":"publish","type":"post","link":"https:\/\/comunicartesanluis.com\/index.php\/2023\/03\/27\/san-luis-presento-su-candidatura-para-organizar-los-iv-juegos-suramericanos-de-la-juventud-en-2025\/","title":{"rendered":"San Luis present\u00f3 su candidatura para organizar los IV Juegos Suramericanos de la Juventud en 2025"},"content":{"rendered":"<p><img decoding=\"async\" class=\"alignnone wp-image-7821 size-large\" src=\"https:\/\/comunicartesanluis.com\/v1\/wp-content\/uploads\/2023\/03\/sl3-1024x683.jpg\" alt=\"\" width=\"1024\" height=\"683\" srcset=\"https:\/\/comunicartesanluis.com\/v1\/wp-content\/uploads\/2023\/03\/sl3-200x133.jpg 200w, https:\/\/comunicartesanluis.com\/v1\/wp-content\/uploads\/2023\/03\/sl3-300x200.jpg 300w, https:\/\/comunicartesanluis.com\/v1\/wp-content\/uploads\/2023\/03\/sl3-400x267.jpg 400w, https:\/\/comunicartesanluis.com\/v1\/wp-content\/uploads\/2023\/03\/sl3-600x400.jpg 600w, https:\/\/comunicartesanluis.com\/v1\/wp-content\/uploads\/2023\/03\/sl3-768x512.jpg 768w, https:\/\/comunicartesanluis.com\/v1\/wp-content\/uploads\/2023\/03\/sl3-800x533.jpg 800w, https:\/\/comunicartesanluis.com\/v1\/wp-content\/uploads\/2023\/03\/sl3-1024x683.jpg 1024w, https:\/\/comunicartesanluis.com\/v1\/wp-content\/uploads\/2023\/03\/sl3-1200x800.jpg 1200w, https:\/\/comunicartesanluis.com\/v1\/wp-content\/uploads\/2023\/03\/sl3.jpg 1536w\" sizes=\"(max-width: 1024px) 100vw, 1024px\" \/><\/p>\n<p>La importante y moderna infraestructura deportiva de la provincia y su experiencia en la organizaci\u00f3n de eventos deportivos nacionales e internacionales contin\u00faan abriendo puertas para mostrar San Luis al mundo. En esta oportunidad, la Provincia present\u00f3 su candidatura para organizar los Juegos Suramericanos de la Juventud 2025. La postulaci\u00f3n fue aprobada por unanimidad por la Asamblea de los ODESUR, este s\u00e1bado en el Hotel Emperador de la Ciudad de Buenos Aires.<\/p>\n<p>El gobernador, Alberto Rodr\u00edguez Sa\u00e1, junto a la secretaria de Deportes, Cintia Ram\u00edrez, representaron a la provincia en la ceremonia en la que minutos antes fue elegida la provincia de Santa Fe para organizar los Juegos Suramericanos de mayores en 2026. \u201cEstamos orgullosos, contentos y entusiasmados de presentar esta candidatura. Nuestra provincia no solo tiene una extraordinaria infraestructura, sino que tiene mucha experiencia organizando eventos deportivos\u201d, dijo Rodr\u00edguez Sa\u00e1.<\/p>\n<p>Durante la presentaci\u00f3n, en la que se proyect\u00f3 un video con im\u00e1genes de la infraestructura deportiva, hoteler\u00eda, autopistas y paisajes de la provincia, el gobernador record\u00f3 la organizaci\u00f3n del Mundial de Ajedrez en 2005, cuya final fue vista por m\u00e1s de 50 millones de usuarios; los Juegos Binacionales de 2021 y 2022, la final del Trofeo de Campeones 2022, entre otros importantes eventos deportivos recibidos por San Luis.<\/p>\n<p>\u201cHoy es un d\u00eda inolvidable e hist\u00f3rico para la provincia, porque por primera vez San Luis podr\u00eda organizar una competencia dentro del programa ol\u00edmpico, para atletas de 14 a 17 a\u00f1os, que es el rango etario objetivo de nuestra gesti\u00f3n deportiva, que siempre busca potenciar el desarrollo deportivo de los j\u00f3venes\u201d, explic\u00f3 la titular de Deportes.<\/p>\n<p><strong>Sobre la presentaci\u00f3n de San Luis<\/strong><\/p>\n<p>La Provincia enfoc\u00f3 su postulaci\u00f3n en un corredor suramericano que va desde la Villa Deportiva San Luis (pr\u00f3xima a ser inaugurada) hasta el lago Potrero de los Funes, pasando por el Centro de Desarrollo Deportivo \u201cPedro Presti\u201d, el Centro de Desarrollo Deportivo \u201cAve F\u00e9nix\u201d (se construir\u00e1 una pileta ol\u00edmpica y una semiol\u00edmpica) y el Centro de Actividades H\u00edpicas en Terrazas del Portezuelo, que ser\u00e1n los recintos que recibir\u00e1n los Juegos en 2025. La fecha propuesta por San Luis es entre marzo y abril de 2025.<\/p>\n<p>Previo a la presentaci\u00f3n de este s\u00e1bado, el presidente del Comit\u00e9 Ol\u00edmpico Argentino, Mario Moccia, visit\u00f3 San Luis el 1\u00b0 de marzo para conocer en detalle los predios anteriormente mencionados.<\/p>\n<p><strong>Acerca de los IV Juegos Suramericanos de la Juventud 2025<\/strong><\/p>\n<p>Los Juegos reunir\u00e1n a m\u00e1s de 2500 atletas, de 14 a 17 a\u00f1os, de Argentina, Aruba, Bolivia, Chile, Brasil, Colombia, Curazao, Ecuador, Guyana, Panam\u00e1, Paraguay, Per\u00fa, Surinam, Uruguay y Venezuela, quienes competir\u00e1n en m\u00e1s de 30 disciplinas durante 15 d\u00edas.<\/p>\n<p>En la primera semana competir\u00e1 el 50% de los atletas y en la segunda el 50% restante.<\/p>\n<p>Las tres ediciones anteriores se realizaron en Lima (2013), Santiago de Chile (2017) y Rosario (2022).<\/p>\n<p>Nota y fotos: Prensa Secretar\u00eda de Deportes.<\/p>\n<p>&nbsp;<\/p>\n","protected":false},"excerpt":{"rendered":"<p>La postulaci\u00f3n fue aprobada por unanimidad por la XXXV Asamblea General de la ODESUR, en Buenos Aires. El gobernador, Alberto Rodr\u00edguez Sa\u00e1, junto a la secretaria de Deportes, Cintia Ram\u00edrez, presentaron oficialmente la candidatura para la competencia que reunir\u00e1 a m\u00e1s de 2500 deportistas de 15 pa\u00edses. A fines de abril, se anunciar\u00e1 la provincia seleccionada para organizar los juegos.<\/p>\n","protected":false},"author":5,"featured_media":7820,"comment_status":"open","ping_status":"open","sticky":false,"template":"","format":"standard","meta":{"_jetpack_memberships_contains_paid_content":false,"footnotes":""},"categories":[10],"tags":[],"class_list":["post-7819","post","type-post","status-publish","format-standard","has-post-thumbnail","hentry","category-sociedad"],"jetpack_featured_media_url":"https:\/\/comunicartesanluis.com\/v1\/wp-content\/uploads\/2023\/03\/sal1.jpg","jetpack_sharing_enabled":true,"_links":{"self":[{"href":"https:\/\/comunicartesanluis.com\/index.php\/wp-json\/wp\/v2\/posts\/7819","targetHints":{"allow":["GET"]}}],"collection":[{"href":"https:\/\/comunicartesanluis.com\/index.php\/wp-json\/wp\/v2\/posts"}],"about":[{"href":"https:\/\/comunicartesanluis.com\/index.php\/wp-json\/wp\/v2\/types\/post"}],"author":[{"embeddable":true,"href":"https:\/\/comunicartesanluis.com\/index.php\/wp-json\/wp\/v2\/users\/5"}],"replies":[{"embeddable":true,"href":"https:\/\/comunicartesanluis.com\/index.php\/wp-json\/wp\/v2\/comments?post=7819"}],"version-history":[{"count":1,"href":"https:\/\/comunicartesanluis.com\/index.php\/wp-json\/wp\/v2\/posts\/7819\/revisions"}],"predecessor-version":[{"id":7822,"href":"https:\/\/comunicartesanluis.com\/index.php\/wp-json\/wp\/v2\/posts\/7819\/revisions\/7822"}],"wp:featuredmedia":[{"embeddable":true,"href":"https:\/\/comunicartesanluis.com\/index.php\/wp-json\/wp\/v2\/media\/7820"}],"wp:attachment":[{"href":"https:\/\/comunicartesanluis.com\/index.php\/wp-json\/wp\/v2\/media?parent=7819"}],"wp:term":[{"taxonomy":"category","embeddable":true,"href":"https:\/\/comunicartesanluis.com\/index.php\/wp-json\/wp\/v2\/categories?post=7819"},{"taxonomy":"post_tag","embeddable":true,"href":"https:\/\/comunicartesanluis.com\/index.php\/wp-json\/wp\/v2\/tags?post=7819"}],"curies":[{"name":"wp","href":"https:\/\/api.w.org\/{rel}","templated":true}]}}