{"id":7823,"date":"2023-03-27T10:20:53","date_gmt":"2023-03-27T13:20:53","guid":{"rendered":"https:\/\/comunicartesanluis.com\/?p=7823"},"modified":"2023-03-27T10:29:59","modified_gmt":"2023-03-27T13:29:59","slug":"las-juveniles-de-san-luis-fc-a-fondo","status":"publish","type":"post","link":"https:\/\/comunicartesanluis.com\/index.php\/2023\/03\/27\/las-juveniles-de-san-luis-fc-a-fondo\/","title":{"rendered":"San Luis FC a fondo!!!"},"content":{"rendered":"<p>Para destacar, las futbolistas de primera divisi\u00f3n se hicieron presentes y alentaron a sus pares.<br \/>\nEn Pimera las chicas de San Luis FC debutaron en la B con una goleada!<br \/>\nLas puntanas le ganaron como visitantes a Argentino de Quilmes por 4-1.<\/p>\n<p>Florencia Cordero, Janet Leyes, Melina Salinas y Amira Camargo marcaron para el equipo de Casteglione, que adem\u00e1s estren\u00f3 escudo y camiseta \ud83d\udc55<\/p>\n<p>La pr\u00f3xima fecha ser\u00e1 la presentaci\u00f3n en casa frente a Atlas, este mismo Martes en el Funes, 15:30.<\/p>\n<p>donde las puntanas buscaran seguir sumando en la Zona A de la Primera B de f\u00fatbol femenino de AFA.<\/p>\n<p><img decoding=\"async\" class=\"aligncenter wp-image-7826 size-full\" src=\"https:\/\/comunicartesanluis.com\/v1\/wp-content\/uploads\/2023\/03\/329987318_3174859485992688_3846643762464135812_n-1.jpg\" alt=\"\" width=\"1080\" height=\"892\" srcset=\"https:\/\/comunicartesanluis.com\/v1\/wp-content\/uploads\/2023\/03\/329987318_3174859485992688_3846643762464135812_n-1-200x165.jpg 200w, https:\/\/comunicartesanluis.com\/v1\/wp-content\/uploads\/2023\/03\/329987318_3174859485992688_3846643762464135812_n-1-300x248.jpg 300w, https:\/\/comunicartesanluis.com\/v1\/wp-content\/uploads\/2023\/03\/329987318_3174859485992688_3846643762464135812_n-1-400x330.jpg 400w, https:\/\/comunicartesanluis.com\/v1\/wp-content\/uploads\/2023\/03\/329987318_3174859485992688_3846643762464135812_n-1-600x496.jpg 600w, https:\/\/comunicartesanluis.com\/v1\/wp-content\/uploads\/2023\/03\/329987318_3174859485992688_3846643762464135812_n-1-768x634.jpg 768w, https:\/\/comunicartesanluis.com\/v1\/wp-content\/uploads\/2023\/03\/329987318_3174859485992688_3846643762464135812_n-1-800x661.jpg 800w, https:\/\/comunicartesanluis.com\/v1\/wp-content\/uploads\/2023\/03\/329987318_3174859485992688_3846643762464135812_n-1-1024x846.jpg 1024w, https:\/\/comunicartesanluis.com\/v1\/wp-content\/uploads\/2023\/03\/329987318_3174859485992688_3846643762464135812_n-1.jpg 1080w\" sizes=\"(max-width: 1080px) 100vw, 1080px\" \/><br \/>\n\u00a1Vamos, San Luis FC!<\/p>\n","protected":false},"excerpt":{"rendered":"<p>En la primera fecha de la Liga Local Femenina, San Luis FC empat\u00f3 2-2 frente a Gepu con goles de Tiziana Ortiz.<\/p>\n","protected":false},"author":3,"featured_media":7827,"comment_status":"open","ping_status":"open","sticky":false,"template":"","format":"standard","meta":{"_jetpack_memberships_contains_paid_content":false,"footnotes":""},"categories":[15,16],"tags":[],"class_list":["post-7823","post","type-post","status-publish","format-standard","has-post-thumbnail","hentry","category-deporte","category-local"],"jetpack_featured_media_url":"https:\/\/comunicartesanluis.com\/v1\/wp-content\/uploads\/2023\/03\/337716784_723326085943366_4701839812385290820_n.jpg","jetpack_sharing_enabled":true,"_links":{"self":[{"href":"https:\/\/comunicartesanluis.com\/index.php\/wp-json\/wp\/v2\/posts\/7823","targetHints":{"allow":["GET"]}}],"collection":[{"href":"https:\/\/comunicartesanluis.com\/index.php\/wp-json\/wp\/v2\/posts"}],"about":[{"href":"https:\/\/comunicartesanluis.com\/index.php\/wp-json\/wp\/v2\/types\/post"}],"author":[{"embeddable":true,"href":"https:\/\/comunicartesanluis.com\/index.php\/wp-json\/wp\/v2\/users\/3"}],"replies":[{"embeddable":true,"href":"https:\/\/comunicartesanluis.com\/index.php\/wp-json\/wp\/v2\/comments?post=7823"}],"version-history":[{"count":2,"href":"https:\/\/comunicartesanluis.com\/index.php\/wp-json\/wp\/v2\/posts\/7823\/revisions"}],"predecessor-version":[{"id":7832,"href":"https:\/\/comunicartesanluis.com\/index.php\/wp-json\/wp\/v2\/posts\/7823\/revisions\/7832"}],"wp:featuredmedia":[{"embeddable":true,"href":"https:\/\/comunicartesanluis.com\/index.php\/wp-json\/wp\/v2\/media\/7827"}],"wp:attachment":[{"href":"https:\/\/comunicartesanluis.com\/index.php\/wp-json\/wp\/v2\/media?parent=7823"}],"wp:term":[{"taxonomy":"category","embeddable":true,"href":"https:\/\/comunicartesanluis.com\/index.php\/wp-json\/wp\/v2\/categories?post=7823"},{"taxonomy":"post_tag","embeddable":true,"href":"https:\/\/comunicartesanluis.com\/index.php\/wp-json\/wp\/v2\/tags?post=7823"}],"curies":[{"name":"wp","href":"https:\/\/api.w.org\/{rel}","templated":true}]}}