{"id":7824,"date":"2023-03-27T10:19:00","date_gmt":"2023-03-27T13:19:00","guid":{"rendered":"https:\/\/comunicartesanluis.com\/?p=7824"},"modified":"2023-03-27T10:51:00","modified_gmt":"2023-03-27T13:51:00","slug":"cursos-de-capacitacion-para-la-administracion-publica-las-inscripciones-estaran-abiertas-hasta-noviembre","status":"publish","type":"post","link":"https:\/\/comunicartesanluis.com\/index.php\/2023\/03\/27\/cursos-de-capacitacion-para-la-administracion-publica-las-inscripciones-estaran-abiertas-hasta-noviembre\/","title":{"rendered":"Abren inscripciones para los Cursos de capacitaci\u00f3n para la Administraci\u00f3n P\u00fablica"},"content":{"rendered":"<p>Los cursos, que fueron anunciados el pasado viernes por el gobernador, Alberto Rodr\u00edguez Sa\u00e1, est\u00e1n destinados a todo el personal del escalaf\u00f3n general de la administraci\u00f3n p\u00fablica provincial.\u00a0<strong>\u201cEste plan de capacitaci\u00f3n y formaci\u00f3n, va a durar hasta el mes de noviembre. Cada capacitaci\u00f3n dura 30 d\u00edas.<\/strong>\u00a0Es decir, que si no ingresan en mayo o junio, esto va a continuar hasta el mes de noviembre, con la posibilidad de que todos los agentes de la administraci\u00f3n p\u00fablica hagan la capacitaci\u00f3n presencial\u201d, explic\u00f3 Juan Mart\u00edn Monte Riso, jefe de subprograma de Gesti\u00f3n del Recurso Humano del Ministerio de Hacienda P\u00fablica.<\/p>\n<p>Uno de los puntos importantes es que\u00a0<strong>quienes recibieron el pase a Planta Permanente u categor\u00eda E por decreto del gobernador a partir de abril, tambi\u00e9n podr\u00e1n acceder a las capacitaciones y recategorizar<\/strong>. \u201cAquellos que fueron recategorizados de categor\u00eda F a E podr\u00e1n realizar las capacitaciones presenciales con la posibilidad de una nueva recategorizaci\u00f3n\u201d, asegur\u00f3 Monte Riso.<\/p>\n<p>El funcionario, adem\u00e1s, agreg\u00f3 que las capacitaciones virtuales que se dictan junto con el INAP, acompa\u00f1an este programa de capacitaciones, pero no permiten recategorizar. \u201c<strong>Los cursos virtuales no dan la posibilidad de recategorizaci\u00f3n<\/strong>\u00a0porque justamente lo que queremos es que haya una capacitaci\u00f3n presencial, cumpliendo con los requisitos, tanto de asistencia, como de evaluaci\u00f3n\u201d, explic\u00f3 el funcionario.<\/p>\n<p>Por otra parte, los agentes que realicen los cursos de capacitaci\u00f3n y tengan\u00a0<strong>100% de asistencia y 100% de puntaje<\/strong>\u00a0en su examen final, podr\u00e1n acceder a una recategorizaci\u00f3n doble.<strong>\u00a0Es decir, subir dos categor\u00edas en el escalaf\u00f3n general.<\/strong>\u00a0\u201c<strong>Aquellos que no cumplan con estos dos requisitos del 100%, pero s\u00ed cumplen con el 70% en la evaluaci\u00f3n final y con la presencialidad, pueden adquirir una categor\u00eda m\u00e1s en el escalaf\u00f3n general<\/strong>\u201d, explic\u00f3 Monte Riso.<\/p>\n<p>Las capacitaciones estar\u00e1n disponibles para todos los agentes de la provincia y esto incluye a todas las localidades del interior provincial que oportunamente ser\u00e1n notificados sobre comienzo de los cursos en sus localidades.\u00a0<strong>\u201cEn el mes de mayo vamos a comenzar con las primeras comisiones en el interior.<\/strong>\u00a0Inicialmente ser\u00eda en Villa Mercedes, Merlo, San Francisco y vamos a tratar de juntar la mayor cantidad de empleados en la zona para darles la posibilidad de capacitaci\u00f3n presencial. Qu\u00e9dense tranquilos que en el interior de la provincia tambi\u00e9n van a poder hacer estas capacitaciones\u201d, asegur\u00f3 el funcionario.<\/p>\n<p>Los beneficios para los agentes que quieran acceder a este plan de capacitaciones se ver\u00e1n tambi\u00e9n impactados en la calidad de atenci\u00f3n que brindar\u00e1n al ciudadano. \u201cLa mejora en los agentes de la administraci\u00f3n p\u00fablica va a generar una mejora en la atenci\u00f3n del ciudadano y en la resoluci\u00f3n de conflictos, como as\u00ed en toda la atenci\u00f3n interna en cada una de las \u00e1reas de Gobierno\u201d, explic\u00f3 Monte Riso quien adem\u00e1s agreg\u00f3 que en caso de recategorizar, los agente percibir\u00e1n los cambios correspondientes en sus haberes.\u00a0<strong>\u201cTambi\u00e9n se va a ver reflejado en sus haberes porque al aumentar y subir de categor\u00eda se ve directamente reflejado en su recibo de sueldo\u201d<\/strong>, finaliz\u00f3.<\/p>\n<p>Nota, fotos y video: ANSL.<\/p>\n","protected":false},"excerpt":{"rendered":"<p>Los interesados pueden inscribirse a trav\u00e9s del Portal de Agentes y comenzar el cursado presencial de las capacitaciones que les permitir\u00e1n subir de categor\u00eda en caso de aprobarlas.<\/p>\n","protected":false},"author":5,"featured_media":7829,"comment_status":"open","ping_status":"open","sticky":false,"template":"","format":"standard","meta":{"_jetpack_memberships_contains_paid_content":false,"footnotes":""},"categories":[10],"tags":[],"class_list":["post-7824","post","type-post","status-publish","format-standard","has-post-thumbnail","hentry","category-sociedad"],"jetpack_featured_media_url":"https:\/\/comunicartesanluis.com\/v1\/wp-content\/uploads\/2023\/03\/casa-2.jpg","jetpack_sharing_enabled":true,"_links":{"self":[{"href":"https:\/\/comunicartesanluis.com\/index.php\/wp-json\/wp\/v2\/posts\/7824","targetHints":{"allow":["GET"]}}],"collection":[{"href":"https:\/\/comunicartesanluis.com\/index.php\/wp-json\/wp\/v2\/posts"}],"about":[{"href":"https:\/\/comunicartesanluis.com\/index.php\/wp-json\/wp\/v2\/types\/post"}],"author":[{"embeddable":true,"href":"https:\/\/comunicartesanluis.com\/index.php\/wp-json\/wp\/v2\/users\/5"}],"replies":[{"embeddable":true,"href":"https:\/\/comunicartesanluis.com\/index.php\/wp-json\/wp\/v2\/comments?post=7824"}],"version-history":[{"count":2,"href":"https:\/\/comunicartesanluis.com\/index.php\/wp-json\/wp\/v2\/posts\/7824\/revisions"}],"predecessor-version":[{"id":7838,"href":"https:\/\/comunicartesanluis.com\/index.php\/wp-json\/wp\/v2\/posts\/7824\/revisions\/7838"}],"wp:featuredmedia":[{"embeddable":true,"href":"https:\/\/comunicartesanluis.com\/index.php\/wp-json\/wp\/v2\/media\/7829"}],"wp:attachment":[{"href":"https:\/\/comunicartesanluis.com\/index.php\/wp-json\/wp\/v2\/media?parent=7824"}],"wp:term":[{"taxonomy":"category","embeddable":true,"href":"https:\/\/comunicartesanluis.com\/index.php\/wp-json\/wp\/v2\/categories?post=7824"},{"taxonomy":"post_tag","embeddable":true,"href":"https:\/\/comunicartesanluis.com\/index.php\/wp-json\/wp\/v2\/tags?post=7824"}],"curies":[{"name":"wp","href":"https:\/\/api.w.org\/{rel}","templated":true}]}}