{"id":7833,"date":"2023-03-27T10:39:27","date_gmt":"2023-03-27T13:39:27","guid":{"rendered":"https:\/\/comunicartesanluis.com\/?p=7833"},"modified":"2023-03-27T10:49:03","modified_gmt":"2023-03-27T13:49:03","slug":"la-ultima-semana-de-marzo-se-despide-con-calor-y-probabilidad-de-lluvias","status":"publish","type":"post","link":"https:\/\/comunicartesanluis.com\/index.php\/2023\/03\/27\/la-ultima-semana-de-marzo-se-despide-con-calor-y-probabilidad-de-lluvias\/","title":{"rendered":"La \u00faltima semana de marzo se despide con calor y probabilidad de lluvias"},"content":{"rendered":"<p>La previsi\u00f3n meteorol\u00f3gica para la \u00faltima semana de marzo se\u00f1ala temperaturas de entre 24\/28 grados y probables lluvias desde el mi\u00e9rcoles hasta el fin de semana inclusive.<\/p>\n<p>Con estas previsiones finalizara un mes que mantuvo en los registros altas temperaturas y el paso de las lluvias que complicaron la regi\u00f3n.<\/p>\n<p>Compartimos el informe del REM de San Luis (Red de Estaciones Meteorol\u00f3gicas)<\/p>\n<p><strong>Pron\u00f3stico Extendido para la provincia de san luis<\/strong><\/p>\n<p>Martes 28 de marzo de 2023<\/p>\n<p>Cielo mayormente despejado. Jornada de buen tiempo y con poco cambio de las temperaturas. M\u00ednimas de 15\u00b0C y m\u00e1ximas de 29\u00b0C, en promedio. Viento del sector norte con r\u00e1fagas en la regi\u00f3n norte.<\/p>\n<p>Mi\u00e9rcoles 29 de marzo de 2023<\/p>\n<p>Cielo parcial a mayormente nublado. Jornada algo inestable y ventosa. M\u00ednimas de 13\u00b0C y m\u00e1ximas de 25\u00b0C, en promedio. Viento predominante del sector sureste con r\u00e1fagas fuertes.<\/p>\n<p>Jueves 30 de marzo de 2023<\/p>\n<p>Cielo parcialmente nublado con poco cambio de las temperaturas. M\u00ednimas de 12\u00b0C y m\u00e1ximas de 25 \u00b0C, en promedio. Viento leve a moderado del sureste con r\u00e1fagas.<\/p>\n","protected":false},"excerpt":{"rendered":"<p>Tiempo casi veraniego y con probabilidad nuevamente de tormentas, es lo que adelantan los servicios para los \u00faltimos d\u00edas del 3 mes del a\u00f1o. Las lluvias registradas la semana pasada causaron graves inconvenientes en la villa tur\u00edstica y alrededores.<\/p>\n","protected":false},"author":5,"featured_media":7815,"comment_status":"open","ping_status":"open","sticky":false,"template":"","format":"standard","meta":{"_jetpack_memberships_contains_paid_content":false,"footnotes":""},"categories":[29],"tags":[],"class_list":["post-7833","post","type-post","status-publish","format-standard","has-post-thumbnail","hentry","category-clima"],"jetpack_featured_media_url":"https:\/\/comunicartesanluis.com\/v1\/wp-content\/uploads\/2023\/03\/arroyo-1.jpg","jetpack_sharing_enabled":true,"_links":{"self":[{"href":"https:\/\/comunicartesanluis.com\/index.php\/wp-json\/wp\/v2\/posts\/7833","targetHints":{"allow":["GET"]}}],"collection":[{"href":"https:\/\/comunicartesanluis.com\/index.php\/wp-json\/wp\/v2\/posts"}],"about":[{"href":"https:\/\/comunicartesanluis.com\/index.php\/wp-json\/wp\/v2\/types\/post"}],"author":[{"embeddable":true,"href":"https:\/\/comunicartesanluis.com\/index.php\/wp-json\/wp\/v2\/users\/5"}],"replies":[{"embeddable":true,"href":"https:\/\/comunicartesanluis.com\/index.php\/wp-json\/wp\/v2\/comments?post=7833"}],"version-history":[{"count":1,"href":"https:\/\/comunicartesanluis.com\/index.php\/wp-json\/wp\/v2\/posts\/7833\/revisions"}],"predecessor-version":[{"id":7837,"href":"https:\/\/comunicartesanluis.com\/index.php\/wp-json\/wp\/v2\/posts\/7833\/revisions\/7837"}],"wp:featuredmedia":[{"embeddable":true,"href":"https:\/\/comunicartesanluis.com\/index.php\/wp-json\/wp\/v2\/media\/7815"}],"wp:attachment":[{"href":"https:\/\/comunicartesanluis.com\/index.php\/wp-json\/wp\/v2\/media?parent=7833"}],"wp:term":[{"taxonomy":"category","embeddable":true,"href":"https:\/\/comunicartesanluis.com\/index.php\/wp-json\/wp\/v2\/categories?post=7833"},{"taxonomy":"post_tag","embeddable":true,"href":"https:\/\/comunicartesanluis.com\/index.php\/wp-json\/wp\/v2\/tags?post=7833"}],"curies":[{"name":"wp","href":"https:\/\/api.w.org\/{rel}","templated":true}]}}