{"id":7839,"date":"2023-03-27T10:56:13","date_gmt":"2023-03-27T13:56:13","guid":{"rendered":"https:\/\/comunicartesanluis.com\/?p=7839"},"modified":"2023-03-27T11:07:59","modified_gmt":"2023-03-27T14:07:59","slug":"mina-clavero-albergara-la-edicion-2023-del-rally-argentina","status":"publish","type":"post","link":"https:\/\/comunicartesanluis.com\/index.php\/2023\/03\/27\/mina-clavero-albergara-la-edicion-2023-del-rally-argentina\/","title":{"rendered":"Mina Clavero albergar\u00e1 la edici\u00f3n 2023 del Rally Argentina"},"content":{"rendered":"<p style=\"font-weight: 400;\">Mediante un sostenido trabajo en conjunto, la Asociaci\u00f3n Civil Rally Argentino (A.C.R.A.) y +Eventos, impulsora del Rally Argentina, desarrollar\u00e1n el pr\u00f3ximo mes de abril una competencia que, al igual que el a\u00f1o pasado, volver\u00e1 a tener caracter\u00edsticas y condiciones propias de un evento del Campeonato Mundial de Rally.<\/p>\n<p style=\"font-weight: 400;\">Esto se debe a que, tras haber empezado la temporada con 19 veh\u00edculos de normativa FIA R5 \/ Rally2, sumado al inminente arribo de los nuevos Rally4 y Rally5 de tracci\u00f3n simple, Rally Argentino Pirelli se encamina a complementarse una vez m\u00e1s con el certamen FIA CODASUR, el cual tambi\u00e9n aportar\u00e1 sus numerosos veh\u00edculos FIA y sus participantes internacionales al Rally Argentina 2023 que se disputar\u00e1 en Mina Clavero.<\/p>\n<p style=\"font-weight: 400;\">La ciudad de Traslasierra albergar\u00e1 tambi\u00e9n el Parque de Servicio de una competencia que prev\u00e9 contar con algunos de los tramos m\u00e1s emblem\u00e1ticos y memorables del rally, para el deleite de las tripulaciones, equipos y de los miles de fan\u00e1ticos de esta disciplina del deporte motor, que han convertido a esta carrera en un hito hist\u00f3rico dentro del calendario internacional.<\/p>\n<p style=\"font-weight: 400;\">La apertura de las inscripciones comenzar\u00e1 el jueves 30 de marzo, para todos los binomios que deseen tomar parte de esta nueva edici\u00f3n del Rally Argentina. Luego, la primera fecha de cierre ser\u00e1 el mi\u00e9rcoles 12 de abril, para las tripulaciones extranjeras FIA CODASUR. Posteriormente, el viernes 14 de abril, ser\u00e1 la fecha l\u00edmite para los binomios argentinos que se registren por FIA CODASUR y Rally Argentino Pirelli.<\/p>\n<p style=\"font-weight: 400;\">Con su primera edici\u00f3n disputada en 1979, bajo el nombre de Rally Codasur, el Rally Argentina construy\u00f3 un hist\u00f3rico legado y vinculaci\u00f3n de largo plazo al convertirse luego en el Rally Argentina. La competencia celebr\u00f3 hasta 39 ediciones junto al Campeonato Mundial de Rally de la FIA, donde Jorge Recalde y Jorge Del Buono se consagraron como los primeros y \u00fanicos ganadores americanos en el a\u00f1o 1988.<\/p>\n<p style=\"font-weight: 400;\">Pero adem\u00e1s, la competencia tambi\u00e9n mantuvo un compromiso con Rally Argentino, al haber formado parte de su calendario en m\u00faltiples ocasiones a lo largo de la historia, incluso desde los inicios del campeonato en si mismo, a principios de los a\u00f1os 80.<\/p>\n<p style=\"font-weight: 400;\">As\u00ed, en m\u00e1s de cuatro d\u00e9cadas, el evento dentro del calendario de Rally Argentino ha visto pasar a prestigiosos ganadores, como Ernesto Soto, Mario Stillo, Gabriel Pozzo, Luis Arceluz y Ger\u00f3nimo Padilla, previo a la \u00faltima edici\u00f3n de 2022, cuyo triunfo qued\u00f3 en poder de Marcos Ligato y Rub\u00e9n Garc\u00eda, con un Citro\u00ebn C3 Rally2.<\/p>\n<p style=\"font-weight: 400;\">De cara a la realizaci\u00f3n de una nueva edici\u00f3n del hist\u00f3rico Rally Argentina, el presidente de la Asociaci\u00f3n Civil Rally Argentino, Fernando Scarlatta, declar\u00f3:\u00a0<b><strong><em>\u201cEstamos convencidos de que la edici\u00f3n 2023 del Rally Argentina volver\u00e1 a representar nuevamente una gran sinergia y encuentro entre dos campeonatos muy fuertes, como lo son Rally Argentino y el certamen FIA CODASUR\u201d.<\/em><\/strong><\/b><\/p>\n<p style=\"font-weight: 400;\"><b><strong><em>\u201cEsa combinaci\u00f3n va a permitir que podamos volver a brindar espect\u00e1culo realmente \u00fanico para todo el p\u00fablico. Desde Rally Argentino trabajamos mucho, con bastante previsibilidad, y tambi\u00e9n comenzamos la temporada con un gran parque automotor\u201d.<\/em><\/strong><\/b><\/p>\n<p style=\"font-weight: 400;\"><b><strong><em>\u201cPor eso, no tenemos dudas de que, sumados a la organizaci\u00f3n que tambi\u00e9n propone +Eventos y Rally Argentina, vamos a desarrollar otra competencia espectacular, que es para lo cual estamos trabajando\u201d.<\/em><\/strong><\/b><\/p>\n<p style=\"font-weight: 400;\"><b><strong><em>\u201cQueremos que la gente de C\u00f3rdoba disfrute de un evento con las mejores caracter\u00edsticas propias del Campeonato Mundial, con much\u00edsimos autos de nivel FIA y numerosos pilotos internacionales, para que puedan experimentar una verdadera fiesta en C\u00f3rdoba, la cual sin dudas es la tierra con ADN de rally por excelencia\u201d.<\/em><\/strong><\/b><\/p>\n<p>Info: www.rallyargentino.com<\/p>\n<p>&nbsp;<\/p>\n","protected":false},"excerpt":{"rendered":"<p>Rally Argentino Pirelli se complace en anunciar que la tercera competencia, correspondiente al Rally Argentina, tendr\u00e1 sede en la cordobesa ciudad de Mina Clavero entre los d\u00edas 21 y 23 de abril. De esta manera, el evento mantendr\u00e1 como epicentro la ic\u00f3nica tierra del C\u00f3ndor de Traslasierra, Jorge Recalde, donde tambi\u00e9n competir\u00e1n los participantes del Campeonato FIA CODASUR, para su segunda fecha de la temporada.<\/p>\n","protected":false},"author":5,"featured_media":7840,"comment_status":"open","ping_status":"open","sticky":false,"template":"","format":"standard","meta":{"_jetpack_memberships_contains_paid_content":false,"footnotes":""},"categories":[8,15,16],"tags":[],"class_list":["post-7839","post","type-post","status-publish","format-standard","has-post-thumbnail","hentry","category-actualidad","category-deporte","category-local"],"jetpack_featured_media_url":"https:\/\/comunicartesanluis.com\/v1\/wp-content\/uploads\/2023\/03\/rally.jpg","jetpack_sharing_enabled":true,"_links":{"self":[{"href":"https:\/\/comunicartesanluis.com\/index.php\/wp-json\/wp\/v2\/posts\/7839","targetHints":{"allow":["GET"]}}],"collection":[{"href":"https:\/\/comunicartesanluis.com\/index.php\/wp-json\/wp\/v2\/posts"}],"about":[{"href":"https:\/\/comunicartesanluis.com\/index.php\/wp-json\/wp\/v2\/types\/post"}],"author":[{"embeddable":true,"href":"https:\/\/comunicartesanluis.com\/index.php\/wp-json\/wp\/v2\/users\/5"}],"replies":[{"embeddable":true,"href":"https:\/\/comunicartesanluis.com\/index.php\/wp-json\/wp\/v2\/comments?post=7839"}],"version-history":[{"count":1,"href":"https:\/\/comunicartesanluis.com\/index.php\/wp-json\/wp\/v2\/posts\/7839\/revisions"}],"predecessor-version":[{"id":7842,"href":"https:\/\/comunicartesanluis.com\/index.php\/wp-json\/wp\/v2\/posts\/7839\/revisions\/7842"}],"wp:featuredmedia":[{"embeddable":true,"href":"https:\/\/comunicartesanluis.com\/index.php\/wp-json\/wp\/v2\/media\/7840"}],"wp:attachment":[{"href":"https:\/\/comunicartesanluis.com\/index.php\/wp-json\/wp\/v2\/media?parent=7839"}],"wp:term":[{"taxonomy":"category","embeddable":true,"href":"https:\/\/comunicartesanluis.com\/index.php\/wp-json\/wp\/v2\/categories?post=7839"},{"taxonomy":"post_tag","embeddable":true,"href":"https:\/\/comunicartesanluis.com\/index.php\/wp-json\/wp\/v2\/tags?post=7839"}],"curies":[{"name":"wp","href":"https:\/\/api.w.org\/{rel}","templated":true}]}}