{"id":7843,"date":"2023-03-27T11:15:00","date_gmt":"2023-03-27T14:15:00","guid":{"rendered":"https:\/\/comunicartesanluis.com\/?p=7843"},"modified":"2023-03-27T11:22:49","modified_gmt":"2023-03-27T14:22:49","slug":"el-municipio-sostuvo-el-operativo-de-reconstruccion-durante-el-fin-de-semana","status":"publish","type":"post","link":"https:\/\/comunicartesanluis.com\/index.php\/2023\/03\/27\/el-municipio-sostuvo-el-operativo-de-reconstruccion-durante-el-fin-de-semana\/","title":{"rendered":"El Municipio sostuvo el operativo de reconstrucci\u00f3n durante el fin de semana"},"content":{"rendered":"<p>El Municipio de Villa de Merlo contin\u00faa trabajando de forma sostenida en el operativo de reconstrucci\u00f3n despu\u00e9s de la brutal tormenta que azot\u00f3 a la ciudad. Este fin de semana el personal operativo de Servicios P\u00fablicos, acompa\u00f1ado por la Fuerza A\u00e9rea y representantes del sector privado llevaron adelante tareas de limpieza, reparaci\u00f3n y asistencia a lo largo y ancho de la Villa de Merlo.<\/p>\n<p><img decoding=\"async\" class=\"alignnone size-medium wp-image-7847\" src=\"https:\/\/comunicartesanluis.com\/v1\/wp-content\/uploads\/2023\/03\/merlo1-1-300x135.jpg\" alt=\"\" width=\"300\" height=\"135\" srcset=\"https:\/\/comunicartesanluis.com\/v1\/wp-content\/uploads\/2023\/03\/merlo1-1-200x90.jpg 200w, https:\/\/comunicartesanluis.com\/v1\/wp-content\/uploads\/2023\/03\/merlo1-1-300x135.jpg 300w, https:\/\/comunicartesanluis.com\/v1\/wp-content\/uploads\/2023\/03\/merlo1-1-400x180.jpg 400w, https:\/\/comunicartesanluis.com\/v1\/wp-content\/uploads\/2023\/03\/merlo1-1-600x270.jpg 600w, https:\/\/comunicartesanluis.com\/v1\/wp-content\/uploads\/2023\/03\/merlo1-1-768x346.jpg 768w, https:\/\/comunicartesanluis.com\/v1\/wp-content\/uploads\/2023\/03\/merlo1-1-800x360.jpg 800w, https:\/\/comunicartesanluis.com\/v1\/wp-content\/uploads\/2023\/03\/merlo1-1-1024x461.jpg 1024w, https:\/\/comunicartesanluis.com\/v1\/wp-content\/uploads\/2023\/03\/merlo1-1-1200x540.jpg 1200w, https:\/\/comunicartesanluis.com\/v1\/wp-content\/uploads\/2023\/03\/merlo1-1.jpg 1280w\" sizes=\"(max-width: 300px) 100vw, 300px\" \/><\/p>\n<p>Con la presencia del intendente, Juan \u00c1lvarez Pinto y el secretario de Servicios P\u00fablicos, Eloy Biassi, coordinando los movimientos de las cuadrillas, entre s\u00e1bado y domingo se realizaron levantamientos de c\u00famulos de tierra y arena para posterior acopio de materiales en Pringles, El cipr\u00e9s, casco hist\u00f3rico,la plaza Sobremonte, Juana Azurduy y Ruta 5, Juana Azurduy e Independencia, colectora sur, Coronel Mercau, Avenida Norte y Comechingones, Huarpes y Poeta Ag\u00fcero, El Piquill\u00edn, Avenida del Deporte y Eva Duarte.<\/p>\n<p>En calle El Algarrobo y Arroyo Juan P\u00e9rez se procedi\u00f3 con las tareas de desobstrucci\u00f3n para habilitar la salida de los domicilios afectados. A su vez se realiz\u00f3 el arreglo de la calle El Laurel, que hab\u00eda perdido una mano de circulaci\u00f3n completa en casi toda su extensi\u00f3n y se trabaj\u00f3 en las moreras, en el encauzamiento del arroyo El Molino.<\/p>\n<p>Actualmente el Municipio sigue trabajando junto a la Fuerza A\u00e9rea en la Avenida Norte desde el sem\u00e1foro de comechingones hacia el norte, barriendo boca calles y cargando material para posterior reparaci\u00f3n y compactaci\u00f3n de calles internas. Tambi\u00e9n hay cuadrillas trabajando en calle El Algarrobo, Poeta Ag\u00fcero y casco hist\u00f3rico, abri\u00e9ndose hacia las periferias.<\/p>\n<p>INfo: municipio de Villa de Merlo<\/p>\n","protected":false},"excerpt":{"rendered":"<p>Acompa\u00f1ado por la Fuerza A\u00e9rea Argentina y empresas privadas, todo el personal operativo de servicios p\u00fablicos trabaj\u00f3 de forma incansable los d\u00edas s\u00e1bado y domingo para continuar llevando adelante las tareas necesarias tras el temporal.<\/p>\n","protected":false},"author":5,"featured_media":7844,"comment_status":"open","ping_status":"open","sticky":false,"template":"","format":"standard","meta":{"_jetpack_memberships_contains_paid_content":false,"footnotes":""},"categories":[29,10],"tags":[],"class_list":["post-7843","post","type-post","status-publish","format-standard","has-post-thumbnail","hentry","category-clima","category-sociedad"],"jetpack_featured_media_url":"https:\/\/comunicartesanluis.com\/v1\/wp-content\/uploads\/2023\/03\/merlo2.jpg","jetpack_sharing_enabled":true,"_links":{"self":[{"href":"https:\/\/comunicartesanluis.com\/index.php\/wp-json\/wp\/v2\/posts\/7843","targetHints":{"allow":["GET"]}}],"collection":[{"href":"https:\/\/comunicartesanluis.com\/index.php\/wp-json\/wp\/v2\/posts"}],"about":[{"href":"https:\/\/comunicartesanluis.com\/index.php\/wp-json\/wp\/v2\/types\/post"}],"author":[{"embeddable":true,"href":"https:\/\/comunicartesanluis.com\/index.php\/wp-json\/wp\/v2\/users\/5"}],"replies":[{"embeddable":true,"href":"https:\/\/comunicartesanluis.com\/index.php\/wp-json\/wp\/v2\/comments?post=7843"}],"version-history":[{"count":3,"href":"https:\/\/comunicartesanluis.com\/index.php\/wp-json\/wp\/v2\/posts\/7843\/revisions"}],"predecessor-version":[{"id":7853,"href":"https:\/\/comunicartesanluis.com\/index.php\/wp-json\/wp\/v2\/posts\/7843\/revisions\/7853"}],"wp:featuredmedia":[{"embeddable":true,"href":"https:\/\/comunicartesanluis.com\/index.php\/wp-json\/wp\/v2\/media\/7844"}],"wp:attachment":[{"href":"https:\/\/comunicartesanluis.com\/index.php\/wp-json\/wp\/v2\/media?parent=7843"}],"wp:term":[{"taxonomy":"category","embeddable":true,"href":"https:\/\/comunicartesanluis.com\/index.php\/wp-json\/wp\/v2\/categories?post=7843"},{"taxonomy":"post_tag","embeddable":true,"href":"https:\/\/comunicartesanluis.com\/index.php\/wp-json\/wp\/v2\/tags?post=7843"}],"curies":[{"name":"wp","href":"https:\/\/api.w.org\/{rel}","templated":true}]}}