{"id":7845,"date":"2023-03-27T11:26:31","date_gmt":"2023-03-27T14:26:31","guid":{"rendered":"https:\/\/comunicartesanluis.com\/?p=7845"},"modified":"2023-03-27T11:26:31","modified_gmt":"2023-03-27T14:26:31","slug":"riquelme-ibarra-entre-la-amistad-de-anos-y-la-idea-de-cambiar-de-dt","status":"publish","type":"post","link":"https:\/\/comunicartesanluis.com\/index.php\/2023\/03\/27\/riquelme-ibarra-entre-la-amistad-de-anos-y-la-idea-de-cambiar-de-dt\/","title":{"rendered":"Riquelme-Ibarra: entre la amistad de a\u00f1os y la idea de cambiar de DT"},"content":{"rendered":"<div class=\"sc-1558e203-1 cabiFA\">\n<div class=\"sc-1558e203-2 hSsBMK\">\n<div class=\"sc-6d5ed123-0 Rqwps\">\n<p class=\"sc-6d5ed123-3 llGCPk\"><strong>Estaba enojado, caliente, molesto<\/strong>. Por las cosas que hab\u00eda visto y escuchado en la semana y por las dudas que se hab\u00edan generado con respecto a su continuidad. Por las versiones surgidas desde las propias entra\u00f1as del predio de Ezeiza despu\u00e9s de la derrota 3 a 2 ante Instituto, en la Bombonera,\u00a0<strong>el d\u00eda que\u00a0<\/strong><a class=\"slug\" title=\"Juan Rom\u00e1n Riquelme\" href=\"https:\/\/www.ole.com.ar\/tema\/juan-roman-riquelme.html\"><strong>Juan Rom\u00e1n Riquelme<\/strong><\/a><strong>\u00a0peg\u00f3 el portazo y se autoconvenci\u00f3 de que la cosa no daba para m\u00e1s<\/strong>, de que hab\u00eda que hacer un clic. Y que ese clic no pod\u00eda esperar.<\/p>\n<\/div>\n<\/div>\n<\/div>\n<section class=\"sc-ab434c19-1 dHcKXa\">\n<article class=\"sc-ab434c19-2 fcfcUD\">\n<article id=\"storyBody\" class=\"sc-ab434c19-10 bLSVpp\">\n<div class=\"sc-905ccbfc-5 iLFgIE\">\n<div>\n<div id=\"div-gpt-ad-inread\">\n<div id=\"google_ads_iframe_\/242767168\/ole\/futbol-primera\/nota\/inread_0__container__\"><\/div>\n<\/div>\n<\/div>\n<\/div>\n<div class=\"sc-e6588e40-0 jdjGfi\">\n<div class=\"video\">\n<div id=\"undefinedykhR8X2q\" class=\"jwplayer jw-reset jw-state-idle jw-stretch-uniform jw-flag-aspect-mode jw-floating-dismissible jw-flag-user-inactive\" tabindex=\"0\" role=\"application\" aria-label=\"Reproductor de Video\" aria-describedby=\"jw-undefinedykhR8X2q-shortcuts-tooltip-explanation\">\n<div class=\"jw-wrapper jw-reset\">\n<div class=\"jw-controls jw-reset\">\n<div class=\"jw-nextup-container jw-reset\">\n<div><\/div>\n<div class=\"jw-nextup jw-background-color jw-reset\">\n<div class=\"jw-nextup-tooltip jw-reset\">\n<div class=\"jw-nextup-body jw-reset\">\n<div class=\"jw-nextup-title jw-reset-text\" dir=\"auto\"><button class=\"jw-icon jw-nextup-close jw-reset\" type=\"button\" aria-label=\"Cerrar\"><\/button><strong>Dijo que no le preocupa que se hable de su continuidad y que no pasa por su cabeza la idea de renunciar<\/strong>. Y aunque culp\u00f3 a los periodistas y a la pol\u00edtica del club de generar un mal clima en torno al plantel, a la vez\u00a0<strong>baj\u00f3 un mensaje para quienes buscan correrlo desde adentro: si quieren que se vaya, lo van a tener que echar. O dibujar un despido<\/strong>.<\/div>\n<\/div>\n<\/div>\n<\/div>\n<\/div>\n<\/div>\n<\/div>\n<\/div>\n<\/div>\n<\/div>\n<div class=\"sc-e6588e40-0 jdjGfi\">\n<div class=\"video\">\n<div id=\"undefinedLKvLm7mA\" class=\"jwplayer jw-reset jw-state-idle jw-stretch-uniform jw-flag-aspect-mode jw-floating-dismissible jw-flag-user-inactive\" tabindex=\"0\" role=\"application\" aria-label=\"Reproductor de Video\" aria-describedby=\"jw-undefinedLKvLm7mA-shortcuts-tooltip-explanation\">\n<div class=\"jw-wrapper jw-reset\">\n<div class=\"jw-controls jw-reset\">\n<div class=\"jw-nextup-container jw-reset\">\n<div class=\"jw-nextup jw-background-color jw-reset\"><\/div>\n<\/div>\n<\/div>\n<\/div>\n<\/div>\n<\/div>\n<\/div>\n<div class=\"custom-text \">\n<p><strong>Ibarra sabe mejor que nadie que tiene, para muchos, los d\u00edas contados en el club<\/strong>. Que en menos de dos semanas arranca la Libertadores y que la idea de Riquelme y compa\u00f1\u00eda es encarar ese desaf\u00edo con un t\u00e9cnico de renombre y experiencia internacional. Por eso,\u00a0<strong>en caso de que el equipo volviera a tropezar en el Chaco, se esperaba \u201cun gesto\u201d de parte del DT<\/strong>\u00a0que le liberara las manos a Rom\u00e1n para iniciar formalmente las gestiones por el sucesor. En ese sentido,\u00a0<strong>llegaron a barajarse algunos nombres como los de Gerardo Martino y N\u00e9stor Pekerman<\/strong>, que se encuentran sin trabajo y ser\u00edan del gusto de Rom\u00e1n.<\/p>\n<\/div>\n<div class=\"sc-e6588e40-0 jdjGfi\">\n<div class=\"video\">\n<div id=\"undefinedqWNpCdEK\" class=\"jwplayer jw-reset jw-state-idle jw-stretch-uniform jw-flag-aspect-mode jw-floating-dismissible jw-flag-user-inactive\" tabindex=\"0\" role=\"application\" aria-label=\"Reproductor de Video\" aria-describedby=\"jw-undefinedqWNpCdEK-shortcuts-tooltip-explanation\">\n<div class=\"jw-wrapper jw-reset\">\n<div class=\"jw-controls-backdrop jw-reset\"><button class=\"jw-icon jw-nextup-close jw-reset\" type=\"button\" aria-label=\"Cerrar\"><\/button>Instantes antes del partido con Olimpo, <a href=\"https:\/\/www.ole.com.ar\/boca-juniors\/juan-roman-riquelme-futuro-boca-dt-ibarra-partido-villarreal_0_8BU0uyxEmQ.html\" target=\"_blank\" rel=\"noopener\"><strong>Riquelme habl\u00f3 desde Espa\u00f1a y no se atrevi\u00f3 a asegurar la continuidad del Negro<\/strong><\/a>. \u201cYo estoy ac\u00e1 festejando en Villarreal. En un rato vamos a jugar nosotros un partido de Copa Argentina y esperemos hacerlo bien y poder ganar\u201d, se limit\u00f3 a responder el vice, invitado de lujo a la fiesta por los 100 a\u00f1os del Submarino Amarillo.<\/div>\n<div class=\"jw-overlays jw-reset\">\n<div id=\"undefinedqWNpCdEK_googima\" class=\"jw-plugin jw-reset jw-plugin-googima\">\n<div id=\"undefinedqWNpCdEK_ad\" class=\"jw-ads-view\"><\/div>\n<\/div>\n<\/div>\n<div class=\"jw-controls jw-reset\">\n<div class=\"jw-nextup-container jw-reset\">\n<div class=\"jw-nextup jw-background-color jw-reset\">\n<div class=\"jw-nextup-tooltip jw-reset\">\n<div class=\"jw-nextup-body jw-reset\">\n<div class=\"jw-nextup-duration jw-reset\"><\/div>\n<\/div>\n<\/div>\n<\/div>\n<\/div>\n<\/div>\n<\/div>\n<\/div>\n<\/div>\n<\/div>\n<div class=\"custom-text \">\n<p>Ibarra sali\u00f3 a dirigir en Chaco con la gillotina en el cuello y logr\u00f3 estirar su ciclo al menos por una semana m\u00e1s. Porque a pesar del triunfo sobre Olimpo (rival que milita en el Federal A), no es seguro que el Negro contin\u00fae m\u00e1s all\u00e1 del pr\u00f3ximo fin de semana.\u00a0<strong>\u00bfDe qu\u00e9 depende? De los resultados, por supuesto, pero fundamentalmente de lo que quiera hacer Riquelme<\/strong>. Pese al flojo momento que vive el equipo, y de que el DT no pareciera estar a la altura de la exigencia de un club como Boca,<strong>\u00a0el vice prefiere no ser \u00e9l quien tome la decisi\u00f3n de despedir a Ibarra, con quien lo une una excelente relaci\u00f3n y con quien comparte mucho m\u00e1s que sus d\u00edas en el club<\/strong>. Algo que no suced\u00eda con Sebasti\u00e1n Battaglia, quien pese a formar parte de la misma generaci\u00f3n de futbolistas no ten\u00eda la amistad que Rom\u00e1n s\u00ed tiene con el Negro.\u00a0<strong>Para Riquelme, el ciclo de Ibarra est\u00e1 agotado<\/strong>. De hecho, hasta tiene pensando ofrecerle otro puesto dentro de la estructura del f\u00fatbol de Boca. Aunque se tomar\u00e1 unos d\u00edas m\u00e1s para analizar fr\u00edamente la situaci\u00f3n y tomar la mejor decisi\u00f3n posible.<\/p>\n<\/div>\n<div class=\"sc-e6588e40-0 jdjGfi\">\n<div class=\"video\">\n<div id=\"undefinedqeHdgRB1\" class=\"jwplayer jw-reset jw-state-idle jw-stretch-uniform jw-flag-aspect-mode jw-floating-dismissible jw-flag-user-inactive\" tabindex=\"0\" role=\"application\" aria-label=\"Reproductor de Video\" aria-describedby=\"jw-undefinedqeHdgRB1-shortcuts-tooltip-explanation\">\n<div class=\"jw-wrapper jw-reset\">\n<div class=\"jw-controls jw-reset\">\n<div class=\"jw-display jw-reset\">\n<div class=\"jw-display-container jw-reset\">\n<div class=\"jw-display-controls jw-reset\"><button class=\"jw-icon jw-nextup-close jw-reset\" type=\"button\" aria-label=\"Cerrar\"><\/button><strong>\u201cYo vine a dirigir. Si ustedes (por los periodistas) tienen informaci\u00f3n, hablen con sus informantes&#8230;\u201d<\/strong>, dijo el DT despu\u00e9s de la victoria ante Olimpo, sin hacer nombres ni referirse directamente a nadie, aunque dejando entrever que la informaci\u00f3n sobre un posible despido no hab\u00edan surgido desde la propia prensa sino que proven\u00edan de alguien vinculado al club.<strong>\u00a0\u201c\u00bfEst\u00e1s con fuerza para seguir?\u201d, le consultaron. Y el Negro volvi\u00f3 a plantarse: \u201c\u00bfVos me ves mal? Ahh, \u00bfentonces? No tengo que contestar esto, estoy perfecto, estoy b\u00e1rbaro\u201d<\/strong>.<\/div>\n<\/div>\n<\/div>\n<\/div>\n<\/div>\n<\/div>\n<\/div>\n<\/div>\n<div class=\"custom-text \">\n<p>Los jugadores, por su parte, no estar\u00edan a gusto con la forma de trabajar del DT aunque prefieren mantenerse al margen de la pol\u00e9mica.\u00a0<strong>\u201cEscuchamos lo que se dice, pero en esas cosas no nos podemos meter. Son tema del cuerpo t\u00e9cnico con los dirigentes, nosotros tenemos que jugar a la pelota\u201d<\/strong>, se desentendi\u00f3 Benedetto, uno de los principales referentes del plantel.<\/p>\n<\/div>\n<div class=\"custom-text \">\n<p>El Negro plant\u00f3 bandera y resiste. Partido a partido. Y\u00a0<strong>a prueba de Ibarras.<\/strong><\/p>\n<\/div>\n<\/article>\n<\/article>\n<\/section>\n","protected":false},"excerpt":{"rendered":"<p>El Negro se plant\u00f3 tras el triunfo ante Olimpo, aunque Rom\u00e1n entiende que su ciclo est\u00e1 agotado. \u00bfC\u00f3mo siguen?<\/p>\n","protected":false},"author":3,"featured_media":7854,"comment_status":"open","ping_status":"open","sticky":false,"template":"","format":"standard","meta":{"_jetpack_memberships_contains_paid_content":false,"footnotes":""},"categories":[15,17],"tags":[],"class_list":["post-7845","post","type-post","status-publish","format-standard","has-post-thumbnail","hentry","category-deporte","category-nacional"],"jetpack_featured_media_url":"https:\/\/comunicartesanluis.com\/v1\/wp-content\/uploads\/2023\/03\/rMsSifVq_860x575__1-1.webp","jetpack_sharing_enabled":true,"_links":{"self":[{"href":"https:\/\/comunicartesanluis.com\/index.php\/wp-json\/wp\/v2\/posts\/7845","targetHints":{"allow":["GET"]}}],"collection":[{"href":"https:\/\/comunicartesanluis.com\/index.php\/wp-json\/wp\/v2\/posts"}],"about":[{"href":"https:\/\/comunicartesanluis.com\/index.php\/wp-json\/wp\/v2\/types\/post"}],"author":[{"embeddable":true,"href":"https:\/\/comunicartesanluis.com\/index.php\/wp-json\/wp\/v2\/users\/3"}],"replies":[{"embeddable":true,"href":"https:\/\/comunicartesanluis.com\/index.php\/wp-json\/wp\/v2\/comments?post=7845"}],"version-history":[{"count":1,"href":"https:\/\/comunicartesanluis.com\/index.php\/wp-json\/wp\/v2\/posts\/7845\/revisions"}],"predecessor-version":[{"id":7855,"href":"https:\/\/comunicartesanluis.com\/index.php\/wp-json\/wp\/v2\/posts\/7845\/revisions\/7855"}],"wp:featuredmedia":[{"embeddable":true,"href":"https:\/\/comunicartesanluis.com\/index.php\/wp-json\/wp\/v2\/media\/7854"}],"wp:attachment":[{"href":"https:\/\/comunicartesanluis.com\/index.php\/wp-json\/wp\/v2\/media?parent=7845"}],"wp:term":[{"taxonomy":"category","embeddable":true,"href":"https:\/\/comunicartesanluis.com\/index.php\/wp-json\/wp\/v2\/categories?post=7845"},{"taxonomy":"post_tag","embeddable":true,"href":"https:\/\/comunicartesanluis.com\/index.php\/wp-json\/wp\/v2\/tags?post=7845"}],"curies":[{"name":"wp","href":"https:\/\/api.w.org\/{rel}","templated":true}]}}