{"id":7859,"date":"2023-03-27T21:21:11","date_gmt":"2023-03-28T00:21:11","guid":{"rendered":"https:\/\/comunicartesanluis.com\/?p=7859"},"modified":"2023-03-27T21:24:57","modified_gmt":"2023-03-28T00:24:57","slug":"la-maraton-heroes-de-malvinas-se-posterga-hasta-el-16-de-abril","status":"publish","type":"post","link":"https:\/\/comunicartesanluis.com\/index.php\/2023\/03\/27\/la-maraton-heroes-de-malvinas-se-posterga-hasta-el-16-de-abril\/","title":{"rendered":"La Marat\u00f3n H\u00e9roes de Malvinas se posterga hasta el 16 de abril"},"content":{"rendered":"<p>En el d\u00eda de hoy el intendente de Villa de Merlo, Juan \u00c1lvarez Pinto, mantuvo una reuni\u00f3n con el secretario de Deportes, Recreaci\u00f3n y H\u00e1bitos Saludables, Sergio Romero, en la que se decidi\u00f3<br \/>\npostergar la Marat\u00f3n H\u00e9roes de Malvinas y el resto de los eventos deportivos programados para poder enfocar la fuerza laboral del Municipio a los trabajos de limpieza y reconstrucci\u00f3n a lo largo de la<br \/>\nciudad.<br \/>\nAcorde a lo sucedido la semana pasada con la fuerte tormenta que azot\u00f3 a Villa de Merlo y las condiciones en las que qued\u00f3 nuestra localidad, se procedi\u00f3 a cambiar la fecha de la Marat\u00f3n para el<br \/>\nd\u00eda 16 de abril, el mismo fin de semana que se llevar\u00e1n a cabo los interbarriales y la competencia de autos cl\u00e1sicos, siempre en pos de recuperar la funcionalidad tradicional de la ciudad y evitar lesiones<br \/>\no da\u00f1os mayores.<\/p>\n<p>Info: Municipio Villa de Merlo<\/p>\n","protected":false},"excerpt":{"rendered":"<p>El intendente, Juan \u00c1lvarez Pinto se reuni\u00f3 con el secretario de Deportes, Recreaci\u00f3n y H\u00e1bitos<br \/>\nSaludables de Villa de Merlo, Sergio Romero, y dispusieron cambiar las fechas de los eventos deportivos para enfocarse en los trabajos de reconstrucci\u00f3n tras el temporal<\/p>\n","protected":false},"author":5,"featured_media":7860,"comment_status":"open","ping_status":"open","sticky":false,"template":"","format":"standard","meta":{"_jetpack_memberships_contains_paid_content":false,"footnotes":""},"categories":[15,16],"tags":[],"class_list":["post-7859","post","type-post","status-publish","format-standard","has-post-thumbnail","hentry","category-deporte","category-local"],"jetpack_featured_media_url":"https:\/\/comunicartesanluis.com\/v1\/wp-content\/uploads\/2023\/03\/maraton.jpg","jetpack_sharing_enabled":true,"_links":{"self":[{"href":"https:\/\/comunicartesanluis.com\/index.php\/wp-json\/wp\/v2\/posts\/7859","targetHints":{"allow":["GET"]}}],"collection":[{"href":"https:\/\/comunicartesanluis.com\/index.php\/wp-json\/wp\/v2\/posts"}],"about":[{"href":"https:\/\/comunicartesanluis.com\/index.php\/wp-json\/wp\/v2\/types\/post"}],"author":[{"embeddable":true,"href":"https:\/\/comunicartesanluis.com\/index.php\/wp-json\/wp\/v2\/users\/5"}],"replies":[{"embeddable":true,"href":"https:\/\/comunicartesanluis.com\/index.php\/wp-json\/wp\/v2\/comments?post=7859"}],"version-history":[{"count":1,"href":"https:\/\/comunicartesanluis.com\/index.php\/wp-json\/wp\/v2\/posts\/7859\/revisions"}],"predecessor-version":[{"id":7861,"href":"https:\/\/comunicartesanluis.com\/index.php\/wp-json\/wp\/v2\/posts\/7859\/revisions\/7861"}],"wp:featuredmedia":[{"embeddable":true,"href":"https:\/\/comunicartesanluis.com\/index.php\/wp-json\/wp\/v2\/media\/7860"}],"wp:attachment":[{"href":"https:\/\/comunicartesanluis.com\/index.php\/wp-json\/wp\/v2\/media?parent=7859"}],"wp:term":[{"taxonomy":"category","embeddable":true,"href":"https:\/\/comunicartesanluis.com\/index.php\/wp-json\/wp\/v2\/categories?post=7859"},{"taxonomy":"post_tag","embeddable":true,"href":"https:\/\/comunicartesanluis.com\/index.php\/wp-json\/wp\/v2\/tags?post=7859"}],"curies":[{"name":"wp","href":"https:\/\/api.w.org\/{rel}","templated":true}]}}