{"id":7883,"date":"2023-03-28T12:39:56","date_gmt":"2023-03-28T15:39:56","guid":{"rendered":"https:\/\/comunicartesanluis.com\/?p=7883"},"modified":"2023-03-28T12:44:31","modified_gmt":"2023-03-28T15:44:31","slug":"la-administracion-publica-cobrara-este-viernes-31-de-marzo-con-un-20-de-aumento","status":"publish","type":"post","link":"https:\/\/comunicartesanluis.com\/index.php\/2023\/03\/28\/la-administracion-publica-cobrara-este-viernes-31-de-marzo-con-un-20-de-aumento\/","title":{"rendered":"La Administraci\u00f3n P\u00fablica cobrar\u00e1 este viernes 31 de marzo con un 20% de aumento"},"content":{"rendered":"<p>El d\u00eda viernes 31 se har\u00e1 efectivo el pago de haberes a todos los empleados p\u00fablicos del Gobierno provincial (es decir, personal docente, profesionales y t\u00e9cnicos de la salud, fuerzas de seguridad, escalaf\u00f3n general, y de otros poderes del Estado). En esta oportunidad, con el primer tramo del aumento anunciado para este a\u00f1o por el gobernador Alberto Rodr\u00edguez Sa\u00e1.<\/p>\n<p>Cobrar\u00e1n sus sueldos el personal de: Secretar\u00eda General de la Gobernaci\u00f3n; Ministerio de Hacienda P\u00fablica; Ministerio de Gobierno, Justicia y Culto; Ministerio de Seguridad; Ministerio de Obras P\u00fablicas e Infraestructura; Ministerio de Educaci\u00f3n; Ministerio de Desarrollo Social; Ministerio de Ciencia y Tecnolog\u00eda;\u00a0 Ministerio de Salud;\u00a0 Ministerio de Producci\u00f3n; Secretar\u00eda de Estado de la Mujer, Diversidad, e Igualdad; Secretar\u00eda de Estado de San Luis Log\u00edstica; Secretar\u00eda de Estado de Ambiente; Secretar\u00eda de Estado de Turismo; Secretar\u00eda de Estado de Deportes;\u00a0 Secretar\u00eda de Estado de Cultura;\u00a0 Secretar\u00eda de Estado de Las Juventudes; Secretar\u00eda de Estado de Transporte; Secretar\u00eda de Estado de Comunicaci\u00f3n;\u00a0 Secretar\u00eda de Estado de Finanzas; Secretar\u00eda de Estado de Vivienda; Honorable Tribunal de Cuentas; Fiscal\u00eda de Estado; Poder Legislativo y Poder Judicial.<\/p>\n<p>&nbsp;<\/p>\n<p>Nota: Prensa Ministerios de Hacienda P\u00fablica.<\/p>\n","protected":false},"excerpt":{"rendered":"<p>Desde el Ministerio de Hacienda P\u00fablica anunciaron la fecha de pago de los haberes a todos los empleados de la Administraci\u00f3n P\u00fablica provincial. <\/p>\n","protected":false},"author":5,"featured_media":7884,"comment_status":"open","ping_status":"open","sticky":false,"template":"","format":"standard","meta":{"_jetpack_memberships_contains_paid_content":false,"footnotes":""},"categories":[10],"tags":[],"class_list":["post-7883","post","type-post","status-publish","format-standard","has-post-thumbnail","hentry","category-sociedad"],"jetpack_featured_media_url":"https:\/\/comunicartesanluis.com\/v1\/wp-content\/uploads\/2023\/03\/san-luis.jpg","jetpack_sharing_enabled":true,"_links":{"self":[{"href":"https:\/\/comunicartesanluis.com\/index.php\/wp-json\/wp\/v2\/posts\/7883","targetHints":{"allow":["GET"]}}],"collection":[{"href":"https:\/\/comunicartesanluis.com\/index.php\/wp-json\/wp\/v2\/posts"}],"about":[{"href":"https:\/\/comunicartesanluis.com\/index.php\/wp-json\/wp\/v2\/types\/post"}],"author":[{"embeddable":true,"href":"https:\/\/comunicartesanluis.com\/index.php\/wp-json\/wp\/v2\/users\/5"}],"replies":[{"embeddable":true,"href":"https:\/\/comunicartesanluis.com\/index.php\/wp-json\/wp\/v2\/comments?post=7883"}],"version-history":[{"count":1,"href":"https:\/\/comunicartesanluis.com\/index.php\/wp-json\/wp\/v2\/posts\/7883\/revisions"}],"predecessor-version":[{"id":7885,"href":"https:\/\/comunicartesanluis.com\/index.php\/wp-json\/wp\/v2\/posts\/7883\/revisions\/7885"}],"wp:featuredmedia":[{"embeddable":true,"href":"https:\/\/comunicartesanluis.com\/index.php\/wp-json\/wp\/v2\/media\/7884"}],"wp:attachment":[{"href":"https:\/\/comunicartesanluis.com\/index.php\/wp-json\/wp\/v2\/media?parent=7883"}],"wp:term":[{"taxonomy":"category","embeddable":true,"href":"https:\/\/comunicartesanluis.com\/index.php\/wp-json\/wp\/v2\/categories?post=7883"},{"taxonomy":"post_tag","embeddable":true,"href":"https:\/\/comunicartesanluis.com\/index.php\/wp-json\/wp\/v2\/tags?post=7883"}],"curies":[{"name":"wp","href":"https:\/\/api.w.org\/{rel}","templated":true}]}}