{"id":7886,"date":"2023-03-28T12:43:37","date_gmt":"2023-03-28T15:43:37","guid":{"rendered":"https:\/\/comunicartesanluis.com\/?p=7886"},"modified":"2023-03-28T12:44:14","modified_gmt":"2023-03-28T15:44:14","slug":"villa-de-merlo-se-pone-de-pie-con-el-operativo-reconstruccion","status":"publish","type":"post","link":"https:\/\/comunicartesanluis.com\/index.php\/2023\/03\/28\/villa-de-merlo-se-pone-de-pie-con-el-operativo-reconstruccion\/","title":{"rendered":"Villa de Merlo se pone de pie con el operativo reconstrucci\u00f3n"},"content":{"rendered":"<p>El operativo de reconstrucci\u00f3n impulsado por el Municipio de Villa de Merlo tras la tormenta que azota a la ciudad la semana pasada contin\u00faa avanzando con ritmo fuerte y sostenido.<\/p>\n<p>El equipo de trabajo de Servicios P\u00fablicos, acompa\u00f1ado por Vialidad Nacional, Vialidad Provincial y la Fuerza A\u00e9rea, gracias a la gesti\u00f3n incansable del Ejecutivo municipal, se encuentra realizando tareas constantes a lo largo de nuestra ciudad desde el mi\u00e9rcoles 22 de marzo. Con un despliegue de personal operativo nunca antes visto, el plan de recuperaci\u00f3n sigue su curso en forma inquebrantable.<\/p>\n<p>Durante el d\u00eda de hoy ha habido m\u00e1quinas de Vialidad Nacional trabajando en los barrios 32 y 131 Viviendas, m\u00e1quinas municipales en Calle \u201cHeroes de malvinas\u201d y luego extendi\u00e9ndose hacia el barrio.<br \/>\nLas m\u00e1quinas de Vialidad Provincial estuvieron operando en la calle Chacho Pe\u00f1alosa hasta Vi\u00f1edo Fraterno junto a la batea municipal como refuerzo.<\/p>\n<p>Tambi\u00e9n en Cerro de Oro donde se encuentra el intendente, Juan Alvarez Pinto, recorriendo las calles m\u00e1s afectadas por el temporal.<br \/>\nA su vez el cami\u00f3n municipal junto al de la Fuerza A\u00e9rea distribuyeron material a diferentes puntos de la villa de Merlo, mientras que una cuadrilla especial de limpieza de la Fuerza A\u00e9rea se aboc\u00f3 a tareas de mantenimiento en el Balneario de Rinc\u00f3n.<\/p>\n","protected":false},"excerpt":{"rendered":"<p>Desde el mi\u00e9rcoles 22 de marzo las m\u00e1quinas trabajan sin descanso en el operativo de reconstrucci\u00f3n. A primeras horas del d\u00eda de hoy, m\u00e1quinas<br \/>\nmunicipales, de vialidad provincial y nacional siguen avanzando con tareas de limpieza y reparaci\u00f3n a lo largo de nuestra ciudad<\/p>\n","protected":false},"author":5,"featured_media":7887,"comment_status":"open","ping_status":"open","sticky":false,"template":"","format":"standard","meta":{"_jetpack_memberships_contains_paid_content":false,"footnotes":""},"categories":[10],"tags":[],"class_list":["post-7886","post","type-post","status-publish","format-standard","has-post-thumbnail","hentry","category-sociedad"],"jetpack_featured_media_url":"https:\/\/comunicartesanluis.com\/v1\/wp-content\/uploads\/2023\/03\/merlo-1.jpg","jetpack_sharing_enabled":true,"_links":{"self":[{"href":"https:\/\/comunicartesanluis.com\/index.php\/wp-json\/wp\/v2\/posts\/7886","targetHints":{"allow":["GET"]}}],"collection":[{"href":"https:\/\/comunicartesanluis.com\/index.php\/wp-json\/wp\/v2\/posts"}],"about":[{"href":"https:\/\/comunicartesanluis.com\/index.php\/wp-json\/wp\/v2\/types\/post"}],"author":[{"embeddable":true,"href":"https:\/\/comunicartesanluis.com\/index.php\/wp-json\/wp\/v2\/users\/5"}],"replies":[{"embeddable":true,"href":"https:\/\/comunicartesanluis.com\/index.php\/wp-json\/wp\/v2\/comments?post=7886"}],"version-history":[{"count":1,"href":"https:\/\/comunicartesanluis.com\/index.php\/wp-json\/wp\/v2\/posts\/7886\/revisions"}],"predecessor-version":[{"id":7888,"href":"https:\/\/comunicartesanluis.com\/index.php\/wp-json\/wp\/v2\/posts\/7886\/revisions\/7888"}],"wp:featuredmedia":[{"embeddable":true,"href":"https:\/\/comunicartesanluis.com\/index.php\/wp-json\/wp\/v2\/media\/7887"}],"wp:attachment":[{"href":"https:\/\/comunicartesanluis.com\/index.php\/wp-json\/wp\/v2\/media?parent=7886"}],"wp:term":[{"taxonomy":"category","embeddable":true,"href":"https:\/\/comunicartesanluis.com\/index.php\/wp-json\/wp\/v2\/categories?post=7886"},{"taxonomy":"post_tag","embeddable":true,"href":"https:\/\/comunicartesanluis.com\/index.php\/wp-json\/wp\/v2\/tags?post=7886"}],"curies":[{"name":"wp","href":"https:\/\/api.w.org\/{rel}","templated":true}]}}