{"id":7889,"date":"2023-03-28T13:01:07","date_gmt":"2023-03-28T16:01:07","guid":{"rendered":"https:\/\/comunicartesanluis.com\/?p=7889"},"modified":"2023-03-28T13:03:15","modified_gmt":"2023-03-28T16:03:15","slug":"7889","status":"publish","type":"post","link":"https:\/\/comunicartesanluis.com\/index.php\/2023\/03\/28\/7889\/","title":{"rendered":"Se registro un sismo de 2.6 en Traslasierras"},"content":{"rendered":"<p>Un moderado sismo cerca de Mina Clavero se sinti\u00f3 con fuerza en el Valle de Traslasierra, en C\u00f3rdoba.<\/p>\n<p>El movimiento tel\u00farico fue de 2.6 en la escala de Richter a las 7.16 hs, seg\u00fan los registros del Instituto Nacional de Prevenci\u00f3n S\u00edsmica (INPRES), con una profundidad de 12 kil\u00f3metros.<\/p>\n<p>El epicentro fue\u00a082 kil\u00f3metros al oeste de C\u00f3rdoba y unos 12 kil\u00f3metros al noroeste de Mina Clavero.<\/p>\n<p>&nbsp;<\/p>\n<p>&nbsp;<\/p>\n","protected":false},"excerpt":{"rendered":"<p>El sismo se registro esta ma\u00f1ana a las 7.16 hs a 82 km al Oeste de C\u00f3rdoba. El movimiento tel\u00farico se sinti\u00f3 en Mina Clavero y zona de sierras.<\/p>\n","protected":false},"author":5,"featured_media":7890,"comment_status":"open","ping_status":"open","sticky":false,"template":"","format":"standard","meta":{"_jetpack_memberships_contains_paid_content":false,"footnotes":""},"categories":[29],"tags":[],"class_list":["post-7889","post","type-post","status-publish","format-standard","has-post-thumbnail","hentry","category-clima"],"jetpack_featured_media_url":"https:\/\/comunicartesanluis.com\/v1\/wp-content\/uploads\/2023\/03\/sismo-1.jpg","jetpack_sharing_enabled":true,"_links":{"self":[{"href":"https:\/\/comunicartesanluis.com\/index.php\/wp-json\/wp\/v2\/posts\/7889","targetHints":{"allow":["GET"]}}],"collection":[{"href":"https:\/\/comunicartesanluis.com\/index.php\/wp-json\/wp\/v2\/posts"}],"about":[{"href":"https:\/\/comunicartesanluis.com\/index.php\/wp-json\/wp\/v2\/types\/post"}],"author":[{"embeddable":true,"href":"https:\/\/comunicartesanluis.com\/index.php\/wp-json\/wp\/v2\/users\/5"}],"replies":[{"embeddable":true,"href":"https:\/\/comunicartesanluis.com\/index.php\/wp-json\/wp\/v2\/comments?post=7889"}],"version-history":[{"count":2,"href":"https:\/\/comunicartesanluis.com\/index.php\/wp-json\/wp\/v2\/posts\/7889\/revisions"}],"predecessor-version":[{"id":7892,"href":"https:\/\/comunicartesanluis.com\/index.php\/wp-json\/wp\/v2\/posts\/7889\/revisions\/7892"}],"wp:featuredmedia":[{"embeddable":true,"href":"https:\/\/comunicartesanluis.com\/index.php\/wp-json\/wp\/v2\/media\/7890"}],"wp:attachment":[{"href":"https:\/\/comunicartesanluis.com\/index.php\/wp-json\/wp\/v2\/media?parent=7889"}],"wp:term":[{"taxonomy":"category","embeddable":true,"href":"https:\/\/comunicartesanluis.com\/index.php\/wp-json\/wp\/v2\/categories?post=7889"},{"taxonomy":"post_tag","embeddable":true,"href":"https:\/\/comunicartesanluis.com\/index.php\/wp-json\/wp\/v2\/tags?post=7889"}],"curies":[{"name":"wp","href":"https:\/\/api.w.org\/{rel}","templated":true}]}}