{"id":7937,"date":"2023-03-30T11:23:38","date_gmt":"2023-03-30T14:23:38","guid":{"rendered":"https:\/\/comunicartesanluis.com\/?p=7937"},"modified":"2023-03-30T11:23:38","modified_gmt":"2023-03-30T14:23:38","slug":"zoe-benitez-y-jenny-coach-subcampeonas","status":"publish","type":"post","link":"https:\/\/comunicartesanluis.com\/index.php\/2023\/03\/30\/zoe-benitez-y-jenny-coach-subcampeonas\/","title":{"rendered":"Zoe Benitez y Jenny Coach subcampeonas"},"content":{"rendered":"<p>Las representantes locales jugaron en 5ta damas y lograron quedarse con su zona ganando 6\/1\u00a0 6\/0 y 6\/0\u00a0 6\/1, en la primera jornada. \u00a0En un torneo donde hubo 15 parejas distintas de la provincia.<\/p>\n<p>El d\u00eda domingo en 4tos de final ganaron 6\/3 6\/1 . La semifinal 6\/2 6\/1 y en la final no pudieron imponerse\u00a0 cayendo por la minima en 6\/7 5\/7. La dupla se quedo con las ganas del primer puesto pero lograron un sobresaliente segundo lugar. Ahora Zoe se prepara para el pr\u00f3ximo torneo.<\/p>\n<p>Pudimos hablar con su padre, Fernando Benitez:<\/p>\n<p>&nbsp;<\/p>\n<p style=\"text-align: center;\"><em>\u00abZoe Benitez ( 12 a\u00f1o) la espera un a\u00f1o de mucha competencia. Por eso su verano fue entrenar. Estuvo todo el mes de enero haciendo pre temporada en villa Mercedes . Y 15 d\u00edas m\u00e1s en Entre R\u00edos y Rosario&#8230; tiene como objetivo este a\u00f1o clasificar al m\u00e1ster\u00bb.<\/em><\/p>\n<p><img decoding=\"async\" class=\"aligncenter wp-image-7940 \" src=\"https:\/\/comunicartesanluis.com\/v1\/wp-content\/uploads\/2023\/03\/WhatsApp-Image-2023-03-28-at-09.23.55-768x1024.jpeg\" alt=\"\" width=\"599\" height=\"798\" srcset=\"https:\/\/comunicartesanluis.com\/v1\/wp-content\/uploads\/2023\/03\/WhatsApp-Image-2023-03-28-at-09.23.55-200x267.jpeg 200w, https:\/\/comunicartesanluis.com\/v1\/wp-content\/uploads\/2023\/03\/WhatsApp-Image-2023-03-28-at-09.23.55-225x300.jpeg 225w, https:\/\/comunicartesanluis.com\/v1\/wp-content\/uploads\/2023\/03\/WhatsApp-Image-2023-03-28-at-09.23.55-400x533.jpeg 400w, https:\/\/comunicartesanluis.com\/v1\/wp-content\/uploads\/2023\/03\/WhatsApp-Image-2023-03-28-at-09.23.55-600x800.jpeg 600w, https:\/\/comunicartesanluis.com\/v1\/wp-content\/uploads\/2023\/03\/WhatsApp-Image-2023-03-28-at-09.23.55-768x1024.jpeg 768w, https:\/\/comunicartesanluis.com\/v1\/wp-content\/uploads\/2023\/03\/WhatsApp-Image-2023-03-28-at-09.23.55-800x1067.jpeg 800w, https:\/\/comunicartesanluis.com\/v1\/wp-content\/uploads\/2023\/03\/WhatsApp-Image-2023-03-28-at-09.23.55-1152x1536.jpeg 1152w, https:\/\/comunicartesanluis.com\/v1\/wp-content\/uploads\/2023\/03\/WhatsApp-Image-2023-03-28-at-09.23.55.jpeg 1200w\" sizes=\"(max-width: 599px) 100vw, 599px\" \/><\/p>\n<p>El gran objetivo poder formar parte del equipo de la selecci\u00f3n argentina para jugar el mundial de menores en sub 14 . La idea de Zoe es\u00a0 terminar este a\u00f1o bien arriba.<\/p>\n<p style=\"text-align: center;\"><em>\u00abEste a\u00f1o y el otro jugar\u00e1 en sub 14.. ya arrancaron los selectivos de menores de A.P.A.\u00a0 (Asociaci\u00f3n de Padle Argentino)\u00a0 la primer fecha perdi\u00f3 en semifinal con una compa\u00f1era de Entre R\u00edos y Este finde\u00a0 es la segunda fecha en c\u00f3rdoba. Y va a jugar con una nena de la pampa\u00bb .<\/em><\/p>\n<p><img decoding=\"async\" class=\"aligncenter wp-image-7942 size-large\" src=\"https:\/\/comunicartesanluis.com\/v1\/wp-content\/uploads\/2023\/03\/WhatsApp-Image-2023-03-28-at-08.33.09-1024x768.jpeg\" alt=\"\" width=\"1024\" height=\"768\" srcset=\"https:\/\/comunicartesanluis.com\/v1\/wp-content\/uploads\/2023\/03\/WhatsApp-Image-2023-03-28-at-08.33.09-200x150.jpeg 200w, https:\/\/comunicartesanluis.com\/v1\/wp-content\/uploads\/2023\/03\/WhatsApp-Image-2023-03-28-at-08.33.09-300x225.jpeg 300w, https:\/\/comunicartesanluis.com\/v1\/wp-content\/uploads\/2023\/03\/WhatsApp-Image-2023-03-28-at-08.33.09-400x300.jpeg 400w, https:\/\/comunicartesanluis.com\/v1\/wp-content\/uploads\/2023\/03\/WhatsApp-Image-2023-03-28-at-08.33.09-600x450.jpeg 600w, https:\/\/comunicartesanluis.com\/v1\/wp-content\/uploads\/2023\/03\/WhatsApp-Image-2023-03-28-at-08.33.09-768x576.jpeg 768w, https:\/\/comunicartesanluis.com\/v1\/wp-content\/uploads\/2023\/03\/WhatsApp-Image-2023-03-28-at-08.33.09-800x600.jpeg 800w, https:\/\/comunicartesanluis.com\/v1\/wp-content\/uploads\/2023\/03\/WhatsApp-Image-2023-03-28-at-08.33.09-1024x768.jpeg 1024w, https:\/\/comunicartesanluis.com\/v1\/wp-content\/uploads\/2023\/03\/WhatsApp-Image-2023-03-28-at-08.33.09-1200x900.jpeg 1200w, https:\/\/comunicartesanluis.com\/v1\/wp-content\/uploads\/2023\/03\/WhatsApp-Image-2023-03-28-at-08.33.09.jpeg 1280w\" sizes=\"(max-width: 1024px) 100vw, 1024px\" \/><\/p>\n<p style=\"text-align: center;\"><em>\u00abZoe entrena todos los d\u00edas padel. En el complejo el tabl\u00f3n con la profe Yamila Sarza y tres veces por semana va al gym con nicolas freysselinard en centro activo merlo\u00bb. <\/em><\/p>\n<p style=\"text-align: center;\"><em>\u00abZoe se a tomado muy serio todo esto ella quiere llegar a jugar en primera . La verdad es para destacar que con 12 a\u00f1os tenga esa convicci\u00f3n esa conducta deportiva para entrenar\u00bb.\u00a0<\/em><\/p>\n<p><img decoding=\"async\" class=\"aligncenter wp-image-7938 size-large\" src=\"https:\/\/comunicartesanluis.com\/v1\/wp-content\/uploads\/2023\/03\/WhatsApp-Image-2023-03-28-at-08.33.12-461x1024.jpeg\" alt=\"\" width=\"461\" height=\"1024\" srcset=\"https:\/\/comunicartesanluis.com\/v1\/wp-content\/uploads\/2023\/03\/WhatsApp-Image-2023-03-28-at-08.33.12-135x300.jpeg 135w, https:\/\/comunicartesanluis.com\/v1\/wp-content\/uploads\/2023\/03\/WhatsApp-Image-2023-03-28-at-08.33.12-200x444.jpeg 200w, https:\/\/comunicartesanluis.com\/v1\/wp-content\/uploads\/2023\/03\/WhatsApp-Image-2023-03-28-at-08.33.12-400x889.jpeg 400w, https:\/\/comunicartesanluis.com\/v1\/wp-content\/uploads\/2023\/03\/WhatsApp-Image-2023-03-28-at-08.33.12-461x1024.jpeg 461w, https:\/\/comunicartesanluis.com\/v1\/wp-content\/uploads\/2023\/03\/WhatsApp-Image-2023-03-28-at-08.33.12.jpeg 576w\" sizes=\"(max-width: 461px) 100vw, 461px\" \/><\/p>\n<p>El mes pasado la jugadora merlina, firm\u00f3 contrato con la marca Odear por un a\u00f1o, lo que resolveria algunos de los gastos. El futuro del padel merlino tiene nombre y apellido, Zoe Benitez.<\/p>\n","protected":false},"excerpt":{"rendered":"<p>Las merlinas Zoe Benitez  y Jenny Coch fueron subcampeonas en la ciudad de San luis con un gran desempleo en todo el torneo. La joven Zoe debut\u00f3 en 5ta y ya demostr\u00f3 que va por todo.<\/p>\n","protected":false},"author":3,"featured_media":7943,"comment_status":"open","ping_status":"open","sticky":false,"template":"","format":"standard","meta":{"_jetpack_memberships_contains_paid_content":false,"footnotes":""},"categories":[15,16],"tags":[],"class_list":["post-7937","post","type-post","status-publish","format-standard","has-post-thumbnail","hentry","category-deporte","category-local"],"jetpack_featured_media_url":"https:\/\/comunicartesanluis.com\/v1\/wp-content\/uploads\/2023\/03\/WhatsApp-Image-2023-03-28-at-08.33.10-e1680186128507.jpeg","jetpack_sharing_enabled":true,"_links":{"self":[{"href":"https:\/\/comunicartesanluis.com\/index.php\/wp-json\/wp\/v2\/posts\/7937","targetHints":{"allow":["GET"]}}],"collection":[{"href":"https:\/\/comunicartesanluis.com\/index.php\/wp-json\/wp\/v2\/posts"}],"about":[{"href":"https:\/\/comunicartesanluis.com\/index.php\/wp-json\/wp\/v2\/types\/post"}],"author":[{"embeddable":true,"href":"https:\/\/comunicartesanluis.com\/index.php\/wp-json\/wp\/v2\/users\/3"}],"replies":[{"embeddable":true,"href":"https:\/\/comunicartesanluis.com\/index.php\/wp-json\/wp\/v2\/comments?post=7937"}],"version-history":[{"count":1,"href":"https:\/\/comunicartesanluis.com\/index.php\/wp-json\/wp\/v2\/posts\/7937\/revisions"}],"predecessor-version":[{"id":7945,"href":"https:\/\/comunicartesanluis.com\/index.php\/wp-json\/wp\/v2\/posts\/7937\/revisions\/7945"}],"wp:featuredmedia":[{"embeddable":true,"href":"https:\/\/comunicartesanluis.com\/index.php\/wp-json\/wp\/v2\/media\/7943"}],"wp:attachment":[{"href":"https:\/\/comunicartesanluis.com\/index.php\/wp-json\/wp\/v2\/media?parent=7937"}],"wp:term":[{"taxonomy":"category","embeddable":true,"href":"https:\/\/comunicartesanluis.com\/index.php\/wp-json\/wp\/v2\/categories?post=7937"},{"taxonomy":"post_tag","embeddable":true,"href":"https:\/\/comunicartesanluis.com\/index.php\/wp-json\/wp\/v2\/tags?post=7937"}],"curies":[{"name":"wp","href":"https:\/\/api.w.org\/{rel}","templated":true}]}}