{"id":7955,"date":"2023-03-30T20:55:32","date_gmt":"2023-03-30T23:55:32","guid":{"rendered":"https:\/\/comunicartesanluis.com\/?p=7955"},"modified":"2023-03-30T20:56:00","modified_gmt":"2023-03-30T23:56:00","slug":"continuan-las-tareas-de-reconstruccion-sin-descanso-desde-el-dia-de-la-tormenta","status":"publish","type":"post","link":"https:\/\/comunicartesanluis.com\/index.php\/2023\/03\/30\/continuan-las-tareas-de-reconstruccion-sin-descanso-desde-el-dia-de-la-tormenta\/","title":{"rendered":"Contin\u00faan las tareas de reconstrucci\u00f3n sin descanso desde el d\u00eda de la tormenta"},"content":{"rendered":"<p><img decoding=\"async\" class=\"alignnone size-medium wp-image-7957\" src=\"https:\/\/comunicartesanluis.com\/v1\/wp-content\/uploads\/2023\/03\/maquina2-300x169.jpg\" alt=\"\" width=\"300\" height=\"169\" srcset=\"https:\/\/comunicartesanluis.com\/v1\/wp-content\/uploads\/2023\/03\/maquina2-200x113.jpg 200w, https:\/\/comunicartesanluis.com\/v1\/wp-content\/uploads\/2023\/03\/maquina2-300x169.jpg 300w, https:\/\/comunicartesanluis.com\/v1\/wp-content\/uploads\/2023\/03\/maquina2-400x225.jpg 400w, https:\/\/comunicartesanluis.com\/v1\/wp-content\/uploads\/2023\/03\/maquina2-600x338.jpg 600w, https:\/\/comunicartesanluis.com\/v1\/wp-content\/uploads\/2023\/03\/maquina2-768x432.jpg 768w, https:\/\/comunicartesanluis.com\/v1\/wp-content\/uploads\/2023\/03\/maquina2-800x451.jpg 800w, https:\/\/comunicartesanluis.com\/v1\/wp-content\/uploads\/2023\/03\/maquina2-1024x577.jpg 1024w, https:\/\/comunicartesanluis.com\/v1\/wp-content\/uploads\/2023\/03\/maquina2.jpg 1156w\" sizes=\"(max-width: 300px) 100vw, 300px\" \/><\/p>\n<p>En el d\u00eda de hoy el Municipio de Villa de Merlo, a trav\u00e9s del personal operativo de su Secretar\u00eda de Servicios P\u00fablicos, continu\u00f3 trabajando exitosamente en el reacondicionamiento de las calles de nuestra ciudad, liberando as\u00ed diferentes accesos que hab\u00edan quedado totalmente inundados y destruidos a ra\u00edz de la feroz tormenta de la semana pasada.<br \/>\nCon el objetivo centrado en seguir asistiendo a la comunidad y restablecer la normalidad en toda nuestra Villa, se desempe\u00f1aron tareas de arreglo, mantenimiento y limpieza en las calles Eva Duarte, Arroyo el Molino, Piquillin y las Moras, Rodeo de los Cocos y en la zona de Barranca Colorada.<\/p>\n<p>A su vez, hubo cuadrillas de trabajo en Cerro de Oro, espec\u00edficamente en la calle Barro Azul y en Cuesta del Cerro, como tambi\u00e9n en Piedra Blanca en la zona del Pantanillo. Tambi\u00e9n se trabaj\u00f3 conjuntamente con Volquetes El Azul en el relleno de<br \/>\nla calle cuesta la granadilla, sobre la vertiente que imped\u00eda la circulaci\u00f3n de los vecinos.<\/p>\n<p>Durante esta semana de trabajo firme y constante se ha logrado un gran avance en la reconstrucci\u00f3n de una ciudad que presentaba un da\u00f1o notable en el 80% de sus v\u00edas de circulaci\u00f3n. Sabiendo que a\u00fan queda mucho por hacer, es el compromiso primordial de esta gesti\u00f3n seguir adelante, alcanzando todos los lugares afectados de nuestra Villa de Merlo.<\/p>\n","protected":false},"excerpt":{"rendered":"<p>El personal operativo del Municipio sigue trabajando incansablemente a lo largo de toda la Villa de Merlo con el objetivo de liberar todos accesos y restablecer la normalidad en nuestra ciudad.<\/p>\n","protected":false},"author":5,"featured_media":7956,"comment_status":"open","ping_status":"open","sticky":false,"template":"","format":"standard","meta":{"_jetpack_memberships_contains_paid_content":false,"footnotes":""},"categories":[10],"tags":[],"class_list":["post-7955","post","type-post","status-publish","format-standard","has-post-thumbnail","hentry","category-sociedad"],"jetpack_featured_media_url":"https:\/\/comunicartesanluis.com\/v1\/wp-content\/uploads\/2023\/03\/maquina1.jpg","jetpack_sharing_enabled":true,"_links":{"self":[{"href":"https:\/\/comunicartesanluis.com\/index.php\/wp-json\/wp\/v2\/posts\/7955","targetHints":{"allow":["GET"]}}],"collection":[{"href":"https:\/\/comunicartesanluis.com\/index.php\/wp-json\/wp\/v2\/posts"}],"about":[{"href":"https:\/\/comunicartesanluis.com\/index.php\/wp-json\/wp\/v2\/types\/post"}],"author":[{"embeddable":true,"href":"https:\/\/comunicartesanluis.com\/index.php\/wp-json\/wp\/v2\/users\/5"}],"replies":[{"embeddable":true,"href":"https:\/\/comunicartesanluis.com\/index.php\/wp-json\/wp\/v2\/comments?post=7955"}],"version-history":[{"count":1,"href":"https:\/\/comunicartesanluis.com\/index.php\/wp-json\/wp\/v2\/posts\/7955\/revisions"}],"predecessor-version":[{"id":7958,"href":"https:\/\/comunicartesanluis.com\/index.php\/wp-json\/wp\/v2\/posts\/7955\/revisions\/7958"}],"wp:featuredmedia":[{"embeddable":true,"href":"https:\/\/comunicartesanluis.com\/index.php\/wp-json\/wp\/v2\/media\/7956"}],"wp:attachment":[{"href":"https:\/\/comunicartesanluis.com\/index.php\/wp-json\/wp\/v2\/media?parent=7955"}],"wp:term":[{"taxonomy":"category","embeddable":true,"href":"https:\/\/comunicartesanluis.com\/index.php\/wp-json\/wp\/v2\/categories?post=7955"},{"taxonomy":"post_tag","embeddable":true,"href":"https:\/\/comunicartesanluis.com\/index.php\/wp-json\/wp\/v2\/tags?post=7955"}],"curies":[{"name":"wp","href":"https:\/\/api.w.org\/{rel}","templated":true}]}}