{"id":7959,"date":"2023-03-30T21:09:31","date_gmt":"2023-03-31T00:09:31","guid":{"rendered":"https:\/\/comunicartesanluis.com\/?p=7959"},"modified":"2023-03-30T21:12:09","modified_gmt":"2023-03-31T00:12:09","slug":"el-nino-aparecen-senales-de-un-evento-intenso-para-la-primavera","status":"publish","type":"post","link":"https:\/\/comunicartesanluis.com\/index.php\/2023\/03\/30\/el-nino-aparecen-senales-de-un-evento-intenso-para-la-primavera\/","title":{"rendered":"El Ni\u00f1o: aparecen se\u00f1ales de un evento intenso para la primavera"},"content":{"rendered":"<p>Luego de 3 temporadas consecutivas de La Ni\u00f1a persistente que ayud\u00f3 a generar una de las sequ\u00edas m\u00e1s extremas que haya vivido gran parte de\u00a0<a href=\"https:\/\/www.meteored.com.ar\/\" data-mrf-recirculation=\"cuerpo_intext\">Argentina<\/a>,\u00a0<strong>las cosas parecen cambiar r\u00e1pidamente y todo indica que se dirigen a un escenario totalmente contrario<\/strong>. Aunque reci\u00e9n se transita el oto\u00f1o de este 2023, las primeras se\u00f1ales hacia adelante comienzan a mostrar una importante tendencia hacia un Ni\u00f1o en la primavera del hemisferio sur.<\/p>\n<p>De hecho,\u00a0<strong>una gran mayor\u00eda de modelos de simulaci\u00f3n clim\u00e1tica, tanto los din\u00e1micos como los estad\u00edsticos, apuntan a un calentamiento de las aguas superficiales del Pac\u00edfico ecuatorial oriental, que emplazar\u00edan r\u00e1pidamente a El Ni\u00f1o<\/strong>. Hoy nos encontramos en una fase neutral. Pero gran parte de la comunidad meteorol\u00f3gica est\u00e1 mirando con atenci\u00f3n estos datos, porque podr\u00eda no tratarse de un Ni\u00f1o convencional.<\/p>\n<p><strong>Uno de los escenarios posibles es que El Ni\u00f1o que se desarrolle sea intenso, y pueda parecerse al super evento de 2016 que desemboc\u00f3 en el r\u00e9cord de temperatura promedio que alcanz\u00f3 el planeta<\/strong>. Para muchos cient\u00edficos, ese escenario es entrar en un \u00e1mbito desconocido porque los niveles de gases de efecto invernadero no han dejado de crecer en los \u00faltimos a\u00f1os.<\/p>\n<p>La gran pregunta a responder es c\u00f3mo el sistema atmosf\u00e9rico podr\u00eda gestionar el excedente de energ\u00eda que genere un Ni\u00f1o m\u00e1s intenso. Por lo pronto,\u00a0<strong>en la perspectiva para Argentina la caracter\u00edstica ser\u00eda opuesta a la que se ha tenido en estos \u00faltimos a\u00f1os.<\/strong><\/p>\n<p><strong>Si bien adem\u00e1s de El Ni\u00f1o juegan otros factores importantes, un evento m\u00e1s fuerte abrir\u00eda la puerta a mayor inestabilidad y un comportamiento asociado a una mayor cantidad de lluvias<\/strong>. Queda por definir en caso, la persistencia y cantidad<\/p>\n<p>Es sabido que al inicio del oto\u00f1o el panorama suele ser aun m\u00e1s indefinido, pero en este caso es notorio como la mayor\u00eda de modelos coinciden en la misma resoluci\u00f3n. Ahora,\u00a0<strong>en caso de confirmarse un super Ni\u00f1o, esto podr\u00eda tener impactos sociales, ambientales y econ\u00f3micos a nivel global<\/strong>.<\/p>\n<p>En el caso de la temporada de huracanes, este panorama podr\u00eda atenuar el desarrollo de sistemas sobre el Atl\u00e1ntico, pero dar\u00eda combustible para\u00a0<strong>ciclones tropicales m\u00e1s intensos y recurrentes sobre el Pac\u00edfico para la pr\u00f3xima temporada<\/strong>. De acuerdo a\u00a0<strong><a href=\"https:\/\/www.theguardian.com\/environment\/2023\/jan\/16\/return-of-el-nino-will-cause-off-the-chart-temperature-rise-climate-crisis\" target=\"_blank\" rel=\"noopener\">The Guardian<\/a><\/strong>, un escenario de este tipo podr\u00eda conducir a un aumento de las temperaturas mundiales promedio y olas de calor sin precedentes. Hay que recordar que las olas de calor han venido en aumento en los \u00faltimos a\u00f1os a nivel global.<\/p>\n<p>Como indic\u00e1bamos, el 2016 fue el a\u00f1o m\u00e1s caluroso para la Tierra, en coincidencia con un super Ni\u00f1o. Ahora, los valores r\u00e9cord de temperatura de 2016 se vieron impulsados por El Ni\u00f1o. Para muchos cient\u00edficos consultados por The Guardian,\u00a0<strong>este escenario har\u00e1 \u00abmuy probable\u00bb que el calentamiento mundial supere una anomal\u00eda de 1,5 \u00baC. por encima de los valores pre-industriales<\/strong>.<\/p>\n<p>Con El Ni\u00f1o, no solo cambia el patr\u00f3n de calentamiento de la atm\u00f3sfera, sino que hay una variaci\u00f3n en el comportamiento del viento en los diferentes niveles. Hoy ya se prev\u00e9 que este a\u00f1o sea m\u00e1s caluroso que 2022.\u00a0<strong><a href=\"https:\/\/public.wmo.int\/en\/media\/press-release\/past-eight-years-confirmed-be-eight-warmest-record\" target=\"_blank\" rel=\"noopener\">Seg\u00fan datos de la Organizaci\u00f3n Meteorol\u00f3gica Mundial\u00a0<\/a><\/strong>(OMM) los \u00faltimos 8 a\u00f1os fueron alternadamente los 8 m\u00e1s calurosos jam\u00e1s registrados.<\/p>\n<p>Pero El Ni\u00f1o se produce durante el invierno del hemisferio norte y su efecto de calentamiento tarda meses en notarse,\u00a0<strong>lo que significa que\u00a0<a href=\"https:\/\/www.meteored.com.ar\/noticias\/actualidad\/camino-a-un-nuevo-record-de-temperatura-global-en-2020-2024-cambio-climatico.html\" data-mrf-recirculation=\"cuerpo_intext\">es mucho m\u00e1s probable que 2024 marque un nuevo r\u00e9cord de temperatura global<\/a><\/strong><a href=\"https:\/\/www.meteored.com.ar\/noticias\/actualidad\/camino-a-un-nuevo-record-de-temperatura-global-en-2020-2024-cambio-climatico.html\" data-mrf-recirculation=\"cuerpo_intext\">.<\/a>\u00a0Por ello, la probabilidad de superar una anomal\u00eda de calentamiento de 1,5 \u00baC en el pr\u00f3ximo quinquenio ya supera el 50 %. En el otro lado del mundo, Australia podr\u00eda pasar de 3 a\u00f1os con exceso de lluvia a un per\u00edodo de sequ\u00edas muy pronunciadas.<\/p>\n<p>Informe: Meteored.com<\/p>\n","protected":false},"excerpt":{"rendered":"<p>La mayor\u00eda de los modelos clim\u00e1ticos apuntan a un Ni\u00f1o intenso para la pr\u00f3xima primavera del hemisferio sur. De cumplirse, podr\u00eda ser similar al super Ni\u00f1o de 2016 que desemboc\u00f3 en el a\u00f1o m\u00e1s caluroso a nivel global.<\/p>\n","protected":false},"author":5,"featured_media":7962,"comment_status":"open","ping_status":"open","sticky":false,"template":"","format":"standard","meta":{"_jetpack_memberships_contains_paid_content":false,"footnotes":""},"categories":[29],"tags":[],"class_list":["post-7959","post","type-post","status-publish","format-standard","has-post-thumbnail","hentry","category-clima"],"jetpack_featured_media_url":"https:\/\/comunicartesanluis.com\/v1\/wp-content\/uploads\/2023\/03\/nino2.jpg","jetpack_sharing_enabled":true,"_links":{"self":[{"href":"https:\/\/comunicartesanluis.com\/index.php\/wp-json\/wp\/v2\/posts\/7959","targetHints":{"allow":["GET"]}}],"collection":[{"href":"https:\/\/comunicartesanluis.com\/index.php\/wp-json\/wp\/v2\/posts"}],"about":[{"href":"https:\/\/comunicartesanluis.com\/index.php\/wp-json\/wp\/v2\/types\/post"}],"author":[{"embeddable":true,"href":"https:\/\/comunicartesanluis.com\/index.php\/wp-json\/wp\/v2\/users\/5"}],"replies":[{"embeddable":true,"href":"https:\/\/comunicartesanluis.com\/index.php\/wp-json\/wp\/v2\/comments?post=7959"}],"version-history":[{"count":1,"href":"https:\/\/comunicartesanluis.com\/index.php\/wp-json\/wp\/v2\/posts\/7959\/revisions"}],"predecessor-version":[{"id":7961,"href":"https:\/\/comunicartesanluis.com\/index.php\/wp-json\/wp\/v2\/posts\/7959\/revisions\/7961"}],"wp:featuredmedia":[{"embeddable":true,"href":"https:\/\/comunicartesanluis.com\/index.php\/wp-json\/wp\/v2\/media\/7962"}],"wp:attachment":[{"href":"https:\/\/comunicartesanluis.com\/index.php\/wp-json\/wp\/v2\/media?parent=7959"}],"wp:term":[{"taxonomy":"category","embeddable":true,"href":"https:\/\/comunicartesanluis.com\/index.php\/wp-json\/wp\/v2\/categories?post=7959"},{"taxonomy":"post_tag","embeddable":true,"href":"https:\/\/comunicartesanluis.com\/index.php\/wp-json\/wp\/v2\/tags?post=7959"}],"curies":[{"name":"wp","href":"https:\/\/api.w.org\/{rel}","templated":true}]}}