{"id":7963,"date":"2023-03-31T07:28:18","date_gmt":"2023-03-31T10:28:18","guid":{"rendered":"https:\/\/comunicartesanluis.com\/?p=7963"},"modified":"2023-03-31T07:31:32","modified_gmt":"2023-03-31T10:31:32","slug":"fin-de-semana-largo-se-pasa-el-feriado-2-de-abril","status":"publish","type":"post","link":"https:\/\/comunicartesanluis.com\/index.php\/2023\/03\/31\/fin-de-semana-largo-se-pasa-el-feriado-2-de-abril\/","title":{"rendered":"Fin de semana largo: \u00bfse pasa el feriado 2 de abril?"},"content":{"rendered":"<p>Cada a\u00f1o en nuestro Pa\u00eds se rinde homenaje a los veteranos, veteranas, soldados ca\u00eddos y familiares de la Guerra de Malvinas, que dur\u00f3 74 d\u00edas y en la que perdieron la vida 649 argentinos. Este d\u00eda fue establecido como feriado nacional por la Ley N\u00b0 2.000 de 25.370<\/p>\n<p>Si bien en las \u00faltimas horas corre el rumor de que podr\u00eda considerarse el lunes 3 como feriado nacional, esta fecha forma parte de los que son inamovibles, por lo que, lunes se trabajar\u00e1 con normalidad en todo el pa\u00eds.<\/p>\n<p>Por lo tanto, habr\u00e1 que esperar hasta el fin de semana que viene cuando se celebre Semana Santa para disfrutar de unos d\u00edas de descanso, eso s\u00ed, hay que tener en cuenta que feriado ser\u00eda el viernes 7 de abril, pero el jueves 6 solamente es d\u00eda no laborable.<\/p>\n<p>Honor y Gloria &#8211;<\/p>\n<p><img decoding=\"async\" class=\"alignnone wp-image-7964 size-full\" src=\"https:\/\/comunicartesanluis.com\/v1\/wp-content\/uploads\/2023\/03\/memoria.jpg\" alt=\"\" width=\"862\" height=\"862\" srcset=\"https:\/\/comunicartesanluis.com\/v1\/wp-content\/uploads\/2023\/03\/memoria-66x66.jpg 66w, https:\/\/comunicartesanluis.com\/v1\/wp-content\/uploads\/2023\/03\/memoria-150x150.jpg 150w, https:\/\/comunicartesanluis.com\/v1\/wp-content\/uploads\/2023\/03\/memoria-200x200.jpg 200w, https:\/\/comunicartesanluis.com\/v1\/wp-content\/uploads\/2023\/03\/memoria-300x300.jpg 300w, https:\/\/comunicartesanluis.com\/v1\/wp-content\/uploads\/2023\/03\/memoria-400x400.jpg 400w, https:\/\/comunicartesanluis.com\/v1\/wp-content\/uploads\/2023\/03\/memoria-600x600.jpg 600w, https:\/\/comunicartesanluis.com\/v1\/wp-content\/uploads\/2023\/03\/memoria-768x768.jpg 768w, https:\/\/comunicartesanluis.com\/v1\/wp-content\/uploads\/2023\/03\/memoria-800x800.jpg 800w, https:\/\/comunicartesanluis.com\/v1\/wp-content\/uploads\/2023\/03\/memoria.jpg 862w\" sizes=\"(max-width: 862px) 100vw, 862px\" \/><\/p>\n","protected":false},"excerpt":{"rendered":"<p>Como sucede cada a\u00f1o, el domingo 2 de abril, se conmemora en la Argentina, el D\u00eda del Veterano y de los Ca\u00eddos en la Guerra de Malvinas, por lo que el feriado ser\u00e1 inamovible.<\/p>\n","protected":false},"author":5,"featured_media":7965,"comment_status":"open","ping_status":"open","sticky":false,"template":"","format":"standard","meta":{"_jetpack_memberships_contains_paid_content":false,"footnotes":""},"categories":[10],"tags":[653],"class_list":["post-7963","post","type-post","status-publish","format-standard","has-post-thumbnail","hentry","category-sociedad","tag-feriado-argentina-2deabril-malvinas"],"jetpack_featured_media_url":"https:\/\/comunicartesanluis.com\/v1\/wp-content\/uploads\/2023\/03\/feriado.jpg","jetpack_sharing_enabled":true,"_links":{"self":[{"href":"https:\/\/comunicartesanluis.com\/index.php\/wp-json\/wp\/v2\/posts\/7963","targetHints":{"allow":["GET"]}}],"collection":[{"href":"https:\/\/comunicartesanluis.com\/index.php\/wp-json\/wp\/v2\/posts"}],"about":[{"href":"https:\/\/comunicartesanluis.com\/index.php\/wp-json\/wp\/v2\/types\/post"}],"author":[{"embeddable":true,"href":"https:\/\/comunicartesanluis.com\/index.php\/wp-json\/wp\/v2\/users\/5"}],"replies":[{"embeddable":true,"href":"https:\/\/comunicartesanluis.com\/index.php\/wp-json\/wp\/v2\/comments?post=7963"}],"version-history":[{"count":1,"href":"https:\/\/comunicartesanluis.com\/index.php\/wp-json\/wp\/v2\/posts\/7963\/revisions"}],"predecessor-version":[{"id":7966,"href":"https:\/\/comunicartesanluis.com\/index.php\/wp-json\/wp\/v2\/posts\/7963\/revisions\/7966"}],"wp:featuredmedia":[{"embeddable":true,"href":"https:\/\/comunicartesanluis.com\/index.php\/wp-json\/wp\/v2\/media\/7965"}],"wp:attachment":[{"href":"https:\/\/comunicartesanluis.com\/index.php\/wp-json\/wp\/v2\/media?parent=7963"}],"wp:term":[{"taxonomy":"category","embeddable":true,"href":"https:\/\/comunicartesanluis.com\/index.php\/wp-json\/wp\/v2\/categories?post=7963"},{"taxonomy":"post_tag","embeddable":true,"href":"https:\/\/comunicartesanluis.com\/index.php\/wp-json\/wp\/v2\/tags?post=7963"}],"curies":[{"name":"wp","href":"https:\/\/api.w.org\/{rel}","templated":true}]}}