{"id":7967,"date":"2023-03-31T07:46:06","date_gmt":"2023-03-31T10:46:06","guid":{"rendered":"https:\/\/comunicartesanluis.com\/?p=7967"},"modified":"2023-03-31T07:47:04","modified_gmt":"2023-03-31T10:47:04","slug":"un-dia-como-hoy-la-academia-conquistaba-la-superliga","status":"publish","type":"post","link":"https:\/\/comunicartesanluis.com\/index.php\/2023\/03\/31\/un-dia-como-hoy-la-academia-conquistaba-la-superliga\/","title":{"rendered":"Un d\u00eda como hoy la Academia conquistaba la Superliga"},"content":{"rendered":"<p>Los de Racing Club tienen grandes motivos para celebrar este dia, ya que, un d\u00eda como hoy 31 de marzo de 2019, los de Avellaneda lograban un empate 1 a 1 frente a Tigre como visitante y se consagr\u00f3 campe\u00f3n del f\u00fatbol argentino, cortando asi la racha de Boca, que ven\u00eda de un bicampeonato.<\/p>\n<p>El gol del conjunto de Avellaneda, dirigido por el \u00abChacho\u00bb Eduardo Coudet, lo marc\u00f3 Augusto Solari, quien festejo a lo grane (Foto)<\/p>\n","protected":false},"excerpt":{"rendered":"<p>Fue un d\u00eda como hoy del 2019, cuando el conjunto de Avellaneda empataba 1 a 1 frente a Tigre, logrando as\u00ed consagrase campe\u00f3n de la SuperlIga de Primera Divisi\u00f3n.<\/p>\n","protected":false},"author":5,"featured_media":7968,"comment_status":"open","ping_status":"open","sticky":false,"template":"","format":"standard","meta":{"_jetpack_memberships_contains_paid_content":false,"footnotes":""},"categories":[15,17],"tags":[],"class_list":["post-7967","post","type-post","status-publish","format-standard","has-post-thumbnail","hentry","category-deporte","category-nacional"],"jetpack_featured_media_url":"https:\/\/comunicartesanluis.com\/v1\/wp-content\/uploads\/2023\/03\/racing.jpg","jetpack_sharing_enabled":true,"_links":{"self":[{"href":"https:\/\/comunicartesanluis.com\/index.php\/wp-json\/wp\/v2\/posts\/7967","targetHints":{"allow":["GET"]}}],"collection":[{"href":"https:\/\/comunicartesanluis.com\/index.php\/wp-json\/wp\/v2\/posts"}],"about":[{"href":"https:\/\/comunicartesanluis.com\/index.php\/wp-json\/wp\/v2\/types\/post"}],"author":[{"embeddable":true,"href":"https:\/\/comunicartesanluis.com\/index.php\/wp-json\/wp\/v2\/users\/5"}],"replies":[{"embeddable":true,"href":"https:\/\/comunicartesanluis.com\/index.php\/wp-json\/wp\/v2\/comments?post=7967"}],"version-history":[{"count":2,"href":"https:\/\/comunicartesanluis.com\/index.php\/wp-json\/wp\/v2\/posts\/7967\/revisions"}],"predecessor-version":[{"id":7970,"href":"https:\/\/comunicartesanluis.com\/index.php\/wp-json\/wp\/v2\/posts\/7967\/revisions\/7970"}],"wp:featuredmedia":[{"embeddable":true,"href":"https:\/\/comunicartesanluis.com\/index.php\/wp-json\/wp\/v2\/media\/7968"}],"wp:attachment":[{"href":"https:\/\/comunicartesanluis.com\/index.php\/wp-json\/wp\/v2\/media?parent=7967"}],"wp:term":[{"taxonomy":"category","embeddable":true,"href":"https:\/\/comunicartesanluis.com\/index.php\/wp-json\/wp\/v2\/categories?post=7967"},{"taxonomy":"post_tag","embeddable":true,"href":"https:\/\/comunicartesanluis.com\/index.php\/wp-json\/wp\/v2\/tags?post=7967"}],"curies":[{"name":"wp","href":"https:\/\/api.w.org\/{rel}","templated":true}]}}