{"id":7974,"date":"2023-03-31T11:39:29","date_gmt":"2023-03-31T14:39:29","guid":{"rendered":"https:\/\/comunicartesanluis.com\/?p=7974"},"modified":"2023-03-31T11:52:25","modified_gmt":"2023-03-31T14:52:25","slug":"abril-comienza-con-lluvias-lo-que-anticipa-el-pronostico-del-tiempo-para-la-primera-semana","status":"publish","type":"post","link":"https:\/\/comunicartesanluis.com\/index.php\/2023\/03\/31\/abril-comienza-con-lluvias-lo-que-anticipa-el-pronostico-del-tiempo-para-la-primera-semana\/","title":{"rendered":"Abril comienza con lluvias: Pron\u00f3stico del tiempo para la primera semana"},"content":{"rendered":"<p>Despu\u00e9s de un marzo con temperaturas agobiantes que marcaron registros hist\u00f3ricos con picos de m\u00e1s de 45 grados en algunas regiones del pa\u00eds, abril se inicia con algunas lluvias y temperaturas que no superaran los 22\/25 grados.<\/p>\n<p>Los pron\u00f3sticos anticipan que las condiciones se mantendr\u00e1n al menos los 10 primeros d\u00edas del mes. El inicio del oto\u00f1o coincide de alguna manera con el fin de la sequ\u00eda, gracias el alejamiento de \u201cla Ni\u00f1a\u201d y la llegada del \u201cNi\u00f1o\u201d.<\/p>\n<p>Para la zona serrana de Merlo y alrededores, el mes comienza con algunas precipitaciones que podr\u00edan darse el domingo 2, mientras que lunes y martes se mantendr\u00e1 inestable con probabilidad el 40% de lluvias y temperaturas que oscilaran los 22 a 23 grados.<\/p>\n<p><strong>Pronostico extendido del REM de San Luis (Red de Estaciones Meteorol\u00f3gicas<\/strong><\/p>\n<p><strong>S\u00e1bado 01 de abril de 2023<\/strong><\/p>\n<p>Cielo parcialmente nublado. Jornada algo ventosa en la regi\u00f3n norte, fresca por la ma\u00f1ana y con ascenso de las temperaturas m\u00e1ximas. M\u00ednimas de 10\u00b0C y m\u00e1ximas de 25\u00b0C, en promedio. Viento del sector noreste con r\u00e1fagas fuertes.<\/p>\n<p><strong>Domingo 02 de abril de 2023<\/strong><\/p>\n<p>Cielo entre parcialmente nublado a nublado. Jornada algo inestable. M\u00ednimas de 12\u00b0C y m\u00e1ximas de 25\u00b0C, en promedio. Viento variable del sector norte con algunas r\u00e1fagas fuertes.<\/p>\n<p><strong>Lunes 03 de abril de 2023<\/strong><\/p>\n<p>Cielo mayormente nublado. Jornada algo inestable con ascenso de las temperaturas. M\u00ednimas de 13\u00b0C y m\u00e1ximas de 25\u00b0C, en promedio. Viento predominante del sector este con algunas r\u00e1fagas.<\/p>\n","protected":false},"excerpt":{"rendered":"<p>Seg\u00fan adelanta el SMN las condiciones clim\u00e1ticas seguir\u00e1n siendo favorables para que se den algunas lluvias en los pr\u00f3ximos d\u00edas.<\/p>\n","protected":false},"author":5,"featured_media":7975,"comment_status":"open","ping_status":"open","sticky":false,"template":"","format":"standard","meta":{"_jetpack_memberships_contains_paid_content":false,"footnotes":""},"categories":[29],"tags":[],"class_list":["post-7974","post","type-post","status-publish","format-standard","has-post-thumbnail","hentry","category-clima"],"jetpack_featured_media_url":"https:\/\/comunicartesanluis.com\/v1\/wp-content\/uploads\/2023\/03\/lluvias-1.jpg","jetpack_sharing_enabled":true,"_links":{"self":[{"href":"https:\/\/comunicartesanluis.com\/index.php\/wp-json\/wp\/v2\/posts\/7974","targetHints":{"allow":["GET"]}}],"collection":[{"href":"https:\/\/comunicartesanluis.com\/index.php\/wp-json\/wp\/v2\/posts"}],"about":[{"href":"https:\/\/comunicartesanluis.com\/index.php\/wp-json\/wp\/v2\/types\/post"}],"author":[{"embeddable":true,"href":"https:\/\/comunicartesanluis.com\/index.php\/wp-json\/wp\/v2\/users\/5"}],"replies":[{"embeddable":true,"href":"https:\/\/comunicartesanluis.com\/index.php\/wp-json\/wp\/v2\/comments?post=7974"}],"version-history":[{"count":3,"href":"https:\/\/comunicartesanluis.com\/index.php\/wp-json\/wp\/v2\/posts\/7974\/revisions"}],"predecessor-version":[{"id":7978,"href":"https:\/\/comunicartesanluis.com\/index.php\/wp-json\/wp\/v2\/posts\/7974\/revisions\/7978"}],"wp:featuredmedia":[{"embeddable":true,"href":"https:\/\/comunicartesanluis.com\/index.php\/wp-json\/wp\/v2\/media\/7975"}],"wp:attachment":[{"href":"https:\/\/comunicartesanluis.com\/index.php\/wp-json\/wp\/v2\/media?parent=7974"}],"wp:term":[{"taxonomy":"category","embeddable":true,"href":"https:\/\/comunicartesanluis.com\/index.php\/wp-json\/wp\/v2\/categories?post=7974"},{"taxonomy":"post_tag","embeddable":true,"href":"https:\/\/comunicartesanluis.com\/index.php\/wp-json\/wp\/v2\/tags?post=7974"}],"curies":[{"name":"wp","href":"https:\/\/api.w.org\/{rel}","templated":true}]}}