{"id":7981,"date":"2023-03-31T13:36:03","date_gmt":"2023-03-31T16:36:03","guid":{"rendered":"https:\/\/comunicartesanluis.com\/?p=7981"},"modified":"2023-03-31T13:36:03","modified_gmt":"2023-03-31T16:36:03","slug":"leandro-alem-sera-anfitrion-de-la-3ra-fecha-del-campeonato-provincial-de-orientacion","status":"publish","type":"post","link":"https:\/\/comunicartesanluis.com\/index.php\/2023\/03\/31\/leandro-alem-sera-anfitrion-de-la-3ra-fecha-del-campeonato-provincial-de-orientacion\/","title":{"rendered":"Leandro Alem ser\u00e1 anfitri\u00f3n de la 3ra fecha del Campeonato Provincial de Orientaci\u00f3n"},"content":{"rendered":"<div dir=\"auto\">Debido a la postergaci\u00f3n de un evento deportivo en Merlo, la Fecha 3 del Camp. Prov. de Orientaci\u00f3n se llevar\u00e1 a cabo en la localidad de Leandro N. Alem (<a class=\"x1i10hfl xjbqb8w x6umtig x1b1mbwd xaqea5y xav7gou x9f619 x1ypdohk xt0psk2 xe8uvvx xdj266r x11i5rnm xat24cr x1mh8g0r xexx8yu x4uap5 x18d9i69 xkhd6sd x16tdsg8 x1hl2dhg xggy1nq x1a2a7pz xt0b8zv x1fey0fg\" tabindex=\"0\" role=\"link\" href=\"https:\/\/visitarsanluis.com\/localidad\/leandro-n-alem\" target=\"_blank\" rel=\"nofollow noopener\">https:\/\/visitarsanluis.com\/localidad\/leandro-n-alem<\/a>), como estaba planificada el pr\u00f3ximo Domingo 16 de Abril.<\/div>\n<div dir=\"auto\"><\/div>\n<div dir=\"auto\">Toda la info disponible en: <a class=\"x1i10hfl xjbqb8w x6umtig x1b1mbwd xaqea5y xav7gou x9f619 x1ypdohk xt0psk2 xe8uvvx xdj266r x11i5rnm xat24cr x1mh8g0r xexx8yu x4uap5 x18d9i69 xkhd6sd x16tdsg8 x1hl2dhg xggy1nq x1a2a7pz xt0b8zv x1fey0fg\" tabindex=\"0\" role=\"link\" href=\"https:\/\/linktr.ee\/transsierras\" target=\"_blank\" rel=\"nofollow noopener\">https:\/\/linktr.ee\/transsierras<\/a><\/div>\n<div dir=\"auto\"><\/div>\n<div dir=\"auto\">Competencias v\u00e1lidas para el Ranking Nacional de Orientaci\u00f3n 2023<\/div>\n<div dir=\"auto\"><\/div>\n<div dir=\"auto\">Clasificatorio Provincial para adultos mayores para los juegos Evita 2023<\/div>\n<div dir=\"auto\"><\/div>\n<div dir=\"auto\">Sprint, O-Pie y MTB-O para que compitas, aprendas y conozcas una hermosa y pintoresca localidad de la provincia de San Luis.<\/div>\n<div dir=\"auto\"><\/div>\n<div dir=\"auto\">Organiza: Oscar Funes y Juan Carlos Romero<\/div>\n<div dir=\"auto\"><\/div>\n<div dir=\"auto\">Auspicia: Municipalidad de Leandro N. Alem<\/div>\n<p>Info: Orientatlon Argentina<\/p>\n","protected":false},"excerpt":{"rendered":"<p>Debido a la postergaci\u00f3n de un evento deportivo en Merlo, la Fecha 3 del Camp. Prov. de Orientaci\u00f3n se llevar\u00e1 a cabo en la localidad de Leandro N. Alem, como estaba planificada el pr\u00f3ximo Domingo 16 de Abril.<\/p>\n","protected":false},"author":3,"featured_media":7982,"comment_status":"open","ping_status":"open","sticky":false,"template":"","format":"standard","meta":{"_jetpack_memberships_contains_paid_content":false,"footnotes":""},"categories":[15,16],"tags":[],"class_list":["post-7981","post","type-post","status-publish","format-standard","has-post-thumbnail","hentry","category-deporte","category-local"],"jetpack_featured_media_url":"https:\/\/comunicartesanluis.com\/v1\/wp-content\/uploads\/2023\/03\/san.jpg","jetpack_sharing_enabled":true,"_links":{"self":[{"href":"https:\/\/comunicartesanluis.com\/index.php\/wp-json\/wp\/v2\/posts\/7981","targetHints":{"allow":["GET"]}}],"collection":[{"href":"https:\/\/comunicartesanluis.com\/index.php\/wp-json\/wp\/v2\/posts"}],"about":[{"href":"https:\/\/comunicartesanluis.com\/index.php\/wp-json\/wp\/v2\/types\/post"}],"author":[{"embeddable":true,"href":"https:\/\/comunicartesanluis.com\/index.php\/wp-json\/wp\/v2\/users\/3"}],"replies":[{"embeddable":true,"href":"https:\/\/comunicartesanluis.com\/index.php\/wp-json\/wp\/v2\/comments?post=7981"}],"version-history":[{"count":1,"href":"https:\/\/comunicartesanluis.com\/index.php\/wp-json\/wp\/v2\/posts\/7981\/revisions"}],"predecessor-version":[{"id":7983,"href":"https:\/\/comunicartesanluis.com\/index.php\/wp-json\/wp\/v2\/posts\/7981\/revisions\/7983"}],"wp:featuredmedia":[{"embeddable":true,"href":"https:\/\/comunicartesanluis.com\/index.php\/wp-json\/wp\/v2\/media\/7982"}],"wp:attachment":[{"href":"https:\/\/comunicartesanluis.com\/index.php\/wp-json\/wp\/v2\/media?parent=7981"}],"wp:term":[{"taxonomy":"category","embeddable":true,"href":"https:\/\/comunicartesanluis.com\/index.php\/wp-json\/wp\/v2\/categories?post=7981"},{"taxonomy":"post_tag","embeddable":true,"href":"https:\/\/comunicartesanluis.com\/index.php\/wp-json\/wp\/v2\/tags?post=7981"}],"curies":[{"name":"wp","href":"https:\/\/api.w.org\/{rel}","templated":true}]}}