{"id":8153,"date":"2023-04-10T11:39:05","date_gmt":"2023-04-10T14:39:05","guid":{"rendered":"https:\/\/comunicartesanluis.com\/?p=8153"},"modified":"2023-04-10T11:39:05","modified_gmt":"2023-04-10T14:39:05","slug":"jorge-almiron-asume-en-boca-comienza-su-desafio-al-frente-del-xeneize","status":"publish","type":"post","link":"https:\/\/comunicartesanluis.com\/index.php\/2023\/04\/10\/jorge-almiron-asume-en-boca-comienza-su-desafio-al-frente-del-xeneize\/","title":{"rendered":"Jorge Almir\u00f3n asume en Boca: Comienza su desaf\u00edo al frente del Xeneize"},"content":{"rendered":"<p>El arribo de Jorge Almir\u00f3n a Boca Juniors ha generado una gran expectaci\u00f3n entre los fan\u00e1ticos del club de la Ribera. El reconocido entrenador, quien fue confirmado como nuevo director t\u00e9cnico del Xeneize en las \u00faltimas horas, no perdi\u00f3 tiempo y de inmediato se puso al frente del plantel en su primera pr\u00e1ctica en el predio de Ezeiza.<\/p>\n<p>Con la urgencia de revertir la dif\u00edcil situaci\u00f3n que atraviesa el equipo, Almir\u00f3n se present\u00f3 temprano en el predio para reunirse con los jugadores y comenzar a impartir sus primeras indicaciones. Acompa\u00f1ado por sus colaboradores Maximiliano Vel\u00e1squez y Pablo Manusovich como ayudantes, y con Pablo Santella como preparador f\u00edsico y Jorge Gayoso como entrenador de arquero, Almir\u00f3n mantuvo una charla inicial con el plantel antes de iniciar los trabajos de campo.<\/p>\n<p>El debut de Almir\u00f3n al frente de Boca no ser\u00e1 tarea f\u00e1cil, ya que en tan solo 48 horas, el equipo deber\u00e1 enfrentar a San Lorenzo en condici\u00f3n de visitante en un cl\u00e1sico del f\u00fatbol argentino. Sin embargo, el nuevo DT se mostr\u00f3 sereno y enfocado en su primera pr\u00e1ctica, observando atentamente a sus jugadores y buscando soluciones para los problemas que aquejan al equipo.<\/p>\n<p>La reciente derrota de Boca ante Col\u00f3n en la Bombonera profundiz\u00f3 la crisis futbol\u00edstica que atraviesa el club, lo que gener\u00f3 el repudio de los hinchas con silbidos desde las gradas. Almir\u00f3n presenci\u00f3 esta situaci\u00f3n desde el palco, acompa\u00f1ado por sus colaboradores y analizando de cerca el desempe\u00f1o del equipo en busca de las mejores estrategias para salir adelante.<\/p>\n<p>Con la llegada de Almir\u00f3n, los hinchas de Boca esperan una nueva era de \u00e9xitos y un cambio de rumbo en el rendimiento del equipo. El experimentado entrenador cuenta con un amplio bagaje en el f\u00fatbol argentino y una destacada trayectoria en otros clubes de Sudam\u00e9rica, lo que genera altas expectativas en su rol al frente del Xeneize.<\/p>\n<p>El tiempo apremia para Almir\u00f3n y su cuerpo t\u00e9cnico, pero el compromiso y la dedicaci\u00f3n son evidentes en su primera pr\u00e1ctica al frente de Boca. La afici\u00f3n xeneize espera ansiosa su debut en el banquillo en el cl\u00e1sico ante San Lorenzo, con la esperanza de que sea el inicio de una nueva etapa exitosa para el club de la Ribera.<\/p>\n","protected":false},"excerpt":{"rendered":"<p>El nuevo entrenador de Boca, Jorge Almir\u00f3n, dirige su primera pr\u00e1ctica en el predio de Ezeiza en preparaci\u00f3n para su debut ante San Lorenzo, buscando revertir la crisis del equipo.<\/p>\n","protected":false},"author":3,"featured_media":8154,"comment_status":"open","ping_status":"open","sticky":false,"template":"","format":"standard","meta":{"_jetpack_memberships_contains_paid_content":false,"footnotes":""},"categories":[8,15,17],"tags":[669],"class_list":["post-8153","post","type-post","status-publish","format-standard","has-post-thumbnail","hentry","category-actualidad","category-deporte","category-nacional","tag-almironenboca-nuevodtboca-debutalmiron-xeneizeenaccion-desafioalmiron"],"jetpack_featured_media_url":"https:\/\/comunicartesanluis.com\/v1\/wp-content\/uploads\/2023\/04\/GettyImages-1251256110.jpg","jetpack_sharing_enabled":true,"_links":{"self":[{"href":"https:\/\/comunicartesanluis.com\/index.php\/wp-json\/wp\/v2\/posts\/8153","targetHints":{"allow":["GET"]}}],"collection":[{"href":"https:\/\/comunicartesanluis.com\/index.php\/wp-json\/wp\/v2\/posts"}],"about":[{"href":"https:\/\/comunicartesanluis.com\/index.php\/wp-json\/wp\/v2\/types\/post"}],"author":[{"embeddable":true,"href":"https:\/\/comunicartesanluis.com\/index.php\/wp-json\/wp\/v2\/users\/3"}],"replies":[{"embeddable":true,"href":"https:\/\/comunicartesanluis.com\/index.php\/wp-json\/wp\/v2\/comments?post=8153"}],"version-history":[{"count":1,"href":"https:\/\/comunicartesanluis.com\/index.php\/wp-json\/wp\/v2\/posts\/8153\/revisions"}],"predecessor-version":[{"id":8155,"href":"https:\/\/comunicartesanluis.com\/index.php\/wp-json\/wp\/v2\/posts\/8153\/revisions\/8155"}],"wp:featuredmedia":[{"embeddable":true,"href":"https:\/\/comunicartesanluis.com\/index.php\/wp-json\/wp\/v2\/media\/8154"}],"wp:attachment":[{"href":"https:\/\/comunicartesanluis.com\/index.php\/wp-json\/wp\/v2\/media?parent=8153"}],"wp:term":[{"taxonomy":"category","embeddable":true,"href":"https:\/\/comunicartesanluis.com\/index.php\/wp-json\/wp\/v2\/categories?post=8153"},{"taxonomy":"post_tag","embeddable":true,"href":"https:\/\/comunicartesanluis.com\/index.php\/wp-json\/wp\/v2\/tags?post=8153"}],"curies":[{"name":"wp","href":"https:\/\/api.w.org\/{rel}","templated":true}]}}