{"id":8179,"date":"2023-04-11T15:09:01","date_gmt":"2023-04-11T18:09:01","guid":{"rendered":"https:\/\/comunicartesanluis.com\/?p=8179"},"modified":"2023-04-11T15:09:01","modified_gmt":"2023-04-11T18:09:01","slug":"un-sanjuanino-que-representa-a-san-luis","status":"publish","type":"post","link":"https:\/\/comunicartesanluis.com\/index.php\/2023\/04\/11\/un-sanjuanino-que-representa-a-san-luis\/","title":{"rendered":"Un sanjuanino que representa a San Luis"},"content":{"rendered":"<p>Gast\u00f3n es originario de San Juan, pero este a\u00f1o se mud\u00f3 a San Luis para estudiar kinesiolog\u00eda en la Universidad Nacional de San Luis<\/p>\n<p>A pesar de los desaf\u00edos econ\u00f3micos que enfrenta debido a la mudanza y a sus estudios universitarios,\u00a0 Cuello est\u00e1 decidido a continuar con su pasi\u00f3n por el patinaje art\u00edstico<\/p>\n<p>En San Luis, forma parte del \u00abC\u00edrculo Sanluise\u00f1o de Patinaje Art\u00edstico\u00bb y representar\u00e1 a San Luis en el Campeonato Argentino siendo un orgullo y un desaf\u00edo\u00a0 para \u00e9l. Debido a la mudanza y los gastos diarios, est\u00e1 buscando patrocinadores y ayuda econ\u00f3mica para cubrir los costos de la competencia.<\/p>\n<p>Gast\u00f3n describe esta etapa de su vida como una de las alegr\u00edas m\u00e1s inmensas, ya que ha crecido tanto en el patinaje art\u00edstico y ha logrado superarse en diferentes \u00e1mbitos, a pesar de los cambios y desaf\u00edos que ha enfrentado, como mudarse de provincia y dedicarse tambi\u00e9n a su carrera universitaria de kinesiolog\u00eda. El patinador espera seguir creciendo y disfrutando cada etapa de su vida, poder representar a San Luis en el Campeonato Argentino Copa Nacional B de Patinaje Art\u00edstico en Mendoza, San Mart\u00edn, y cumplir con este desaf\u00edo que se ha propuesto.<\/p>\n","protected":false},"excerpt":{"rendered":"<p>Gast\u00f3n Cuello es un competidor de 18 a\u00f1os que participa en la categor\u00eda B primera Junior en el Campeonato Argentino Copa Nacional B de Patinaje Art\u00edstico, que se llevar\u00e1 a cabo del 23 de abril al 1 de mayo en el estadio Torito Rodr\u00edguez en San Mart\u00edn, Mendoza<\/p>\n","protected":false},"author":3,"featured_media":8180,"comment_status":"open","ping_status":"open","sticky":false,"template":"","format":"standard","meta":{"_jetpack_memberships_contains_paid_content":false,"footnotes":""},"categories":[15,16,17],"tags":[673],"class_list":["post-8179","post","type-post","status-publish","format-standard","has-post-thumbnail","hentry","category-deporte","category-local","category-nacional","tag-gastoncuello-patinajeartistico-campeonatoargentino-copanacionalb-sanluispatinaje"],"jetpack_featured_media_url":"https:\/\/comunicartesanluis.com\/v1\/wp-content\/uploads\/2023\/04\/WhatsApp-Image-2023-04-11-at-14.02.54-e1681236266862.jpeg","jetpack_sharing_enabled":true,"_links":{"self":[{"href":"https:\/\/comunicartesanluis.com\/index.php\/wp-json\/wp\/v2\/posts\/8179","targetHints":{"allow":["GET"]}}],"collection":[{"href":"https:\/\/comunicartesanluis.com\/index.php\/wp-json\/wp\/v2\/posts"}],"about":[{"href":"https:\/\/comunicartesanluis.com\/index.php\/wp-json\/wp\/v2\/types\/post"}],"author":[{"embeddable":true,"href":"https:\/\/comunicartesanluis.com\/index.php\/wp-json\/wp\/v2\/users\/3"}],"replies":[{"embeddable":true,"href":"https:\/\/comunicartesanluis.com\/index.php\/wp-json\/wp\/v2\/comments?post=8179"}],"version-history":[{"count":1,"href":"https:\/\/comunicartesanluis.com\/index.php\/wp-json\/wp\/v2\/posts\/8179\/revisions"}],"predecessor-version":[{"id":8181,"href":"https:\/\/comunicartesanluis.com\/index.php\/wp-json\/wp\/v2\/posts\/8179\/revisions\/8181"}],"wp:featuredmedia":[{"embeddable":true,"href":"https:\/\/comunicartesanluis.com\/index.php\/wp-json\/wp\/v2\/media\/8180"}],"wp:attachment":[{"href":"https:\/\/comunicartesanluis.com\/index.php\/wp-json\/wp\/v2\/media?parent=8179"}],"wp:term":[{"taxonomy":"category","embeddable":true,"href":"https:\/\/comunicartesanluis.com\/index.php\/wp-json\/wp\/v2\/categories?post=8179"},{"taxonomy":"post_tag","embeddable":true,"href":"https:\/\/comunicartesanluis.com\/index.php\/wp-json\/wp\/v2\/tags?post=8179"}],"curies":[{"name":"wp","href":"https:\/\/api.w.org\/{rel}","templated":true}]}}