{"id":8320,"date":"2023-04-16T11:58:09","date_gmt":"2023-04-16T14:58:09","guid":{"rendered":"https:\/\/comunicartesanluis.com\/?p=8320"},"modified":"2023-04-16T11:58:09","modified_gmt":"2023-04-16T14:58:09","slug":"el-mensaje-de-almiron-para-los-jugadores-de-boca-es-momento-de-demostrar-si-estan-capacitados","status":"publish","type":"post","link":"https:\/\/comunicartesanluis.com\/index.php\/2023\/04\/16\/el-mensaje-de-almiron-para-los-jugadores-de-boca-es-momento-de-demostrar-si-estan-capacitados\/","title":{"rendered":"El mensaje de Almir\u00f3n para los jugadores de Boca: \u00abEs momento de demostrar si est\u00e1n capacitados\u00bb"},"content":{"rendered":"<p><span>Tras la ca\u00edda en el cl\u00e1sico contra San Lorenzo y la derrota en casa frente a Estudiantes, Almir\u00f3n hizo un llamado a los jugadores para demostrar si est\u00e1n capacitados para jugar en Boca.<\/span><\/p>\n<p><span>En conferencia de prensa, Almir\u00f3n resalt\u00f3 la carga emocional de las derrotas y la falta de cambio de ritmo en el juego del equipo. \u00abTenemos mucha la pelota pero nos cuesta ser profundos, el rival te lo propone, te espera&#8230; Ten\u00e9s que, m\u00e1s all\u00e1 de girar la pelota, cambiar de ritmo, ser din\u00e1micos. Hay que trabajarlo, llevamos cuatro entrenamientos y dos partidos. Pienso en recuperar jugadores y el martes es un momento importante\u201d, expres\u00f3 el DT.<\/span><\/p>\n<p><span>Almir\u00f3n tambi\u00e9n hizo referencia a dos jugadores en particular, el colombiano Sebasti\u00e1n Villa y Pol Fern\u00e1ndez. Sobre Villa, Almir\u00f3n reconoci\u00f3 su talento pero destac\u00f3 la necesidad de generarle variantes en el juego del equipo. \u00abDependimos mucho de \u00e9l, se pas\u00f3 a dos jugadores y tir\u00f3 centros, pero como equipo debemos generarle variantes\u00bb, dijo. En cuanto a Pol Fern\u00e1ndez, Almir\u00f3n lo describi\u00f3 como un jugador inteligente pero no como aquel que pueda ganar un partido con una gambeta individual. \u00abEl trabajo en equipo potencia a las individualidades, depende del funcionamiento\u00bb, agreg\u00f3.<\/span><\/p>\n<p><span>El entrenador tambi\u00e9n hizo destacar en la entrega y el compromiso que espera de sus jugadores en momentos dif\u00edciles, pero hizo una clara distinci\u00f3n entre hacerse cargo de jugar y recurrir a la violencia en el campo de juego. \u00abEs dif\u00edcil hablar de la entrega. En los momentos dif\u00edciles uno identifica qui\u00e9n se hace cargo de jugar. Hablo de jugar, no de pegar una patada. Hay que intentar jugar, no veo pegar una patada como un acto de entrega ni compromiso\u00bb, sostuvo Almir\u00f3n.<\/span><\/p>\n<p><span>Con pocas pr\u00e1cticas y un inicio poco auspicioso, el t\u00e9cnico de Boca Juniors tiene claro que deber\u00e1 trabajar arduamente para cambiar la situaci\u00f3n del equipo. El pr\u00f3ximo desaf\u00edo ser\u00e1 en la Copa Libertadores frente al Deportivo Pereira, donde Boca buscar\u00e1 recuperarse y volver a la senda de la victoria. Los jugadores deber\u00e1n demostrar si est\u00e1n capacitados para vestir la camiseta del Xeneize y revertir la racha negativa en la que se encuentran. La presi\u00f3n est\u00e1 sobre ellos, y Almir\u00f3n espera que puedan responder al desaf\u00edo y recuperar el nivel que se espera de un equipo como Boca Juniors.<\/span><\/p>\n","protected":false},"excerpt":{"rendered":"<p>El t\u00e9cnico de Boca Juniors, Jorge Almir\u00f3n, se mostr\u00f3 preocupado luego de su debut con dos derrotas consecutivas en el cargo.<\/p>\n","protected":false},"author":3,"featured_media":8321,"comment_status":"open","ping_status":"open","sticky":false,"template":"","format":"standard","meta":{"_jetpack_memberships_contains_paid_content":false,"footnotes":""},"categories":[8,15,17],"tags":[],"class_list":["post-8320","post","type-post","status-publish","format-standard","has-post-thumbnail","hentry","category-actualidad","category-deporte","category-nacional"],"jetpack_featured_media_url":"https:\/\/comunicartesanluis.com\/v1\/wp-content\/uploads\/2023\/04\/BSUJqO72b_1290x760__1.webp","jetpack_sharing_enabled":true,"_links":{"self":[{"href":"https:\/\/comunicartesanluis.com\/index.php\/wp-json\/wp\/v2\/posts\/8320","targetHints":{"allow":["GET"]}}],"collection":[{"href":"https:\/\/comunicartesanluis.com\/index.php\/wp-json\/wp\/v2\/posts"}],"about":[{"href":"https:\/\/comunicartesanluis.com\/index.php\/wp-json\/wp\/v2\/types\/post"}],"author":[{"embeddable":true,"href":"https:\/\/comunicartesanluis.com\/index.php\/wp-json\/wp\/v2\/users\/3"}],"replies":[{"embeddable":true,"href":"https:\/\/comunicartesanluis.com\/index.php\/wp-json\/wp\/v2\/comments?post=8320"}],"version-history":[{"count":1,"href":"https:\/\/comunicartesanluis.com\/index.php\/wp-json\/wp\/v2\/posts\/8320\/revisions"}],"predecessor-version":[{"id":8322,"href":"https:\/\/comunicartesanluis.com\/index.php\/wp-json\/wp\/v2\/posts\/8320\/revisions\/8322"}],"wp:featuredmedia":[{"embeddable":true,"href":"https:\/\/comunicartesanluis.com\/index.php\/wp-json\/wp\/v2\/media\/8321"}],"wp:attachment":[{"href":"https:\/\/comunicartesanluis.com\/index.php\/wp-json\/wp\/v2\/media?parent=8320"}],"wp:term":[{"taxonomy":"category","embeddable":true,"href":"https:\/\/comunicartesanluis.com\/index.php\/wp-json\/wp\/v2\/categories?post=8320"},{"taxonomy":"post_tag","embeddable":true,"href":"https:\/\/comunicartesanluis.com\/index.php\/wp-json\/wp\/v2\/tags?post=8320"}],"curies":[{"name":"wp","href":"https:\/\/api.w.org\/{rel}","templated":true}]}}